{"id":542317,"date":"2025-11-18T10:57:14","date_gmt":"2025-11-18T10:57:14","guid":{"rendered":"https:\/\/www.europesays.com\/fr\/542317\/"},"modified":"2025-11-18T10:57:14","modified_gmt":"2025-11-18T10:57:14","slug":"la-france-et-lallemagne-pourraient-abandonner-leur-projet-davion-de-chasse-du-futur-au-profit-dun-cloud-de-combat","status":"publish","type":"post","link":"https:\/\/www.europesays.com\/fr\/542317\/","title":{"rendered":"La France et l&rsquo;Allemagne pourraient abandonner leur projet d\u2019avion de chasse du futur au profit d&rsquo;un \u00ab\u00a0cloud de combat\u00a0\u00bb"},"content":{"rendered":"<p>                                            Monde\n                                                                            <\/p>\n<p>\n                                            La France et l&rsquo;Allemagne discutent de l&rsquo;abandon potentiel du d\u00e9veloppement commun d&rsquo;un avion de chasse de nouvelle g\u00e9n\u00e9ration, le Scaf, alors que les deux pays ne trouvent pas d&rsquo;accord sur les industriels envisag\u00e9s pour le projet. Ils pourraient se focaliser plut\u00f4t sur un \u00ab\u00a0cloud militaire\u00a0\u00bb europ\u00e9en.                                        <\/p>\n<p>                                                Publi\u00e9 le 18 novembre 2025 \u00e0 11h43                                                                                            <\/p>\n<p>                                            <img loading=\"lazy\" width=\"1024\" height=\"683\" src=\"https:\/\/www.europesays.com\/fr\/wp-content\/uploads\/2025\/11\/SIPA_01117485_000016-1-1.jpg\" class=\"attachment-post-thumbnail size-post-thumbnail wp-post-image\" alt=\"Les querelles intestines ont d\u00e9j\u00e0 retard\u00e9 le projet Scaf. \u00a9 Photo d'illustration NICOLAS MESSYASZ\/SIPA\" decoding=\"async\"  \/><\/p>\n<p>                                            Les querelles intestines ont d\u00e9j\u00e0 retard\u00e9 le projet Scaf. \u00a9 Photo d&rsquo;illustration NICOLAS MESSYASZ\/SIPA<\/p>\n<p>Le projet Scaf (Syst\u00e8me de combat a\u00e9rien du futur), destin\u00e9 \u00e0 remplacer d\u2019ici 2040 les chasseurs Rafale fran\u00e7ais et les Eurofighter allemands et espagnols par un avion de chasse de sixi\u00e8me g\u00e9n\u00e9ration, est au ralenti, frein\u00e9 par des d\u00e9saccords sur la conception de l\u2019appareil et les industriels \u00e0 joindre au projet, <a href=\"https:\/\/www.opex360.com\/2025\/11\/17\/paris-et-berlin-etudient-labandon-de-leur-projet-davion-de-chasse-pour-donner-la-priorite-a-un-cloud-de-combat\/\" target=\"_blank\" rel=\"nofollow noopener\">explique le site Zone militaire<\/a>. \u00c0 la place, ces pays pourraient se focaliser sur la cr\u00e9ation d\u2019un \u00ab\u00a0cloud militaire\u00a0\u00bb europ\u00e9en.<\/p>\n<p><a href=\"https:\/\/www.valeursactuelles.com\/societe\/sils-ne-sont-pas-contents-ils-sont-libres-de-quitter-le-scaf-lallemand-airbus-menace-dassault-et-laccuse-de-saboter-lefficacite-du-projet\" class=\"h-flex h-align-items-center h-border-tb h-ptb-15\" target=\"_blank\" rel=\"noopener\">A\u00a0LIRE\u00a0\u00ab S\u2019ils ne sont pas contents, ils sont libres de quitter le SCAF \u00bb : l\u2019Allemand Airbus menace Dassault et l\u2019accuse de saboter \u00ab l\u2019efficacit\u00e9 du projet \u00bb<\/a><\/p>\n<p>Dassault Aviation voudrait avoir les moyens de tenir le r\u00f4le de ma\u00eetre d\u2019\u0153uvre du principal pilier du projet. <a href=\"https:\/\/www.valeursactuelles.com\/societe\/sils-ne-sont-pas-contents-ils-sont-libres-de-quitter-le-scaf-lallemand-airbus-menace-dassault-et-laccuse-de-saboter-lefficacite-du-projet\" target=\"_blank\" rel=\"noopener\">Ce que lui refuse Airbus<\/a>, repr\u00e9sent\u00e9 par ses filiales allemande et espagnole. Face \u00e0 ces divergences, la collaboration pourrait se limiter au \u00ab\u00a0cloud de combat\u00a0\u00bb commun.<\/p>\n<p>L\u2019id\u00e9e de ce cloud faisait d\u00e9j\u00e0 partie du Scaf. Il doit permettre de relier les avions de chasse et leurs pilotes aux capteurs, radars et drones, ainsi qu\u2019aux syst\u00e8mes de commandement terrestres et maritimes.<\/p>\n<p>Les querelles ont d\u00e9j\u00e0 largement retard\u00e9 le projet<a href=\"https:\/\/www.valeursactuelles.com\/clubvaleurs\/monde\/guerre-industrielle-imperialisme-allemand-fronde-de-dassault-le-scaf-le-reve-brise-dun-avion-de-chasse-europeen\" class=\"h-flex h-align-items-center h-border-tb h-ptb-15\" target=\"_blank\" rel=\"noopener\">A\u00a0LIRE\u00a0Guerre industrielle, imp\u00e9rialisme allemand, fronde de Dassault\u2026 le SCAF, r\u00eave bris\u00e9 d\u2019un avion de chasse europ\u00e9en<\/a><\/p>\n<p>Lundi 17 novembre, la question devait justement \u00eatre abord\u00e9e entre les ministres des Arm\u00e9es des pays parties prenantes du projet. Et le lendemain, indique BFMTV, le chancelier allemand Friedrich Merz devait rencontrer Emmanuel Macron.<\/p>\n<p>Les querelles ont d\u00e9j\u00e0 largement retard\u00e9 le projet Scaf, estim\u00e9 \u00e0 plus de 100 milliards d\u2019euros. L\u2019Allemagne pourrait de son c\u00f4t\u00e9 pr\u00e9f\u00e9rer concevoir un nouvel avion de chasse sans la France. D\u2019ici la fin de l\u2019ann\u00e9e, une d\u00e9cision doit \u00eatre prise quant \u00e0 <a href=\"https:\/\/www.valeursactuelles.com\/clubvaleurs\/monde\/entretien-tensions-entre-paris-et-berlin-les-allemands-ne-jurent-que-par-la-protection-americaine\" target=\"_blank\" rel=\"noopener\">la suite donn\u00e9e \u00e0 cette ambition commune<\/a>.<\/p>\n","protected":false},"excerpt":{"rendered":"Monde La France et l&rsquo;Allemagne discutent de l&rsquo;abandon potentiel du d\u00e9veloppement commun d&rsquo;un avion de chasse de nouvelle&hellip;\n","protected":false},"author":2,"featured_media":542318,"comment_status":"","ping_status":"","sticky":false,"template":"","format":"standard","meta":{"footnotes":""},"categories":[1587],"tags":[11,672,25702,1804,8654,1805,1803,123,1777,674,1801,12,1802,29284],"class_list":{"0":"post-542317","1":"post","2":"type-post","3":"status-publish","4":"format-standard","5":"has-post-thumbnail","7":"category-allemagne","8":"tag-actualites","9":"tag-allemagne","10":"tag-armee-de-lair","11":"tag-bundesrepublik-deutschland","12":"tag-couple-franco-allemand","13":"tag-de","14":"tag-deutschland","15":"tag-espagne","16":"tag-eu","17":"tag-europe","18":"tag-germany","19":"tag-news","20":"tag-republique-federale-dallemagne","21":"tag-scaf"},"share_on_mastodon":{"url":"https:\/\/pubeurope.com\/@fr\/115570347079793269","error":""},"_links":{"self":[{"href":"https:\/\/www.europesays.com\/fr\/wp-json\/wp\/v2\/posts\/542317","targetHints":{"allow":["GET"]}}],"collection":[{"href":"https:\/\/www.europesays.com\/fr\/wp-json\/wp\/v2\/posts"}],"about":[{"href":"https:\/\/www.europesays.com\/fr\/wp-json\/wp\/v2\/types\/post"}],"author":[{"embeddable":true,"href":"https:\/\/www.europesays.com\/fr\/wp-json\/wp\/v2\/users\/2"}],"replies":[{"embeddable":true,"href":"https:\/\/www.europesays.com\/fr\/wp-json\/wp\/v2\/comments?post=542317"}],"version-history":[{"count":0,"href":"https:\/\/www.europesays.com\/fr\/wp-json\/wp\/v2\/posts\/542317\/revisions"}],"wp:featuredmedia":[{"embeddable":true,"href":"https:\/\/www.europesays.com\/fr\/wp-json\/wp\/v2\/media\/542318"}],"wp:attachment":[{"href":"https:\/\/www.europesays.com\/fr\/wp-json\/wp\/v2\/media?parent=542317"}],"wp:term":[{"taxonomy":"category","embeddable":true,"href":"https:\/\/www.europesays.com\/fr\/wp-json\/wp\/v2\/categories?post=542317"},{"taxonomy":"post_tag","embeddable":true,"href":"https:\/\/www.europesays.com\/fr\/wp-json\/wp\/v2\/tags?post=542317"}],"curies":[{"name":"wp","href":"https:\/\/api.w.org\/{rel}","templated":true}]}}