{"id":542325,"date":"2025-11-18T11:06:14","date_gmt":"2025-11-18T11:06:14","guid":{"rendered":"https:\/\/www.europesays.com\/fr\/542325\/"},"modified":"2025-11-18T11:06:14","modified_gmt":"2025-11-18T11:06:14","slug":"la-droite-et-le-centre-ne-voteront-pas-en-faveur-du-volet-recettes","status":"publish","type":"post","link":"https:\/\/www.europesays.com\/fr\/542325\/","title":{"rendered":"La droite et le centre ne voteront pas en faveur du volet recettes"},"content":{"rendered":"<p>Enterr\u00e9 avant de na\u00eetre. Le volet recettes du projet de <a href=\"https:\/\/www.20minutes.fr\/economie\/budget\/\" class=\"c-link c-link--is-underlined\" target=\"_blank\" rel=\"noopener\">budget de l\u2019Etat<\/a> pour\u00a02026, actuellement en examen dans l\u2019h\u00e9micycle, pourrait ne pas \u00eatre vot\u00e9 par les d\u00e9put\u00e9s du <a href=\"https:\/\/www.20minutes.fr\/politique\/lr\/\" class=\"c-link c-link--is-underlined\" target=\"_blank\" rel=\"noopener\">centre et de la droite<\/a> s\u2019il venait \u00e0 \u00eatre soumis au vote, a rapport\u00e9 mardi l\u2019entourage du <a href=\"https:\/\/www.20minutes.fr\/dossier\/premier_ministre\" class=\"c-link c-link--is-underlined\" target=\"_blank\" rel=\"noopener\">Premier ministre<\/a>.<\/p>\n<p>Les groupes du socle commun, de <a href=\"https:\/\/www.20minutes.fr\/politique\/renaissance\/\" class=\"c-link c-link--is-underlined\" target=\"_blank\" rel=\"noopener\">Renaissance<\/a> \u00e0 LR, \u00ab\u00a0se sont accord\u00e9s sur le fait qu\u2019en l\u2019\u00e9tat, ils ne pourraient pas voter pour, en raison de l\u2019insinc\u00e9rit\u00e9 de certaines mesures adopt\u00e9es\u00a0\u00bb, selon cette source, pr\u00e9cisant qu\u2019ils avaient \u00e9t\u00e9 \u00ab\u00a0consult\u00e9s\u00a0\u00bb par S\u00e9bastien Lecornu sur leurs intentions. L\u2019entourage du Premier ministre n\u2019a pas \u00e9t\u00e9 plus pr\u00e9cis sur le sens du vote de ces groupes qui pourraient donc s\u2019abstenir ou voter contre ce volet recettes, qui est en cours d\u2019examen en premi\u00e8re lecture \u00e0 l\u2019Assembl\u00e9e nationale.<\/p>\n<\/p>\n<p>Ces groupes ont n\u00e9anmoins \u00ab\u00a0affirm\u00e9 leur volont\u00e9 de continuer \u00e0 travailler \u00e0 un compromis lors des prochaines \u00e9tapes de la navette parlementaire\u00a0\u00bb. \u00ab\u00a0Le p\u00e9ril qui p\u00e8se sur l\u2019\u00e9conomie fran\u00e7aise, c\u2019est l\u2019absence de budget\u00a0\u00bb, avait pr\u00e9venu lundi <a href=\"https:\/\/www.20minutes.fr\/politique\/sebastien-lecornu\/\" class=\"c-link c-link--is-underlined\" target=\"_blank\" rel=\"noopener\">S\u00e9bastien Lecornu<\/a> devant des patrons, en insistant pour que le gouvernement \u00ab\u00a0affirme encore plus fortement (ses) convictions\u00a0\u00bb, se disant par exemple partisan du pacte Dutreil, qui facilite la transmission d\u2019une <a href=\"https:\/\/www.20minutes.fr\/dossier\/entreprise\" class=\"c-link c-link--is-underlined\" target=\"_blank\" rel=\"noopener\">entreprise familiale<\/a>. Il avait souhait\u00e9 un compromis sur le budget \u00ab\u00a0avant\u00a0\u00bb fin d\u00e9cembre, \u00ab\u00a0parce que s\u2019il n\u2019y a pas de budget, ce sera un mauvais compromis en gestion de crise plus tard\u00a0\u00bb.<\/p>\n<p>Si le budget ne peut \u00eatre vot\u00e9, le chef du gouvernement peut le faire passer par ordonnances, ou bien il peut faire voter une loi sp\u00e9ciale, qui permet de reconduire les cr\u00e9dits de\u00a02025 mais oblige le Parlement \u00e0 d\u00e9battre de nouveau en\u00a02026 d\u2019un budget pour l\u2019ensemble de l\u2019ann\u00e9e. Il a dit pourtant n\u2019avoir \u00ab\u00a0aucun regret\u00a0\u00bb <a href=\"https:\/\/www.20minutes.fr\/politique\/4175721-20250928-budget-2026-rn-met-garde-sebastien-lecornu-contre-adoption-budget-ordonnances\" target=\"_blank\" class=\"c-link c-link--is-underlined\" rel=\"noopener\">d\u2019avoir renonc\u00e9 au 49.3<\/a>, qui a permis de redonner la main au Parlement au risque que les d\u00e9bats s\u2019enlisent, pointant \u00e0 cet \u00e9gard du doigt les oppositions.<\/p>\n","protected":false},"excerpt":{"rendered":"Enterr\u00e9 avant de na\u00eetre. Le volet recettes du projet de budget de l\u2019Etat pour\u00a02026, actuellement en examen dans&hellip;\n","protected":false},"author":2,"featured_media":542326,"comment_status":"","ping_status":"","sticky":false,"template":"","format":"standard","meta":{"footnotes":""},"categories":[2],"tags":[47,11,416,1003,3335,6592,33,590,1011,27,8335,12,1050,32226,316,3363,8417,25,11067],"class_list":{"0":"post-542325","1":"post","2":"type-post","3":"status-publish","4":"format-standard","5":"has-post-thumbnail","7":"category-actualites","8":"tag-actualite","9":"tag-actualites","10":"tag-assemblee-nationale","11":"tag-budget","12":"tag-centre","13":"tag-droite","14":"tag-economie","15":"tag-finance","16":"tag-fr","17":"tag-france","18":"tag-les-republicains-lr","19":"tag-news","20":"tag-parlement","21":"tag-patronat","22":"tag-politique","23":"tag-premier-ministre","24":"tag-renaissance-parti-politique","25":"tag-republique-francaise","26":"tag-sebastien-lecornu"},"share_on_mastodon":{"url":"https:\/\/pubeurope.com\/@fr\/115570382192714241","error":""},"_links":{"self":[{"href":"https:\/\/www.europesays.com\/fr\/wp-json\/wp\/v2\/posts\/542325","targetHints":{"allow":["GET"]}}],"collection":[{"href":"https:\/\/www.europesays.com\/fr\/wp-json\/wp\/v2\/posts"}],"about":[{"href":"https:\/\/www.europesays.com\/fr\/wp-json\/wp\/v2\/types\/post"}],"author":[{"embeddable":true,"href":"https:\/\/www.europesays.com\/fr\/wp-json\/wp\/v2\/users\/2"}],"replies":[{"embeddable":true,"href":"https:\/\/www.europesays.com\/fr\/wp-json\/wp\/v2\/comments?post=542325"}],"version-history":[{"count":0,"href":"https:\/\/www.europesays.com\/fr\/wp-json\/wp\/v2\/posts\/542325\/revisions"}],"wp:featuredmedia":[{"embeddable":true,"href":"https:\/\/www.europesays.com\/fr\/wp-json\/wp\/v2\/media\/542326"}],"wp:attachment":[{"href":"https:\/\/www.europesays.com\/fr\/wp-json\/wp\/v2\/media?parent=542325"}],"wp:term":[{"taxonomy":"category","embeddable":true,"href":"https:\/\/www.europesays.com\/fr\/wp-json\/wp\/v2\/categories?post=542325"},{"taxonomy":"post_tag","embeddable":true,"href":"https:\/\/www.europesays.com\/fr\/wp-json\/wp\/v2\/tags?post=542325"}],"curies":[{"name":"wp","href":"https:\/\/api.w.org\/{rel}","templated":true}]}}