{"id":542327,"date":"2025-11-18T11:07:11","date_gmt":"2025-11-18T11:07:11","guid":{"rendered":"https:\/\/www.europesays.com\/fr\/542327\/"},"modified":"2025-11-18T11:07:11","modified_gmt":"2025-11-18T11:07:11","slug":"les-informations-billetterie-relatives-au-match-de-coupe-de-france-vs-cholet","status":"publish","type":"post","link":"https:\/\/www.europesays.com\/fr\/542327\/","title":{"rendered":"Les informations billetterie relatives au match de Coupe de France vs Cholet"},"content":{"rendered":"<p class=\"text-align-justify chapo\">La SIG Strasbourg disputera un\u00a0match additionnel de Coupe de France\u00a0face \u00e0\u00a0Cholet Basket, le\u00a0mercredi 3 d\u00e9cembre \u00e0 19h00 au Rhenus Sport. Une affiche \u00e0 \u00e9limination directe qui promet une soir\u00e9e intense\u2026 avec plusieurs avantages exclusifs pour nos supporters !<\/p>\n<p><strong>La SIG Strasbourg invite ses abonn\u00e9s au match de Coupe de France !<\/strong><br \/>\n\ud83c\udf81\u00a0Pour remercier ses fid\u00e8les supporters, la SIG\u00a0Strasbourg\u00a0invite tous ses abonn\u00e9s. Entr\u00e9e gratuite, sur pr\u00e9sentation de la carte d\u2019abonnement, placement identique.<\/p>\n<p class=\"text-align-justify\">\u00a0<\/p>\n<p><strong>Grand public : Ouverture des ventes en ligne mardi 18 novembre \u00e0 16h00<\/strong><br \/>\n<strong>\ud83c\udf9f\ufe0f\u00a0Tarifs uniques sp\u00e9ciaux pour le grand public<\/strong><br \/>\nUn\u00a0tarif unique par s\u00e9rie\u00a0est mis en place pour cette rencontre de Coupe de France :<br \/>\nS\u00e9rie 1 : 18 \u20ac<br \/>\nS\u00e9rie 2 : 16 \u20ac<br \/>\nS\u00e9rie 3 : 14 \u20ac<br \/>\nS\u00e9rie 4 : 12 \u20ac<br \/>\nS\u00e9rie 5 : 10 \u20ac<br \/>\nUne structure simple, claire et accessible pour permettre \u00e0 tous de vivre ce match couperet dans la meilleure ambiance possible !<br \/>\n<strong>\u2b50\u00a0Une priorit\u00e9 de pr\u00e9vente pour deux matchs de Gala<\/strong><br \/>\nTous les acheteurs d\u2019un billet pour ce match b\u00e9n\u00e9ficieront d\u2019une priorit\u00e9 d\u2019achat pour le m\u00eame nombre de places\u00a048 h avant l\u2019ouverture des ventes sur les deux rencontres les plus attendues de la saison au Rhenus Sport, pour en profiter,\u00a0garder les num\u00e9ros des code-barres indiqu\u00e9s sur votre\/vos billet(s) de Coupe de France.<\/p>\n<ul type=\"disc\">\n<li>\nSIG Strasbourg \u2013 Paris Basket\n<\/li>\n<li>\nSIG Strasbourg \u2013 Monaco\n<\/li>\n<\/ul>\n<p>Un avantage exclusif pour garantir sa place lors de ces affiches de tr\u00e8s haut niveau.<\/p>\n","protected":false},"excerpt":{"rendered":"La SIG Strasbourg disputera un\u00a0match additionnel de Coupe de France\u00a0face \u00e0\u00a0Cholet Basket, le\u00a0mercredi 3 d\u00e9cembre \u00e0 19h00 au&hellip;\n","protected":false},"author":2,"featured_media":542328,"comment_status":"","ping_status":"","sticky":false,"template":"","format":"standard","meta":{"footnotes":""},"categories":[4],"tags":[11,3146,1011,27,3145,12,25,3144,640],"class_list":{"0":"post-542327","1":"post","2":"type-post","3":"status-publish","4":"format-standard","5":"has-post-thumbnail","7":"category-france","8":"tag-actualites","9":"tag-betclic-elite","10":"tag-fr","11":"tag-france","12":"tag-lnb","13":"tag-news","14":"tag-republique-francaise","15":"tag-sig","16":"tag-strasbourg"},"share_on_mastodon":{"url":"https:\/\/pubeurope.com\/@fr\/115570386131386528","error":""},"_links":{"self":[{"href":"https:\/\/www.europesays.com\/fr\/wp-json\/wp\/v2\/posts\/542327","targetHints":{"allow":["GET"]}}],"collection":[{"href":"https:\/\/www.europesays.com\/fr\/wp-json\/wp\/v2\/posts"}],"about":[{"href":"https:\/\/www.europesays.com\/fr\/wp-json\/wp\/v2\/types\/post"}],"author":[{"embeddable":true,"href":"https:\/\/www.europesays.com\/fr\/wp-json\/wp\/v2\/users\/2"}],"replies":[{"embeddable":true,"href":"https:\/\/www.europesays.com\/fr\/wp-json\/wp\/v2\/comments?post=542327"}],"version-history":[{"count":0,"href":"https:\/\/www.europesays.com\/fr\/wp-json\/wp\/v2\/posts\/542327\/revisions"}],"wp:featuredmedia":[{"embeddable":true,"href":"https:\/\/www.europesays.com\/fr\/wp-json\/wp\/v2\/media\/542328"}],"wp:attachment":[{"href":"https:\/\/www.europesays.com\/fr\/wp-json\/wp\/v2\/media?parent=542327"}],"wp:term":[{"taxonomy":"category","embeddable":true,"href":"https:\/\/www.europesays.com\/fr\/wp-json\/wp\/v2\/categories?post=542327"},{"taxonomy":"post_tag","embeddable":true,"href":"https:\/\/www.europesays.com\/fr\/wp-json\/wp\/v2\/tags?post=542327"}],"curies":[{"name":"wp","href":"https:\/\/api.w.org\/{rel}","templated":true}]}}