{"id":542333,"date":"2025-11-18T11:11:17","date_gmt":"2025-11-18T11:11:17","guid":{"rendered":"https:\/\/www.europesays.com\/fr\/542333\/"},"modified":"2025-11-18T11:11:17","modified_gmt":"2025-11-18T11:11:17","slug":"transferts-top-14-montpellier-sinteresse-au-centre-international-u20-de-vannes-robin-taccola","status":"publish","type":"post","link":"https:\/\/www.europesays.com\/fr\/542333\/","title":{"rendered":"Transferts \/ Top 14 &#8211; Montpellier s&rsquo;int\u00e9resse au centre international U20 de Vannes Robin Taccola"},"content":{"rendered":"<p>\n                Le march\u00e9 des transferts s&rsquo;agite autour de Robin Taccola. En fin de contrat en juin 2026, il suscite l&rsquo;int\u00e9r\u00eat de Montpellier, en qu\u00eate de renforts au poste de trois-quarts centre.\n            <\/p>\n<p>En fin de contrat en juin prochain, Robin Taccola sera assur\u00e9ment l&rsquo;un des principaux animateurs du march\u00e9 des transferts. Le centre international U20 s&rsquo;est impos\u00e9 au plus haut niveau avec Vannes depuis trois saisons, et a r\u00e9alis\u00e9 un exercice plein avec le club breton en Top 14 en 2024-2025 (20 rencontres disput\u00e9es). Redescendu \u00e0 l&rsquo;\u00e9tage inf\u00e9rieur avec le RCV, il a disput\u00e9 cinq matchs, mais un seul comme titulaire au centre de l&rsquo;attaque vannetaise, contre Oyonnax lors de la 7e journ\u00e9e.\u00a0<\/p>\n<p>D&rsquo;apr\u00e8s nos informations, son profil int\u00e9resse les dirigeants de Montpellier. D&rsquo;ailleurs, ce lundi, Taccola \u00e9tait dans les locaux du MHR pour visiter les infrastructures du club. Pour l&rsquo;heure, les contacts sont en cours, m\u00eame s&rsquo;il serait \u00e9tonnant que les Cistes soient les seuls tent\u00e9s par un centre fran\u00e7ais et donc Jiff,\u00a0talentueux, et qui peut jouer au poste de 12 comme de 13. La saison derni\u00e8re, son CV avait d\u00e9j\u00e0 circul\u00e9 dans diff\u00e9rentes \u00e9curies de l&rsquo;\u00e9lite (UBB, Bayonne, Toulon).\u00a0<\/p>\n<p>Trois centres en fin de contrat \u00e0 Montpellier<\/p>\n<p>Il faut dire que Montpellier doit faire face \u00e0 plusieurs joueurs en fin de contrat \u00e0 l&rsquo;issue de la saison, dont trois \u00e9voluent au poste de trois-quarts centre. Auguste Cadot (24 ans), Justo Poccardo (23 ans) et Thomas Darmon (27 ans) n&rsquo;ont toujours pas prolong\u00e9 leur bail. Consid\u00e9r\u00e9 comme un des gros potentiels \u00e0 son poste, Robin Taccola pourrait faire les beaux jours du MHR, actuellement en difficult\u00e9 au classement. Les H\u00e9raultais avaient pourtant de fortes ambitions mais sont actuellement \u00e0 la 11e position du championnat, avec 12 points d&rsquo;avance sur le barragiste Montauban, et 6 unit\u00e9s de retard par rapport au top 6. Les hommes de Caudullo restent sur deux d\u00e9faites, dont la derni\u00e8re face \u00e0 Clermont \u00e0 domicile (7-9). Ils se d\u00e9placeront \u00e0 Perpignan lors de la 10e journ\u00e9e pour ce qui sera la premi\u00e8re rencontre de Laurent Labit aux manettes de l&rsquo;Usap. Pas une mince affaire&#8230;\u00a0<\/p>\n","protected":false},"excerpt":{"rendered":"Le march\u00e9 des transferts s&rsquo;agite autour de Robin Taccola. En fin de contrat en juin 2026, il suscite&hellip;\n","protected":false},"author":2,"featured_media":542334,"comment_status":"","ping_status":"","sticky":false,"template":"","format":"standard","meta":{"footnotes":""},"categories":[1416],"tags":[1011,27,479,1468,60],"class_list":{"0":"post-542333","1":"post","2":"type-post","3":"status-publish","4":"format-standard","5":"has-post-thumbnail","7":"category-rugby","8":"tag-fr","9":"tag-france","10":"tag-rugby","11":"tag-rugby-football","12":"tag-sports"},"share_on_mastodon":{"url":"https:\/\/pubeurope.com\/@fr\/115570402686273624","error":""},"_links":{"self":[{"href":"https:\/\/www.europesays.com\/fr\/wp-json\/wp\/v2\/posts\/542333","targetHints":{"allow":["GET"]}}],"collection":[{"href":"https:\/\/www.europesays.com\/fr\/wp-json\/wp\/v2\/posts"}],"about":[{"href":"https:\/\/www.europesays.com\/fr\/wp-json\/wp\/v2\/types\/post"}],"author":[{"embeddable":true,"href":"https:\/\/www.europesays.com\/fr\/wp-json\/wp\/v2\/users\/2"}],"replies":[{"embeddable":true,"href":"https:\/\/www.europesays.com\/fr\/wp-json\/wp\/v2\/comments?post=542333"}],"version-history":[{"count":0,"href":"https:\/\/www.europesays.com\/fr\/wp-json\/wp\/v2\/posts\/542333\/revisions"}],"wp:featuredmedia":[{"embeddable":true,"href":"https:\/\/www.europesays.com\/fr\/wp-json\/wp\/v2\/media\/542334"}],"wp:attachment":[{"href":"https:\/\/www.europesays.com\/fr\/wp-json\/wp\/v2\/media?parent=542333"}],"wp:term":[{"taxonomy":"category","embeddable":true,"href":"https:\/\/www.europesays.com\/fr\/wp-json\/wp\/v2\/categories?post=542333"},{"taxonomy":"post_tag","embeddable":true,"href":"https:\/\/www.europesays.com\/fr\/wp-json\/wp\/v2\/tags?post=542333"}],"curies":[{"name":"wp","href":"https:\/\/api.w.org\/{rel}","templated":true}]}}