{"id":542335,"date":"2025-11-18T11:12:12","date_gmt":"2025-11-18T11:12:12","guid":{"rendered":"https:\/\/www.europesays.com\/fr\/542335\/"},"modified":"2025-11-18T11:12:12","modified_gmt":"2025-11-18T11:12:12","slug":"coupe-davis-les-belges-en-ont-marre-de-se-faire-chambrer-par-les-francais-sports","status":"publish","type":"post","link":"https:\/\/www.europesays.com\/fr\/542335\/","title":{"rendered":"Coupe Davis\u00a0: Les Belges en ont \u00ab\u00a0marre de se faire chambrer\u00a0\u00bb par les Fran\u00e7ais : Sports"},"content":{"rendered":"<p class=\"date\">\n                                                            Paul Rouget, Media365 : publi\u00e9 le mardi 18 novembre 2025 \u00e0 11h00\n                                                    <\/p>\n<p>Oppos\u00e9s aux Bleus mardi en quarts de finale de la Coupe Davis, les Belges ont des comptes \u00e0 r\u00e9gler.<\/p>\n<p>Alors qu&rsquo;on savait d\u00e9j\u00e0 que Jannik Sinner ne participerait pas \u00e0 la phase finale de la Coupe Davis, programm\u00e9e de mardi \u00e0 dimanche \u00e0 Bologne, le num\u00e9ro un mondial Carlos Alcaraz, battu en finale du Masters par l&rsquo;Italien dimanche dernier, n&rsquo;en sera pas non plus, <a href=\"https:\/\/sports.orange.fr\/tennis\/article\/coupe-davis-l-espagne-perd-alcaraz-CNT000002lLTZd.html\" rel=\"nofollow noopener\" target=\"_blank\">en raison d&rsquo;un probl\u00e8me musculaire<\/a>. Le tableau est donc encore plus ouvert, et certains se mettent \u00e0 r\u00eaver, \u00e0 l&rsquo;image des Bleus de Paul-Henri Mathieu, qui visent la victoire finale et <a href=\"https:\/\/sports.orange.fr\/tennis\/article\/coupe-davis-les-bleus-veulent-le-saladier-exclu-CNT000002lLotM.html\" rel=\"nofollow noopener\" target=\"_blank\">la reconqu\u00eate du saladier<\/a>.<\/p>\n<p>Mais pour cela, il faudra d&rsquo;abord \u00e9carter la Belgique, mardi lors du premier quart de finale. <a href=\"https:\/\/sports.orange.fr\/tennis\/article\/coupe-davis-les-belges-revanchards-face-aux-bleus-exclu-CNT000002lHElk.html\" rel=\"nofollow noopener\" target=\"_blank\">Des Belges remont\u00e9s<\/a>, comme ils l&rsquo;ont encore expliqu\u00e9 \u00e0 la veille de ce duel de voisins. \u00ab\u00a0Jouer la France, c&rsquo;est toujours un peu sp\u00e9cial, admet le capitaine Steve Darcis, cit\u00e9 par la RTBF. On a toujours envie de bien faire et on reste sur beaucoup de d\u00e9faites contre eux dans pas mal de sports. Il va falloir changer \u00e7a. On en a tous marre de se faire chambrer.\u00a0\u00bb<\/p>\n<p>Le douloureux souvenir de 2017<\/p>\n<p>Une r\u00e9f\u00e9rence, notamment, au ballon rond, et <a href=\"https:\/\/sports.orange.fr\/football\/euro\/article\/euro-2024-la-belgique-reste-maudite-face-aux-bleus-exclu-CNT000002eiHbO.html\" rel=\"nofollow noopener\" target=\"_blank\">aux malheurs des Diables Rouges face aux Bleus<\/a>, en particulier lors de la fameuse demi-finale de la Coupe du monde 2018, qui avait d\u00e9clench\u00e9 un certain \u00ab\u00a0seum\u00a0\u00bb outre-Qui\u00e9vrain. Mais en tennis aussi, les Belges sont revanchards, eux qui n&rsquo;ont plus battu les Fran\u00e7ais en Coupe Davis depuis 1997, et <a href=\"https:\/\/sports.orange.fr\/tennis\/article\/bleus-herbert-retrouve-la-belgique-en-coupe-davis-huit-ans-apres-le-sacre-de-2017-exclu-CNT000002lKrOS.html\" rel=\"nofollow noopener\" target=\"_blank\">qui s&rsquo;\u00e9taient inclin\u00e9s en finale de l&rsquo;\u00e9dition 2017 face aux hommes de Yannick Noah (2-3)<\/a>.<\/p>\n<p>Avec une s\u00e8che d\u00e9faite, lors du match d\u00e9cisif, de&#8230; Darcis contre Lucas Pouille (6-3, 6-1, 6-0). \u00ab\u00a0\u00c7a a mis du temps avant de s&rsquo;\u00e9vacuer, forc\u00e9ment, vu qu&rsquo;apr\u00e8s, je n&rsquo;ai quand m\u00eame pas jou\u00e9 pendant un an, rappelle en conf\u00e9rence de presse celui qui a pris sa retraite en 2020. Donc, j&rsquo;ai eu le temps de r\u00e9fl\u00e9chir. Maintenant, c&rsquo;est oubli\u00e9, honn\u00eatement. Simplement, je pense qu&rsquo;ils ont \u00e9t\u00e9 meilleurs que nous. Ils ont mieux g\u00e9r\u00e9 l&rsquo;\u00e9v\u00e9nement.\u00a0\u00bb Est-ce que ce sera encore le cas jeudi\u00a0?<\/p>\n","protected":false},"excerpt":{"rendered":"Paul Rouget, Media365 : publi\u00e9 le mardi 18 novembre 2025 \u00e0 11h00 Oppos\u00e9s aux Bleus mardi en quarts&hellip;\n","protected":false},"author":2,"featured_media":542336,"comment_status":"","ping_status":"","sticky":false,"template":"","format":"standard","meta":{"footnotes":""},"categories":[1415],"tags":[1011,27,60,1467],"class_list":{"0":"post-542335","1":"post","2":"type-post","3":"status-publish","4":"format-standard","5":"has-post-thumbnail","7":"category-tennis","8":"tag-fr","9":"tag-france","10":"tag-sports","11":"tag-tennis"},"share_on_mastodon":{"url":"https:\/\/pubeurope.com\/@fr\/115570405716847110","error":""},"_links":{"self":[{"href":"https:\/\/www.europesays.com\/fr\/wp-json\/wp\/v2\/posts\/542335","targetHints":{"allow":["GET"]}}],"collection":[{"href":"https:\/\/www.europesays.com\/fr\/wp-json\/wp\/v2\/posts"}],"about":[{"href":"https:\/\/www.europesays.com\/fr\/wp-json\/wp\/v2\/types\/post"}],"author":[{"embeddable":true,"href":"https:\/\/www.europesays.com\/fr\/wp-json\/wp\/v2\/users\/2"}],"replies":[{"embeddable":true,"href":"https:\/\/www.europesays.com\/fr\/wp-json\/wp\/v2\/comments?post=542335"}],"version-history":[{"count":0,"href":"https:\/\/www.europesays.com\/fr\/wp-json\/wp\/v2\/posts\/542335\/revisions"}],"wp:featuredmedia":[{"embeddable":true,"href":"https:\/\/www.europesays.com\/fr\/wp-json\/wp\/v2\/media\/542336"}],"wp:attachment":[{"href":"https:\/\/www.europesays.com\/fr\/wp-json\/wp\/v2\/media?parent=542335"}],"wp:term":[{"taxonomy":"category","embeddable":true,"href":"https:\/\/www.europesays.com\/fr\/wp-json\/wp\/v2\/categories?post=542335"},{"taxonomy":"post_tag","embeddable":true,"href":"https:\/\/www.europesays.com\/fr\/wp-json\/wp\/v2\/tags?post=542335"}],"curies":[{"name":"wp","href":"https:\/\/api.w.org\/{rel}","templated":true}]}}