{"id":54234,"date":"2025-04-26T11:12:17","date_gmt":"2025-04-26T11:12:17","guid":{"rendered":"https:\/\/www.europesays.com\/fr\/54234\/"},"modified":"2025-04-26T11:12:17","modified_gmt":"2025-04-26T11:12:17","slug":"en-afrique-du-sud-la-percee-diplomatique-de-volodymyr-zelensky","status":"publish","type":"post","link":"https:\/\/www.europesays.com\/fr\/54234\/","title":{"rendered":"En Afrique du Sud, la \u201cperc\u00e9e diplomatique\u201d de Volodymyr Zelensky"},"content":{"rendered":"\n<p>\u201cL\u2019Afrique du Sud fait un pas vers l\u2019Ukraine\u201d, <a href=\"https:\/\/www.dw.com\/fr\/afrique-du-sud-fait-un-pas-vers-ukraine\/a-72339541\" target=\"_blank\" rel=\"noopener\">r\u00e9sume la version francophone de la<strong> Deutsche Welle<\/strong><\/a><strong> <\/strong>apr\u00e8s la visite officielle de Volodymyr Zelensky, \u00e0 Pretoria, capitale administrative sud-africaine, le 24\u00a0avril. Une visite \u201chistorique\u201d, qui marquait le premier d\u00e9placement du chef d\u2019\u00c9tat ukrainien en Afrique, <a href=\"https:\/\/www.theglobeandmail.com\/world\/article-zelensky-makes-historic-first-visit-to-africa-seeks-help-on-abducted\/\" target=\"_blank\" rel=\"noopener\">souligne le quotidien canadien <strong>The Globe and Mail<\/strong><\/a><strong>.<\/strong><\/p>\n<p>\u201cLa visite d\u2019une journ\u00e9e de M.\u00a0Zelensky en Afrique du Sud visait principalement \u00e0 renforcer les relations de l\u2019Ukraine avec l\u2019Afrique, o\u00f9 la <a href=\"https:\/\/www.courrierinternational.com\/fiche-pays\/russie\" target=\"_blank\" rel=\"noopener\">Russie<\/a> a cultiv\u00e9 de nombreux alli\u00e9s et partenaires commerciaux ces derni\u00e8res ann\u00e9es. L\u2019Ukraine, reconnaissant avoir n\u00e9glig\u00e9 le continent, a promis de doubler ses missions diplomatiques en Afrique. Elle a \u00e9galement augment\u00e9 ses exportations de c\u00e9r\u00e9ales vers la r\u00e9gion\u201d, poursuit le journal canadien.<\/p>\n<p> \u201cPas de co\u00efncidence en diplomatie\u201d <\/p>\n<p>De ce point de vue, le d\u00e9placement du pr\u00e9sident ukrainien constitue une \u201cperc\u00e9e diplomatique\u201d dans les efforts de Volodymyr Zelensky pour \u201ccontrer l\u2019influence puissante et grandissante de la Russie en Afrique\u201d, <a href=\"https:\/\/www.bbc.com\/news\/articles\/c4g75825r94o\" target=\"_blank\" rel=\"noopener\">ajoute la <strong>BBC<\/strong><\/a><strong>.<\/strong><\/p>\n<p>Une perc\u00e9e d\u2019autant plus significative que l\u2019Afrique du Sud, premi\u00e8re puissance \u00e9conomique d\u2019Afrique et qui pr\u00e9side actuellement le G20, a \u201cmaintenu <a href=\"https:\/\/www.courrierinternational.com\/article\/diplomatie-le-perilleux-non-alignement-de-l-afrique-du-sud-sur-la-guerre-en-ukraine\" target=\"_blank\" rel=\"noopener\">une position neutre<\/a>\u201d face \u00e0 la guerre <\/p>\n","protected":false},"excerpt":{"rendered":"\u201cL\u2019Afrique du Sud fait un pas vers l\u2019Ukraine\u201d, r\u00e9sume la version francophone de la Deutsche Welle apr\u00e8s la&hellip;\n","protected":false},"author":2,"featured_media":54235,"comment_status":"","ping_status":"","sticky":false,"template":"","format":"standard","meta":{"footnotes":""},"categories":[1590],"tags":[11,879,5594,14858,1777,674,1892,131,12,220,134],"class_list":{"0":"post-54234","1":"post","2":"type-post","3":"status-publish","4":"format-standard","5":"has-post-thumbnail","7":"category-ukraine","8":"tag-actualites","9":"tag-afrique","10":"tag-afrique-du-sud","11":"tag-cyril-ramaphosa","12":"tag-eu","13":"tag-europe","14":"tag-gu00e9opolitique","15":"tag-guerre-en-ukraine","16":"tag-news","17":"tag-ukraine","18":"tag-volodymyr-zelensky"},"share_on_mastodon":{"url":"https:\/\/pubeurope.com\/@fr\/114403969820816984","error":""},"_links":{"self":[{"href":"https:\/\/www.europesays.com\/fr\/wp-json\/wp\/v2\/posts\/54234","targetHints":{"allow":["GET"]}}],"collection":[{"href":"https:\/\/www.europesays.com\/fr\/wp-json\/wp\/v2\/posts"}],"about":[{"href":"https:\/\/www.europesays.com\/fr\/wp-json\/wp\/v2\/types\/post"}],"author":[{"embeddable":true,"href":"https:\/\/www.europesays.com\/fr\/wp-json\/wp\/v2\/users\/2"}],"replies":[{"embeddable":true,"href":"https:\/\/www.europesays.com\/fr\/wp-json\/wp\/v2\/comments?post=54234"}],"version-history":[{"count":0,"href":"https:\/\/www.europesays.com\/fr\/wp-json\/wp\/v2\/posts\/54234\/revisions"}],"wp:featuredmedia":[{"embeddable":true,"href":"https:\/\/www.europesays.com\/fr\/wp-json\/wp\/v2\/media\/54235"}],"wp:attachment":[{"href":"https:\/\/www.europesays.com\/fr\/wp-json\/wp\/v2\/media?parent=54234"}],"wp:term":[{"taxonomy":"category","embeddable":true,"href":"https:\/\/www.europesays.com\/fr\/wp-json\/wp\/v2\/categories?post=54234"},{"taxonomy":"post_tag","embeddable":true,"href":"https:\/\/www.europesays.com\/fr\/wp-json\/wp\/v2\/tags?post=54234"}],"curies":[{"name":"wp","href":"https:\/\/api.w.org\/{rel}","templated":true}]}}