{"id":542343,"date":"2025-11-18T11:19:28","date_gmt":"2025-11-18T11:19:28","guid":{"rendered":"https:\/\/www.europesays.com\/fr\/542343\/"},"modified":"2025-11-18T11:19:28","modified_gmt":"2025-11-18T11:19:28","slug":"guy-cogeval-une-vision-pour-orsay","status":"publish","type":"post","link":"https:\/\/www.europesays.com\/fr\/542343\/","title":{"rendered":"Guy Cogeval, une vision pour Orsay"},"content":{"rendered":"<p>Personnalit\u00e9 brillante et complexe, le conservateur d\u00e9c\u00e9d\u00e9 la semaine derni\u00e8re a jou\u00e9 un r\u00f4le important dans la transformation r\u00e9cente du mus\u00e9e.<\/p>\n<p>Quelques semaines seulement apr\u00e8s <a href=\"https:\/\/www.lequotidiendelart.com\/articles\/27814-sylvain-amic-pr%C3%A9sident-du-mus%C3%A9e-d-orsay-est-mort.html\" target=\"_blank\" rel=\"noopener\">la mort subite de leur pr\u00e9sident Sylvain Amic<\/a>, les mus\u00e9es d&rsquo;Orsay et de l&rsquo;Orangerie sont de nouveau endeuill\u00e9s\u00a0par la disparition de celui qui les pr\u00e9sida de 2008 \u00e0 2017 (initiant leur rapprochement\u00a0en 2010). Apr\u00e8s avoir lutt\u00e9 de longues ann\u00e9es contre le cancer puis un AVC, Guy Cogeval est d\u00e9c\u00e9d\u00e9 \u00e0 l&rsquo;\u00e2ge de 70 ans dans la nuit du 12 au 13 novembre \u00e0 Paris, des suites d&rsquo;une pneumopathie.<\/p>\n<p>Le go\u00fbt du transversal<\/p>\n<p>Acteur de la m\u00e9tamorphose d&rsquo;Orsay en mus\u00e9e pluridisciplinaire accueillant tous les arts, ce fan d&rsquo;op\u00e9ra et de cin\u00e9ma aura marqu\u00e9 son temps par des expositions transversales audacieuses, \u00e0 rebours de la frilosit\u00e9 du milieu mus\u00e9al. \u00ab Crime et ch\u00e2timents \u00bb en 2010 ouvrait sur l&rsquo;horreur en invitant Robert Badinter ; \u00ab Masculin\/Masculin \u00bb en 2013 fut un manifeste queer qui ne disait pas (encore) son nom ; la m\u00eame ann\u00e9e \u00ab L&rsquo;Ange du bizarre \u00bb pointait le malaise d&rsquo;un certain romantisme noir ; tandis que \u00ab Spectaculaire Second Empire \u00bb en 2016 se complaisait sans\u2026<\/p>\n","protected":false},"excerpt":{"rendered":"Personnalit\u00e9 brillante et complexe, le conservateur d\u00e9c\u00e9d\u00e9 la semaine derni\u00e8re a jou\u00e9 un r\u00f4le important dans la transformation&hellip;\n","protected":false},"author":2,"featured_media":542344,"comment_status":"","ping_status":"","sticky":false,"template":"","format":"standard","meta":{"footnotes":""},"categories":[1358],"tags":[1348,1384,1385,1386,58,66076,59,1011,27,66075,3048,1651,33951,66074],"class_list":{"0":"post-542343","1":"post","2":"type-post","3":"status-publish","4":"format-standard","5":"has-post-thumbnail","7":"category-arts-et-design","8":"tag-arts","9":"tag-arts-and-design","10":"tag-arts-et-design","11":"tag-design","12":"tag-divertissement","13":"tag-edouard-vuillard","14":"tag-entertainment","15":"tag-fr","16":"tag-france","17":"tag-guy-cogeval","18":"tag-musee","19":"tag-musee-dorsay","20":"tag-musee-des-beaux-arts-de-montreal","21":"tag-nabis"},"share_on_mastodon":{"url":"https:\/\/pubeurope.com\/@fr\/115570433303425185","error":""},"_links":{"self":[{"href":"https:\/\/www.europesays.com\/fr\/wp-json\/wp\/v2\/posts\/542343","targetHints":{"allow":["GET"]}}],"collection":[{"href":"https:\/\/www.europesays.com\/fr\/wp-json\/wp\/v2\/posts"}],"about":[{"href":"https:\/\/www.europesays.com\/fr\/wp-json\/wp\/v2\/types\/post"}],"author":[{"embeddable":true,"href":"https:\/\/www.europesays.com\/fr\/wp-json\/wp\/v2\/users\/2"}],"replies":[{"embeddable":true,"href":"https:\/\/www.europesays.com\/fr\/wp-json\/wp\/v2\/comments?post=542343"}],"version-history":[{"count":0,"href":"https:\/\/www.europesays.com\/fr\/wp-json\/wp\/v2\/posts\/542343\/revisions"}],"wp:featuredmedia":[{"embeddable":true,"href":"https:\/\/www.europesays.com\/fr\/wp-json\/wp\/v2\/media\/542344"}],"wp:attachment":[{"href":"https:\/\/www.europesays.com\/fr\/wp-json\/wp\/v2\/media?parent=542343"}],"wp:term":[{"taxonomy":"category","embeddable":true,"href":"https:\/\/www.europesays.com\/fr\/wp-json\/wp\/v2\/categories?post=542343"},{"taxonomy":"post_tag","embeddable":true,"href":"https:\/\/www.europesays.com\/fr\/wp-json\/wp\/v2\/tags?post=542343"}],"curies":[{"name":"wp","href":"https:\/\/api.w.org\/{rel}","templated":true}]}}