{"id":542352,"date":"2025-11-18T11:26:16","date_gmt":"2025-11-18T11:26:16","guid":{"rendered":"https:\/\/www.europesays.com\/fr\/542352\/"},"modified":"2025-11-18T11:26:16","modified_gmt":"2025-11-18T11:26:16","slug":"brigitte-macron-vole-la-vedette-a-lady-gaga-en-plein-concert-a-paris-la-premiere-dame-sest-regalee","status":"publish","type":"post","link":"https:\/\/www.europesays.com\/fr\/542352\/","title":{"rendered":"Brigitte Macron vole la vedette \u00e0 Lady Gaga en plein concert \u00e0 Paris, la premi\u00e8re dame s\u2019est r\u00e9gal\u00e9e !"},"content":{"rendered":"<p><strong>Brigitte Macron<\/strong> a v\u00e9cu une soir\u00e9e bien remplie<br \/>\net pleine d\u2019\u00e9motions. Apr\u00e8s avoir partag\u00e9 un moment avec <a href=\"https:\/\/www.closermag.fr\/people\/il-fout-tout-en-lair-line-renaud-excedee-face-a-marc-olivier-fogiel-3593816\" target=\"_blank\" rel=\"noopener\"><br \/>\nLine Renaud<\/a> lors de la soir\u00e9e du Fonds de Dotation Line<br \/>\nRenaud\/Loulou Gast\u00e9, consacr\u00e9 au soutien de la recherche m\u00e9dicale,<br \/>\nla Premi\u00e8re Dame a quitt\u00e9 l\u2019\u00e9v\u00e9nement.<\/p>\n<p>Elle s\u2019est ensuite rendue au premier des quatre concerts de Lady<br \/>\nGaga \u00e0 l\u2019Accor Arena. Cette sortie s\u2019inscrivait dans le cadre de la<br \/>\ntourn\u00e9e The MAYHEM Ball. Sur des vid\u00e9os publi\u00e9es par un<br \/>\ncompte fan de la chanteuse sur X, <strong>on peut la voir se<br \/>\nd\u00e9hancher<\/strong> et applaudir avec enthousiasme l\u2019interpr\u00e8te de<br \/>\nBad Romance.<\/p>\n<p>Programme charg\u00e9 pour la Premi\u00e8re dame<\/p>\n<p data-start=\"190\" data-end=\"719\">Avec un agenda bien rempli, la<br \/>\nPremi\u00e8re Dame ne manque jamais de soutenir des causes importantes.<br \/>\nLundi 17 novembre, elle a assist\u00e9 \u00e0 la soir\u00e9e de remise du fonds de<br \/>\ndotation \u00ab\u00a0<strong>Line Renaud\/Loulou Gast\u00e9 pour la recherche<br \/>\nm\u00e9dicale<\/strong>\u00ab\u00a0, un organisme cr\u00e9\u00e9 par l\u2019actrice en m\u00e9moire<br \/>\nde son d\u00e9funt mari il y a sept ans, et qui finance des avanc\u00e9es<br \/>\nscientifiques majeures.<\/p>\n<p data-start=\"721\" data-end=\"1144\" data-is-last-node=\"\" data-is-only-node=\"\">Rapidement, Brigitte Macron a rejoint<br \/>\nl\u2019actrice, avec qui elle entretient une relation tr\u00e8s complice.<br \/>\nBrigitte Macron a multipli\u00e9 les <strong>gestes affectueux<\/strong><br \/>\nenvers Line Renaud. Elle a partag\u00e9 un fou rire apr\u00e8s une<br \/>\nplaisanterie de la meilleure amie de <a href=\"https:\/\/www.closermag.fr\/people\/dany-boon-a-retrouve-lamour-il-souffle-ses-59-bougies-accompagne-de-sa-jolie-conjointe-3559153\" target=\"_blank\" rel=\"noopener\"><br \/>\nDany Boon<\/a>. Les deux femmes ont ensuite pos\u00e9 pour une photo avec<br \/>\nle professeur Alexandre Loupy.<br \/>Le n\u00e9phrologue de l\u2019h\u00f4pital Necker \u00e9tait le laur\u00e9at du prix Line<br \/>\nRenaud 2025, dot\u00e9 de 60\u202f000 euros.<\/p>\n<blockquote class=\"instagram-media\" style=\"background: #ffffff;border: 0;margin: 1px;width: 100%;padding: 0;max-width: 500px;\" data-instgrm-permalink=\"https:\/\/www.instagram.com\/p\/DRKvlgdjHKz\/\" data-instgrm-version=\"14\"\/><p>\nBrigitte<br \/>\nMacron s\u00e9duit au concert de Lady Gaga \u00e0 Paris<\/p>\n<p data-start=\"131\" data-end=\"611\">Apr\u00e8s l&rsquo;\u00e9v\u00e8nement caritatif,<br \/>\ndirection le concert de Lady Gaga pour Brigitte Macron ! Sur les<br \/>\nr\u00e9seaux sociaux, l\u2019\u00e9pouse du <a href=\"https:\/\/www.closermag.fr\/politique\/emmanuel-macron-un-naufrage-la-colere-de-cet-ex-premier-ministre-se-fait-ressentir-3593736\" target=\"_blank\" rel=\"noopener\"><br \/>\npr\u00e9sident de la R\u00e9publique<\/a> a \u00e9t\u00e9 photographi\u00e9e en train de<br \/>\nprofiter pleinement du spectacle. Loin de l\u2019univers gothique<br \/>\nhabituel de la star, la premi\u00e8re dame a opt\u00e9 pour <strong>une tenue<br \/>\n\u00e9l\u00e9gante et sobre<\/strong> : un blazer blanc cintr\u00e9 port\u00e9 sur un<br \/>\nhaut noir, accompagn\u00e9 d\u2019un pantalon assorti. Ce look raffin\u00e9 lui<br \/>\nallait \u00e0 merveille et n\u2019a pas manqu\u00e9 d\u2019attirer l\u2019attention.<\/p>\n<p>Sa pr\u00e9sence au concert a surpris de nombreux internautes. Ces<br \/>\nderniers ont r\u00e9agi avec enthousiasme sur X : \u00ab\u00a0Elle est des<br \/>\nn\u00f4tres\u00a0\u00bb, a \u00e9crit un fan. \u00ab\u00a0<strong>Tr\u00e8s<br \/>\nchic<\/strong>\u00ab\u00a0, a ajout\u00e9 un autre. Un troisi\u00e8me a comment\u00e9 :<br \/>\n\u00ab\u00a0Le concert de Gaga est une exp\u00e9rience presque religieuse, m\u00eame<br \/>\ntous les politiciens veulent y assister\u00a0\u00bb. \u00a0Apr\u00e8s une<br \/>\npremi\u00e8re soir\u00e9e riche en \u00e9motions, la chanteuse donnera un second<br \/>\nconcert ce mardi 18 novembre, puis se reposera avant de remonter<br \/>\nsur sc\u00e8ne les 20 et 22 novembre 2025.<\/p>\n<blockquote class=\"twitter-tweet\"><p><a class=\"twitter-link\" rel=\"noindex, nofollow noopener\" href=\"https:\/\/twitter.com\/GagassipFrance\/status\/1990558499374575668\" target=\"_blank\"><\/p><\/blockquote>\n<p><script async src=\"https:\/\/platform.twitter.com\/widgets.js\" charset=\"utf-8\"><\/script><script async src=\"\/\/www.instagram.com\/embed.js\"><\/script><\/p>\n","protected":false},"excerpt":{"rendered":"Brigitte Macron a v\u00e9cu une soir\u00e9e bien remplie et pleine d\u2019\u00e9motions. Apr\u00e8s avoir partag\u00e9 un moment avec Line&hellip;\n","protected":false},"author":2,"featured_media":542353,"comment_status":"","ping_status":"","sticky":false,"template":"","format":"standard","meta":{"footnotes":""},"categories":[8],"tags":[986,10281,58,59,1011,27,2531,65861],"class_list":{"0":"post-542352","1":"post","2":"type-post","3":"status-publish","4":"format-standard","5":"has-post-thumbnail","7":"category-divertissement","8":"tag-brigitte-macron","9":"tag-buzz-nonli","10":"tag-divertissement","11":"tag-entertainment","12":"tag-fr","13":"tag-france","14":"tag-lady-gaga","15":"tag-trend"},"share_on_mastodon":{"url":"https:\/\/pubeurope.com\/@fr\/115570461143251124","error":""},"_links":{"self":[{"href":"https:\/\/www.europesays.com\/fr\/wp-json\/wp\/v2\/posts\/542352","targetHints":{"allow":["GET"]}}],"collection":[{"href":"https:\/\/www.europesays.com\/fr\/wp-json\/wp\/v2\/posts"}],"about":[{"href":"https:\/\/www.europesays.com\/fr\/wp-json\/wp\/v2\/types\/post"}],"author":[{"embeddable":true,"href":"https:\/\/www.europesays.com\/fr\/wp-json\/wp\/v2\/users\/2"}],"replies":[{"embeddable":true,"href":"https:\/\/www.europesays.com\/fr\/wp-json\/wp\/v2\/comments?post=542352"}],"version-history":[{"count":0,"href":"https:\/\/www.europesays.com\/fr\/wp-json\/wp\/v2\/posts\/542352\/revisions"}],"wp:featuredmedia":[{"embeddable":true,"href":"https:\/\/www.europesays.com\/fr\/wp-json\/wp\/v2\/media\/542353"}],"wp:attachment":[{"href":"https:\/\/www.europesays.com\/fr\/wp-json\/wp\/v2\/media?parent=542352"}],"wp:term":[{"taxonomy":"category","embeddable":true,"href":"https:\/\/www.europesays.com\/fr\/wp-json\/wp\/v2\/categories?post=542352"},{"taxonomy":"post_tag","embeddable":true,"href":"https:\/\/www.europesays.com\/fr\/wp-json\/wp\/v2\/tags?post=542352"}],"curies":[{"name":"wp","href":"https:\/\/api.w.org\/{rel}","templated":true}]}}