{"id":542354,"date":"2025-11-18T11:27:31","date_gmt":"2025-11-18T11:27:31","guid":{"rendered":"https:\/\/www.europesays.com\/fr\/542354\/"},"modified":"2025-11-18T11:27:31","modified_gmt":"2025-11-18T11:27:31","slug":"ce-videoprojecteur-a-ultra-courte-focale-note-9-10-est-enfin-moins-hors-de-prix-grace-au-pre-black-friday-frandroid","status":"publish","type":"post","link":"https:\/\/www.europesays.com\/fr\/542354\/","title":{"rendered":"ce vid\u00e9oprojecteur \u00e0 ultra-courte focale, not\u00e9 9\/10, est enfin moins hors de prix gr\u00e2ce au pr\u00e9-Black Friday \u2014 Frandroid"},"content":{"rendered":"<p>Image 4K HDR bien lumineuse, syst\u00e8me audio bluffant, fonctionnement discret\u2026 Le Xgimi Aura 2 cumule les atouts et figure naturellement parmi les vid\u00e9oprojecteurs \u00e0 ultra-courte focale les mieux not\u00e9s chez nous. En ce pr\u00e9-Black Friday, il est heureusement moins on\u00e9reux : la Fnac et Darty l\u2019affichent \u00e0 2 299 euros au lieu de 2 899 euros.<\/p>\n<p><a target=\"_blank\" href=\"https:\/\/images.frandroid.com\/wp-content\/uploads\/2025\/11\/xgimi-aura-2-black-friday-2025.jpg\" class=\"article-content__figure\" rel=\"noopener\"><img fetchpriority=\"high\" decoding=\"async\" loading=\"eager\" width=\"1200\" height=\"675\" src=\"https:\/\/www.europesays.com\/fr\/wp-content\/uploads\/2025\/11\/xgimi-aura-2-black-friday-2025.jpg\" alt=\"\" class=\"wp-image-2870011 wp-image wp-image\"  \/><\/a><\/p>\n<p>Parmi les <a href=\"https:\/\/www.frandroid.com\/guide-dachat\/guides-dachat-tv\/1272065_quels-sont-les-meilleurs-videoprojecteur-a-ultra-courte-focale\" target=\"_blank\" rel=\"noopener\">vid\u00e9oprojecteurs laser \u00e0 ultra-courte focale<\/a> qui m\u00e9ritent qu\u2019on s\u2019y attarde, il y a le <a href=\"https:\/\/www.frandroid.com\/produits\/smart-tv\/xgimi\/2346088-xgimi-aura-2\" target=\"_blank\" rel=\"noopener\">Xgimi Aura 2<\/a>, auquel on a attribu\u00e9 l\u2019excellente note de 9\/10 au terme de notre test. Il n\u2019y a qu\u2019\u00e0 voir ses images 4K HDR bien fluides et lumineuses, son syst\u00e8me audio enveloppant sign\u00e9 Harman Kardon et son installation facile et rapide. Il s\u2019agit aussi et surtout d\u2019un mod\u00e8le id\u00e9al pour les petits espaces, puisqu\u2019on peut le placer tout pr\u00e8s de la surface de projection. Bref, un mini cin\u00e9ma bien abouti, que l\u2019on trouve, en ce <a href=\"https:\/\/www.frandroid.com\/bons-plans\/2864479_black-friday-2025-meilleures-offres-en-direct-amazon\" target=\"_blank\" rel=\"noopener\">pr\u00e9-Black Friday<\/a>, affich\u00e9 \u00e0 <a href=\"https:\/\/shop.frandroid.com\/zg9b75yt\" target=\"_blank\" rel=\"noreferrer noopener affiliate nofollow\" data-gtm=\"{&quot;event&quot;:&quot;afficlic&quot;,&quot;nom_marchand&quot;:&quot;fnac&quot;,&quot;nom_produit&quot;:&quot;inconnu&quot;,&quot;categorie_produit&quot;:&quot;inconnu&quot;,&quot;module_produit&quot;:&quot;editolink&quot;,&quot;position_marchand&quot;:0,&quot;texte&quot;:&quot;moins-de-2-300-euros&quot;,&quot;offer_url&quot;:&quot;https:\/\/shop.frandroid.com\/zg9b75yt&quot;,&quot;zone&quot;:&quot;contenu-page&quot;}\">moins de 2 300 euros<\/a>.  <\/p>\n<p>Les points forts du Xgimi Aura 2<\/p>\n<ul class=\"wp-block-list\">\n<li>Un mod\u00e8le \u00e0 ultra-courte focale, pens\u00e9 pour les espaces restreints<\/li>\n<li>Des images 4K HDR d\u00e9taill\u00e9es et lumineuses<\/li>\n<li>Un son enveloppant et une spatialisation r\u00e9ussie<\/li>\n<\/ul>\n<p>Lanc\u00e9 \u00e0 2 899 euros, le Xgimi Aura 2 est aujourd\u2019hui <a href=\"https:\/\/shop.frandroid.com\/zg9b75yt\" target=\"_blank\" rel=\"noreferrer noopener affiliate nofollow\" data-gtm=\"{&quot;event&quot;:&quot;afficlic&quot;,&quot;nom_marchand&quot;:&quot;fnac&quot;,&quot;nom_produit&quot;:&quot;inconnu&quot;,&quot;categorie_produit&quot;:&quot;inconnu&quot;,&quot;module_produit&quot;:&quot;editolink&quot;,&quot;position_marchand&quot;:0,&quot;texte&quot;:&quot;disponible-en-promotion-a-2-299-euros-a-la-fnac&quot;,&quot;offer_url&quot;:&quot;https:\/\/shop.frandroid.com\/zg9b75yt&quot;,&quot;zone&quot;:&quot;contenu-page&quot;}\">disponible en promotion \u00e0 2 299 euros \u00e0 la Fnac<\/a> et <a href=\"https:\/\/shop.frandroid.com\/8ky9d2ml\" target=\"_blank\" rel=\"noreferrer noopener affiliate nofollow\" data-gtm=\"{&quot;event&quot;:&quot;afficlic&quot;,&quot;nom_marchand&quot;:&quot;darty&quot;,&quot;nom_produit&quot;:&quot;inconnu&quot;,&quot;categorie_produit&quot;:&quot;inconnu&quot;,&quot;module_produit&quot;:&quot;editolink&quot;,&quot;position_marchand&quot;:0,&quot;texte&quot;:&quot;chez-darty&quot;,&quot;offer_url&quot;:&quot;https:\/\/shop.frandroid.com\/8ky9d2ml&quot;,&quot;zone&quot;:&quot;contenu-page&quot;}\">chez Darty<\/a>.<\/p>\n<p>                <img decoding=\"async\" width=\"1152\" height=\"470\" loading=\"lazy\" alt=\"Fond d\u2019e\u0301cran \u2013 C89K v3\" title=\"Fond d\u2019e\u0301cran \u2013 C89K v3\" class=\"is-radiusless placeholder-default wp-image\" src=\"https:\/\/www.europesays.com\/fr\/wp-content\/uploads\/2025\/11\/fond-decran-c89k-v3-3.jpg\" \/>            <\/p>\n<p>\n                    Le top du Mini LED \u00e0 moins de 1 000 euros                <\/p>\n<p class=\"has-text-weight-medium is-size-6 is-line-height-normal\">\n                    Not\u00e9 9\/10 par la r\u00e9daction de Frandroid, le t\u00e9l\u00e9viseur TCL C89K est \u00ab une valeur s\u00fbre pour qui cherche un t\u00e9l\u00e9viseur Mini LED polyvalent, performant et durable \u00bb. Pour le Black Friday, la version 65 pouces du C89K profite de 200 \u20ac de remise.                <\/p>\n<p>Si, par la suite, l\u2019offre mentionn\u00e9e dans cet article n\u2019est plus disponible, merci de jeter un coup d\u2019\u0153il ci-dessous afin de d\u00e9nicher d\u2019autres offres concernant le Xgimi Aura 2. Le tableau s\u2019actualise automatiquement. <\/p>\n<p>    <a href=\"https:\/\/www.frandroid.com\/produits\/smart-tv\/xgimi\/2346088-xgimi-aura-2\" class=\"product-resume__prices-title__product-name has-text-weight-bold\" target=\"_blank\" rel=\"noopener\"><br \/>\n    Xgimi Aura 2    <\/a><br \/>\n        au meilleur prix<\/p>\n<p>                Voir plus d\u2019offres \u00e0 partir de 2290\u00a0\u20ac<br \/>\n                Voir moins d\u2019offres<\/p>\n<p>De grandes images projet\u00e9es, m\u00eame \u00e0 quelques cm du mur<\/p>\n<p>\u00c0 premi\u00e8re vue, le Xgimi Aura 2 ressemble davantage \u00e0 une enceinte qu\u2019\u00e0 un vid\u00e9oprojecteur. En r\u00e9alit\u00e9, son bloc optique se d\u00e9ploie uniquement au d\u00e9marrage, ce qui permet de le prot\u00e9ger de la poussi\u00e8re. Une conception qui conf\u00e8re aussi \u00e0 l\u2019appareil un aspect tr\u00e8s raffin\u00e9, renforc\u00e9 par sa robe en tissu beige clair du plus bel effet et ses coins arrondis. Bref, l\u2019Aura 2 tranche clairement avec les mod\u00e8les blancs froids aux lignes anguleuses et sans charme. Dans son dos, se niche une connectique tr\u00e8s fournie : trois entr\u00e9es HDMI dont une compatible eARC, une sortie audio Toslink, une autre sortie audio mini-jack 3,5 mm et trois ports USB-A. L\u2019Aura 2 dispose aussi de contr\u00f4leurs Wi-Fi 6, Bluetooth, ainsi que d\u2019un Ethernet Gigabit.<\/p>\n<p>Le Xgimi Aura 2 est aussi et surtout un vid\u00e9oprojecteur \u00e0 ultra-courte focale, que l\u2019on peut donc positionner tr\u00e8s pr\u00e8s d\u2019un mur ou d\u2019un \u00e9cran et qui est tout \u00e0 fait capable de projeter une grande image. Ici, une distance de 22,6 cm entre la surface d\u2019affichage et le vid\u00e9oprojecteur suffit pour profiter d\u2019images de 150 pouces de diagonale. Comme quoi, m\u00eame celles et ceux qui ont des petites pi\u00e8ces ont droit \u00e0 une exp\u00e9rience cin\u00e9ma \u00e0 la maison. Une fois pos\u00e9, le Xgimi Aura 2 s\u2019adapte rapidement \u00e0 la surface de projection gr\u00e2ce \u00e0 la mise au point et \u00e0 la correction de trap\u00e8ze automatiques. Il peut m\u00eame analyser la couleur du mur pour adapter la colorim\u00e9trie des contenus en fonction.<\/p>\n<p>Une qualit\u00e9 audio sup\u00e9rieure \u00e0 celle de certaines barres de son <\/p>\n<p>L\u2019Aura 2 affiche par ailleurs une image 4K tr\u00e8s d\u00e9taill\u00e9e, m\u00eame sur les plus grandes diagonales, gr\u00e2ce \u00e0 la technologie XPR (eXtended Pixel Resolution). Et avec sa technologie laser double, combinant un laser \u00e0 large spectre RVB et un laser \u00e0 spectre \u00e9troit, la colorim\u00e9trie est optimis\u00e9e et la luminosit\u00e9 augment\u00e9e. D\u2019ailleurs, la luminosit\u00e9 maximale avoisine les 2 000 Lumens et peut s\u2019ajuster finement en fonction de la taille d\u2019image projet\u00e9e. Globalement, les images sont convenablement lumineuses jusqu\u2019\u00e0 150 pouces. Les contenus HDR10 ou Dolby Vision (et non HDR10+) en streaming sont, eux, parfaitement g\u00e9r\u00e9s.<\/p>\n<p>C\u00f4t\u00e9 audio, c\u2019est tout aussi bluffant avec un syst\u00e8me con\u00e7u par Harman Kardon, gage de qualit\u00e9. Le son produit est tellement excellent qu\u2019il peut faire de l\u2019ombre \u00e0 celui diffus\u00e9 par certaines <a href=\"https:\/\/www.frandroid.com\/guide-dachat\/guide-audio\/617347_quelle-barre-de-son-choisir-en-fonction-de-son-budget-en-2019\" target=\"_blank\" rel=\"noopener\">barres de son<\/a>, c\u2019est dire. Compatible Dolby Atmos et DTS:X, le vid\u00e9oprojecteur promet aussi une spatialisation tr\u00e8s convaincante. Concernant la partie logicielle, l\u2019interface de l\u2019appareil est ax\u00e9e sur Android TV. On peut donc regarder les services de streaming en HD ou en 4K HDR, mais attention, l\u2019Aura 2 n\u2019est pas certifi\u00e9 par Netflix. Il faut donc passer par une box multim\u00e9dia (<a href=\"https:\/\/www.frandroid.com\/produits\/box-multimedia\/apple\/1511312-apple-tv-4k-2022\" target=\"_blank\" rel=\"noopener\">Apple TV 4K<\/a>, <a href=\"https:\/\/www.frandroid.com\/produits\/box-multimedia\/amazon\/1845131-amazon-fire-tv-stick-4k-max-2023\" target=\"_blank\" rel=\"noopener\">Fire TV Stick 4K<\/a>\u2026) pour en profiter. Autre point faible de l\u2019Aura 2 : ses performances gaming limit\u00e9es \u00e0 60 Hz, qui pourraient frustrer les joueurs exigeants.<\/p>\n<p>Pour en savoir encore plus, n\u2019h\u00e9sitez pas \u00e0 lire <a href=\"https:\/\/www.frandroid.com\/marques\/xgimi\/2360174_test-du-xgimi-aura-2-le-cinema-grand-ecran-sans-contrainte\" target=\"_blank\" rel=\"noopener\">notre test complet du Xgimi Aura 2<\/a>.<\/p>\n<p class=\"shortcode-container see-more\">\n    \u00c0 lire aussi : <br \/><a href=\"https:\/\/www.frandroid.com\/guide-dachat\/843269_meilleurs-videoprojecteurs-selection\" target=\"_blank\" rel=\"noopener\">Quels sont les meilleurs vid\u00e9oprojecteurs en 2025\u2009? Notre s\u00e9lection<\/a>\n<\/p>\n<p>Pr\u00e9-Black Friday et Singles Day (11.11) : pour ne rien rater des offres<\/p>\n<p>Le v\u00e9ritable Black Friday ne commencera que le 28 novembre prochain, mais les e-commer\u00e7ants ont d\u00e9j\u00e0 partag\u00e9 des offres en avance lors d\u2019une sorte d\u2019avant-premi\u00e8re du vendredi noir. En ce moment, il y a m\u00eame le Singles Day, ou 11.11, pour faire encore plus de bonnes affaires. Une aubaine si vous voulez anticiper vos achats de fin d\u2019ann\u00e9e.<\/p>\n<p>Si vous n\u2019avez pas trouv\u00e9 votre bonheur dans les s\u00e9lections pr\u00e9c\u00e9demment cit\u00e9es, voici ce qu\u2019il vous reste \u00e0 faire : <\/p>\n<ul class=\"wp-block-list\">\n<li>Suivez notre compte X\u00a0<a href=\"https:\/\/twitter.com\/FrandroidPromos\" target=\"_blank\" rel=\"noreferrer noopener\">@FrandroidPromos<\/a> uniquement d\u00e9di\u00e9 aux bons plans (pensez \u00e0 activer la cloche pour recevoir les notifications en temps r\u00e9el)<\/li>\n<li><a href=\"https:\/\/whatsapp.com\/channel\/0029VabYxm5LI8YhSlD8xc05\" target=\"_blank\" rel=\"noreferrer noopener\">Rejoignez notre canal WhatsApp<\/a> pour recevoir une fois par jour un condens\u00e9 des meilleures offres<\/li>\n<li>T\u00e9l\u00e9chargez notre <a href=\"https:\/\/www.frandroid.com\/telecharger\/apps\/frandroid\" target=\"_blank\" rel=\"noreferrer noopener\">application Frandroid<\/a> (disponible sur iOS et Android) pour activer les notifications de la cat\u00e9gorie \u00ab Bons Plans \u00bb et ainsi recevoir en temps r\u00e9el les nouveaux articles li\u00e9s au Black Friday 2025 at au Singles Day (11.11)<\/li>\n<li>Abonnez-vous \u00e0 notre newsletter pour \u00eatre s\u00fbr de recevoir les offres en avant-premi\u00e8re (pas plus d\u2019un mail par jour, d\u00e9sinscription en 1 clic, aucune diffusion \u00e0 des tiers) :<\/li>\n<\/ul>\n<p class=\"newsletter-form__title is-size-6 is-size-7-mobile is-uppercase has-text-good-deals has-text-weight-semibold mb-4 px-5\">Frandroid Bons plans<\/p>\n<p class=\"has-text-centered-tablet newsletter-form__subtitle is-size-4 has-text-weight-bold has-text-primary column is-9-tablet is-10-mobile\">\n                C\u2019est enregistr\u00e9 ! Surveillez votre bo\u00eete aux lettres, vous allez entendre parler de nous\u00a0!\n            <\/p>\n<p class=\"newsletter-form__subtitle is-size-4 has-text-weight-bold has-text-gradient-pink\">Ne manquez aucun bon plan avec notre newsletter<\/p>\n<p class=\"is-size-7\">\n                Les donn\u00e9es transmises par le biais de ce formulaire sont destin\u00e9es \u00e0 Humanoid,<br \/>\n                soci\u00e9t\u00e9 \u00e9ditrice du site Frandroid en sa qualit\u00e9 de responsable de traitement.<br \/>\n                Elles ne seront en aucun cas c\u00e9d\u00e9es \u00e0 des tiers. Ces donn\u00e9es sont trait\u00e9es sous r\u00e9serve d\u2019obtention de<br \/>\n                votre consentement pour vous envoyer par e-mail des actualit\u00e9s et informations relatives aux contenus<br \/>\n                \u00e9ditoriaux publi\u00e9s sur Frandroid. Vous pouvez vous opposer \u00e0 tout moment \u00e0 ces e-mails<br \/>\n                en cliquant sur les liens de d\u00e9sinscriptions pr\u00e9sents dans chacun d\u2019eux. Pour plus d\u2019informations, vous<br \/>\n                pouvez consulter l\u2019int\u00e9gralit\u00e9 de notre <a href=\"https:\/\/www.frandroid.com\/politique-donnees-personnelles\" target=\"_blank\" rel=\"noopener\"><br \/>\n                politique de traitement de vos donn\u00e9es personnelles<\/a>.<br \/>\n                Vous disposez d\u2019un droit d\u2019acc\u00e8s, de rectification, d\u2019effacement, de limitation, de portabilit\u00e9 et<br \/>\n                d\u2019opposition pour motif l\u00e9gitime aux donn\u00e9es personnelles vous concernant. Pour exercer l\u2019un de ces droits,<br \/>\n                merci d\u2019effectuer votre demande via notre <a href=\"https:\/\/www.frandroid.com\/contact\/#RGPD\" target=\"_blank\" rel=\"noopener\">formulaire<br \/>\n                de demandes d\u2019exercices de droits d\u00e9di\u00e9<\/a>.\n            <\/p>\n<p>Pr\u00e9-Black Friday et Singles Day (11.11) : pour ne rien rater des offres<\/p>\n<p>Le v\u00e9ritable Black Friday ne commencera que le 28 novembre prochain, mais les e-commer\u00e7ants ont d\u00e9j\u00e0 partag\u00e9 des offres en avance lors d\u2019une sorte d\u2019avant-premi\u00e8re du vendredi noir. En ce moment, il y a m\u00eame le Singles Day, ou 11.11, pour faire encore plus de bonnes affaires. Une aubaine si vous voulez anticiper vos achats de fin d\u2019ann\u00e9e.<\/p>\n<p>Si vous n\u2019avez pas trouv\u00e9 votre bonheur dans les s\u00e9lections pr\u00e9c\u00e9demment cit\u00e9es, voici ce qu\u2019il vous reste \u00e0 faire : <\/p>\n<ul class=\"wp-block-list\">\n<li>Suivez notre compte X\u00a0<a href=\"https:\/\/twitter.com\/FrandroidPromos\" target=\"_blank\" rel=\"noreferrer noopener\">@FrandroidPromos<\/a> uniquement d\u00e9di\u00e9 aux bons plans (pensez \u00e0 activer la cloche pour recevoir les notifications en temps r\u00e9el)<\/li>\n<li><a href=\"https:\/\/whatsapp.com\/channel\/0029VabYxm5LI8YhSlD8xc05\" target=\"_blank\" rel=\"noreferrer noopener\">Rejoignez notre canal WhatsApp<\/a> pour recevoir une fois par jour un condens\u00e9 des meilleures offres<\/li>\n<li>T\u00e9l\u00e9chargez notre <a href=\"https:\/\/www.frandroid.com\/telecharger\/apps\/frandroid\" target=\"_blank\" rel=\"noreferrer noopener\">application Frandroid<\/a> (disponible sur iOS et Android) pour activer les notifications de la cat\u00e9gorie \u00ab Bons Plans \u00bb et ainsi recevoir en temps r\u00e9el les nouveaux articles li\u00e9s au Black Friday 2025 at au Singles Day (11.11)<\/li>\n<li>Abonnez-vous \u00e0 notre newsletter pour \u00eatre s\u00fbr de recevoir les offres en avant-premi\u00e8re (pas plus d\u2019un mail par jour, d\u00e9sinscription en 1 clic, aucune diffusion \u00e0 des tiers) :<\/li>\n<\/ul>\n<p class=\"newsletter-form__title is-size-6 is-size-7-mobile is-uppercase has-text-good-deals has-text-weight-semibold mb-4 px-5\">Frandroid Bons plans<\/p>\n<p class=\"has-text-centered-tablet newsletter-form__subtitle is-size-4 has-text-weight-bold has-text-primary column is-9-tablet is-10-mobile\">\n                C\u2019est enregistr\u00e9 ! Surveillez votre bo\u00eete aux lettres, vous allez entendre parler de nous\u00a0!\n            <\/p>\n<p class=\"newsletter-form__subtitle is-size-4 has-text-weight-bold has-text-gradient-pink\">Ne manquez aucun bon plan avec notre newsletter<\/p>\n<p class=\"is-size-7\">\n                Les donn\u00e9es transmises par le biais de ce formulaire sont destin\u00e9es \u00e0 Humanoid,<br \/>\n                soci\u00e9t\u00e9 \u00e9ditrice du site Frandroid en sa qualit\u00e9 de responsable de traitement.<br \/>\n                Elles ne seront en aucun cas c\u00e9d\u00e9es \u00e0 des tiers. Ces donn\u00e9es sont trait\u00e9es sous r\u00e9serve d\u2019obtention de<br \/>\n                votre consentement pour vous envoyer par e-mail des actualit\u00e9s et informations relatives aux contenus<br \/>\n                \u00e9ditoriaux publi\u00e9s sur Frandroid. Vous pouvez vous opposer \u00e0 tout moment \u00e0 ces e-mails<br \/>\n                en cliquant sur les liens de d\u00e9sinscriptions pr\u00e9sents dans chacun d\u2019eux. Pour plus d\u2019informations, vous<br \/>\n                pouvez consulter l\u2019int\u00e9gralit\u00e9 de notre <a href=\"https:\/\/www.frandroid.com\/politique-donnees-personnelles\" target=\"_blank\" rel=\"noopener\"><br \/>\n                politique de traitement de vos donn\u00e9es personnelles<\/a>.<br \/>\n                Vous disposez d\u2019un droit d\u2019acc\u00e8s, de rectification, d\u2019effacement, de limitation, de portabilit\u00e9 et<br \/>\n                d\u2019opposition pour motif l\u00e9gitime aux donn\u00e9es personnelles vous concernant. Pour exercer l\u2019un de ces droits,<br \/>\n                merci d\u2019effectuer votre demande via notre <a href=\"https:\/\/www.frandroid.com\/contact\/#RGPD\" target=\"_blank\" rel=\"noopener\">formulaire<br \/>\n                de demandes d\u2019exercices de droits d\u00e9di\u00e9<\/a>.\n            <\/p>\n<p>            <script async src=\"https:\/\/platform.twitter.com\/widgets.js\" charset=\"utf-8\"><\/script><\/p>\n","protected":false},"excerpt":{"rendered":"Image 4K HDR bien lumineuse, syst\u00e8me audio bluffant, fonctionnement discret\u2026 Le Xgimi Aura 2 cumule les atouts et&hellip;\n","protected":false},"author":2,"featured_media":542355,"comment_status":"","ping_status":"","sticky":false,"template":"","format":"standard","meta":{"footnotes":""},"categories":[7],"tags":[62374,943,944,1011,27,43,40,41,39,42,44,66077],"class_list":{"0":"post-542354","1":"post","2":"type-post","3":"status-publish","4":"format-standard","5":"has-post-thumbnail","7":"category-sciences-et-technologies","8":"tag-black-friday-2025","9":"tag-bons-plans-darty","10":"tag-bons-plans-fnac","11":"tag-fr","12":"tag-france","13":"tag-science","14":"tag-science-and-technology","15":"tag-sciences","16":"tag-sciences-et-technologies","17":"tag-technologies","18":"tag-technology","19":"tag-xgimi-aura-2"},"share_on_mastodon":{"url":"https:\/\/pubeurope.com\/@fr\/115570466227297736","error":""},"_links":{"self":[{"href":"https:\/\/www.europesays.com\/fr\/wp-json\/wp\/v2\/posts\/542354","targetHints":{"allow":["GET"]}}],"collection":[{"href":"https:\/\/www.europesays.com\/fr\/wp-json\/wp\/v2\/posts"}],"about":[{"href":"https:\/\/www.europesays.com\/fr\/wp-json\/wp\/v2\/types\/post"}],"author":[{"embeddable":true,"href":"https:\/\/www.europesays.com\/fr\/wp-json\/wp\/v2\/users\/2"}],"replies":[{"embeddable":true,"href":"https:\/\/www.europesays.com\/fr\/wp-json\/wp\/v2\/comments?post=542354"}],"version-history":[{"count":0,"href":"https:\/\/www.europesays.com\/fr\/wp-json\/wp\/v2\/posts\/542354\/revisions"}],"wp:featuredmedia":[{"embeddable":true,"href":"https:\/\/www.europesays.com\/fr\/wp-json\/wp\/v2\/media\/542355"}],"wp:attachment":[{"href":"https:\/\/www.europesays.com\/fr\/wp-json\/wp\/v2\/media?parent=542354"}],"wp:term":[{"taxonomy":"category","embeddable":true,"href":"https:\/\/www.europesays.com\/fr\/wp-json\/wp\/v2\/categories?post=542354"},{"taxonomy":"post_tag","embeddable":true,"href":"https:\/\/www.europesays.com\/fr\/wp-json\/wp\/v2\/tags?post=542354"}],"curies":[{"name":"wp","href":"https:\/\/api.w.org\/{rel}","templated":true}]}}