{"id":542356,"date":"2025-11-18T11:28:18","date_gmt":"2025-11-18T11:28:18","guid":{"rendered":"https:\/\/www.europesays.com\/fr\/542356\/"},"modified":"2025-11-18T11:28:18","modified_gmt":"2025-11-18T11:28:18","slug":"un-jour-rouge-se-profile-cette-semaine-voici-la-date-la-plus-probable","status":"publish","type":"post","link":"https:\/\/www.europesays.com\/fr\/542356\/","title":{"rendered":"un jour rouge se profile cette semaine, voici la date la plus probable"},"content":{"rendered":"<p>              <img decoding=\"async\" class=\"article-author__picture webp\" src=\"https:\/\/www.europesays.com\/fr\/wp-content\/uploads\/2025\/11\/florian-profile.jpeg.webp\" alt=\"Florian Tostivint\"\/><\/p>\n<p class=\"article-author__info--name\"> Par<br \/>\n                      <a href=\"https:\/\/www.jechange.fr\/equipe\/florian\" target=\"_blank\" rel=\"noopener author nofollow\"> Florian Tostivint <\/a><\/p>\n<p class=\"article-author__info--description\"> Responsable \u00e9ditorial Energie <\/p>\n<p>        Cr\u00e9\u00e9 le<\/p>\n<p>                                18\/11\/2025<\/p>\n<p>            minutes de lecture\n        <\/p>\n<p>  <img decoding=\"async\" class=\"new-ads__card-logo\" src=\"https:\/\/www.europesays.com\/fr\/wp-content\/uploads\/2025\/11\/ejp-tempo.png\" alt=\"logo\"\/><\/p>\n<p class=\"new-ads__card-title\">Votre \u00e9lectricit\u00e9 moins ch\u00e8re toute l&rsquo;ann\u00e9e !<\/p>\n<p class=\"new-ads__card-description\">Notre meilleure offre pour les clients qui en ont marre des jours rouges, mais veulent garder les prix bas. Appelez JeChange au :<\/p>\n<p>  <img decoding=\"async\" class=\"new-ads__card-logo\" src=\"https:\/\/www.europesays.com\/fr\/wp-content\/uploads\/2025\/09\/primeo-md.png\" alt=\"logo\"\/><\/p>\n<p class=\"new-ads__card-title\">L&rsquo;offre du moment \u00e0 -20 % (HT) par rapport au tarif r\u00e9glement\u00e9<\/p>\n<p class=\"new-ads__card-description\">Une offre \u00e0 prix fixe moins ch\u00e8re<\/p>\n<p class=\"intro\">Alerte rouge pour les abonn\u00e9s Tempo. Alors qu&rsquo;une vague de froid s&rsquo;abat sur la France, le r\u00e9seau \u00e9lectrique se pr\u00e9pare \u00e0 son premier test de r\u00e9sistance de l&rsquo;hiver. La cons\u00e9quence est in\u00e9vitable : un jour rouge se profile cette semaine. Mais pour la premi\u00e8re fois, il n&rsquo;arrivera pas par surprise. En exclusivit\u00e9, nous vous r\u00e9v\u00e9lons la date identifi\u00e9e comme la plus \u00e0 risque par notre algorithme de pr\u00e9vision.<\/p>\n<p>Exclusif : un jour rouge probable ce vendredi 21 novembre<\/p>\n<p>Fini le suspense de l&rsquo;alerte de la veille. <a href=\"#appli\">L&rsquo;outil de pr\u00e9vision exclusif d\u00e9velopp\u00e9 par Selectra<\/a> a analys\u00e9 la situation \u00e0 venir, et le verdict est clair. Si les prochains jours s&rsquo;annoncent calmes, la tension va monter d&rsquo;un cran en fin de semaine.<\/p>\n<p>La journ\u00e9e du <strong>vendredi 21 novembre<\/strong> est particuli\u00e8rement dans le viseur, avec une <strong>probabilit\u00e9 de d\u00e9clenchement d&rsquo;un jour rouge estim\u00e9e \u00e0 78,4 %<\/strong>. Cette information, disponible plusieurs jours \u00e0 l&rsquo;avance, change tout. Elle vous permet de vous organiser d\u00e8s maintenant pour d\u00e9caler vos consommations et aborder ce premier pic de froid en toute s\u00e9r\u00e9nit\u00e9.<\/p>\n<p>Pour rendre cette anticipation encore plus simple, cette fonctionnalit\u00e9 est d\u00e9sormais au c\u0153ur de deux applications mobiles gratuites, con\u00e7ues pour vous donner une longueur d&rsquo;avance.<\/p>\n<p>Pour les puristes : l&rsquo;application \u00ab\u00a0Selectra Jours Tempo\u00a0\u00bb<\/p>\n<p>Vous voulez l&rsquo;essentiel, et rien que l&rsquo;essentiel ? Cette application va droit au but : la couleur du jour, celle du lendemain, et les probabilit\u00e9s pour les sept jours \u00e0 venir. C&rsquo;est l&rsquo;outil simple et rapide, 100% d\u00e9di\u00e9 \u00e0 la ma\u00eetrise de votre contrat.<\/p>\n<p class=\"in-short--title col-xs-12 text--center\"><strong>T\u00e9l\u00e9charger l&rsquo;application Selectra Jours Tempo<\/strong><\/p>\n<p><a href=\"https:\/\/www.jechange.fr\/energie\/selection\/tempo\/app-store\" target=\"_blank\" rel=\"nofollow noopener\"><img decoding=\"async\" class=\"u-img--fluid\" src=\"https:\/\/www.europesays.com\/fr\/wp-content\/uploads\/2025\/11\/logo_appstore.png\" alt=\"app store\" width=\"205\" height=\"59\" loading=\"lazy\"\/><\/a> <a href=\"https:\/\/www.jechange.fr\/energie\/selection\/tempo\/google-play\" target=\"_blank\" rel=\"nofollow noopener\"><img decoding=\"async\" class=\"u-img--fluid\" src=\"https:\/\/www.europesays.com\/fr\/wp-content\/uploads\/2025\/11\/play-store.png\" alt=\"google Store\" width=\"200\" height=\"59\" loading=\"lazy\"\/><\/a>Pour une vision \u00e0 360\u00b0 : l&rsquo;application \u00ab\u00a0MySelectra\u00a0\u00bb<\/p>\n<p>Vous voulez aller plus loin ? <a href=\"#appli\">L&rsquo;application MySelectra<\/a> int\u00e8gre les pr\u00e9visions Tempo \u00e0 un tableau de bord complet de votre \u00e9nergie. Suivez vos d\u00e9penses au jour le jour, comparez-vous \u00e0 d&rsquo;autres foyers et recevez des alertes pour une ma\u00eetrise totale de votre budget.<\/p>\n<p class=\"in-short--title col-xs-12 text--center\"><strong>T\u00e9l\u00e9charger l&rsquo;application My Selectra<\/strong><\/p>\n<p><a href=\"https:\/\/apps.apple.com\/fr\/app\/myselectra-suivi-conso-%C3%A9nergie\/id6497334811\" target=\"_blank\" rel=\"nofollow noopener\"><img decoding=\"async\" class=\"u-img--fluid\" src=\"https:\/\/www.europesays.com\/fr\/wp-content\/uploads\/2025\/11\/logo_appstore.png\" alt=\"app store\" width=\"205\" height=\"59\" loading=\"lazy\"\/><\/a> <a href=\"https:\/\/play.google.com\/store\/apps\/details?id=com.selectra.app&amp;hl=fr&amp;pli=1\" target=\"_blank\" rel=\"nofollow noopener\"><img decoding=\"async\" class=\"u-img--fluid\" src=\"https:\/\/www.europesays.com\/fr\/wp-content\/uploads\/2025\/11\/play-store.png\" alt=\"google Store\" width=\"200\" height=\"59\" loading=\"lazy\"\/><\/a><\/p>\n<p>Cette capacit\u00e9 d&rsquo;anticipation n&rsquo;est pas de la magie. Notre algorithme s&rsquo;appuie sur <a href=\"https:\/\/www.services-rte.com\/files\/live\/sites\/services-rte\/files\/pdf\/20160106_Methode_de_choix_des_jours_Tempo.pdf\" target=\"_blank\" rel=\"nofollow noopener\">la m\u00e9thodologie officielle de RTE<\/a>, le gestionnaire du r\u00e9seau. Il analyse chaque jour les pr\u00e9visions de consommation nationale et de production d&rsquo;\u00e9nergies renouvelables. Plus la tension sur le r\u00e9seau est forte (un jour de grand froid avec peu de vent et de soleil), plus la probabilit\u00e9 d&rsquo;un jour rouge augmente. C&rsquo;est cette analyse qui vous donne un avantage strat\u00e9gique pour g\u00e9rer votre budget.<\/p>\n<p>  <img decoding=\"async\" class=\"new-ads__card-logo\" src=\"https:\/\/www.europesays.com\/fr\/wp-content\/uploads\/2025\/09\/ampoule-animee.gif\" alt=\"logo\"\/><\/p>\n<p class=\"new-ads__card-title\">Envie de changer de fournisseur d&rsquo;\u00e9lectricit\u00e9\u00a0?<\/p>\n<p class=\"new-ads__card-description\">La r\u00e9siliation et le changement de fournisseur est une d\u00e9marche <strong>gratuite<\/strong>. Contactez JeChange au :<\/p>\n<p>  <img decoding=\"async\" class=\"new-ads__card-logo\" src=\"https:\/\/www.europesays.com\/fr\/wp-content\/uploads\/2025\/09\/primeo-md.png\" alt=\"logo\"\/><\/p>\n<p class=\"new-ads__card-title\">L&rsquo;offre du moment \u00e0 -20 % (HT) par rapport au tarif r\u00e9glement\u00e9<\/p>\n<p class=\"new-ads__card-description\">Une offre \u00e0 prix fixe moins ch\u00e8re<\/p>\n<p>      Cet article vous a-t-il \u00e9t\u00e9 utile ?<\/p>\n<p>0% des 0 votes trouvent l&rsquo;information utile.<\/p>\n","protected":false},"excerpt":{"rendered":"Par Florian Tostivint Responsable \u00e9ditorial Energie Cr\u00e9\u00e9 le 18\/11\/2025 minutes de lecture Votre \u00e9lectricit\u00e9 moins ch\u00e8re toute l&rsquo;ann\u00e9e&hellip;\n","protected":false},"author":2,"featured_media":542357,"comment_status":"","ping_status":"","sticky":false,"template":"","format":"standard","meta":{"footnotes":""},"categories":[6],"tags":[35,33,34,1011,27],"class_list":{"0":"post-542356","1":"post","2":"type-post","3":"status-publish","4":"format-standard","5":"has-post-thumbnail","7":"category-economie","8":"tag-business","9":"tag-economie","10":"tag-economy","11":"tag-fr","12":"tag-france"},"share_on_mastodon":{"url":"https:\/\/pubeurope.com\/@fr\/115570471043262384","error":""},"_links":{"self":[{"href":"https:\/\/www.europesays.com\/fr\/wp-json\/wp\/v2\/posts\/542356","targetHints":{"allow":["GET"]}}],"collection":[{"href":"https:\/\/www.europesays.com\/fr\/wp-json\/wp\/v2\/posts"}],"about":[{"href":"https:\/\/www.europesays.com\/fr\/wp-json\/wp\/v2\/types\/post"}],"author":[{"embeddable":true,"href":"https:\/\/www.europesays.com\/fr\/wp-json\/wp\/v2\/users\/2"}],"replies":[{"embeddable":true,"href":"https:\/\/www.europesays.com\/fr\/wp-json\/wp\/v2\/comments?post=542356"}],"version-history":[{"count":0,"href":"https:\/\/www.europesays.com\/fr\/wp-json\/wp\/v2\/posts\/542356\/revisions"}],"wp:featuredmedia":[{"embeddable":true,"href":"https:\/\/www.europesays.com\/fr\/wp-json\/wp\/v2\/media\/542357"}],"wp:attachment":[{"href":"https:\/\/www.europesays.com\/fr\/wp-json\/wp\/v2\/media?parent=542356"}],"wp:term":[{"taxonomy":"category","embeddable":true,"href":"https:\/\/www.europesays.com\/fr\/wp-json\/wp\/v2\/categories?post=542356"},{"taxonomy":"post_tag","embeddable":true,"href":"https:\/\/www.europesays.com\/fr\/wp-json\/wp\/v2\/tags?post=542356"}],"curies":[{"name":"wp","href":"https:\/\/api.w.org\/{rel}","templated":true}]}}