{"id":542362,"date":"2025-11-18T11:31:16","date_gmt":"2025-11-18T11:31:16","guid":{"rendered":"https:\/\/www.europesays.com\/fr\/542362\/"},"modified":"2025-11-18T11:31:16","modified_gmt":"2025-11-18T11:31:16","slug":"grosse-commande-pour-airbus-la-compagnie-flydubai-veut-150-avions","status":"publish","type":"post","link":"https:\/\/www.europesays.com\/fr\/542362\/","title":{"rendered":"Grosse commande pour Airbus, la compagnie Flydubai veut 150 avions"},"content":{"rendered":"<p>C\u2019est un tr\u00e8s beau coup pour <a href=\"https:\/\/www.20minutes.fr\/dossier\/airbus\" class=\"c-link c-link--is-underlined\" target=\"_blank\" rel=\"noopener\">Airbus<\/a>. Au deuxi\u00e8me jour du <a href=\"https:\/\/www.dubaiairshow.aero\/en\/home.html\" target=\"_blank\" class=\"c-link c-link--is-underlined\" rel=\"noopener\">salon a\u00e9ronautique de Duba\u00ef<\/a>, la compagnie \u00e0 bas co\u00fbts <a href=\"https:\/\/www.20minutes.fr\/economie\/825114-20111117-compagnies-aerienne-golfe-voient-centre-monde\" class=\"c-link c-link--is-underlined\" target=\"_blank\" rel=\"noopener\">Flydubai <\/a>a annonc\u00e9 avoir pass\u00e9 commande pour 150 avions Airbus A321neo, soit davantage d\u2019appareils que la totalit\u00e9 de sa flotte actuelle.<\/p>\n<p>Lors d\u2019un point presse, le pr\u00e9sident de la compagnie a\u00e9rienne \u00e9mirat, Cheikh Ahmed ben Saeed Al Maktoum, \u00e9galement fondateur du groupe <a href=\"https:\/\/www.20minutes.fr\/economie\/2906839-20201112-transport-aerien-compagnie-emirates-annonce-pertes-semestrielles-34-milliards-dollars\" class=\"c-link c-link--is-underlined\" target=\"_blank\" rel=\"noopener\">Emirates<\/a>, a qualifi\u00e9 cette premi\u00e8re commande aupr\u00e8s du constructeur europ\u00e9en d&rsquo;\u00ab\u00a0\u00e9tape importante dans l\u2019expansion et la diversification de notre flotte\u00a0\u00bb.<\/p>\n<p>Un contrat \u00e0 24\u00a0milliards de dollars<\/p>\n<p>Pour sceller cette entente commerciale, les deux parties ont sign\u00e9 un accord de principe portant sur une commande ferme, d\u2019une valeur de 24\u00a0milliards de dollars, avec des options sur 100 autres appareils. Les livraisons ne devraient, en revanche, pas d\u00e9buter avant\u00a02031.<\/p>\n<p>De son c\u00f4t\u00e9, la compagnie <a href=\"https:\/\/www.20minutes.fr\/economie\/926501-20120501-etihad-renforce-europe-entrant-capital-aer-lingus\" class=\"c-link c-link--is-underlined\" target=\"_blank\" rel=\"noopener\">Etihad<\/a>, bas\u00e9e \u00e0 Abou Dhabi, a annonc\u00e9 une commande de 16 avions Airbus\u00a0: six A330-900, sept A350-1000 et trois A350F. Un coup double pour l\u2019entreprise a\u00e9rospatiale europ\u00e9enne.<\/p><\/p>\n","protected":false},"excerpt":{"rendered":"C\u2019est un tr\u00e8s beau coup pour Airbus. Au deuxi\u00e8me jour du salon a\u00e9ronautique de Duba\u00ef, la compagnie \u00e0&hellip;\n","protected":false},"author":2,"featured_media":542363,"comment_status":"","ping_status":"","sticky":false,"template":"","format":"standard","meta":{"footnotes":""},"categories":[2],"tags":[65503,47,11,36,37,5017,66078,10835,1011,27,12,104],"class_list":{"0":"post-542362","1":"post","2":"type-post","3":"status-publish","4":"format-standard","5":"has-post-thumbnail","7":"category-actualites","8":"tag-abou-dabi","9":"tag-actualite","10":"tag-actualites","11":"tag-airbus","12":"tag-avion","13":"tag-dubai","14":"tag-emirat","15":"tag-emirates","16":"tag-fr","17":"tag-france","18":"tag-news","19":"tag-societe"},"share_on_mastodon":{"url":"https:\/\/pubeurope.com\/@fr\/115570480575059882","error":""},"_links":{"self":[{"href":"https:\/\/www.europesays.com\/fr\/wp-json\/wp\/v2\/posts\/542362","targetHints":{"allow":["GET"]}}],"collection":[{"href":"https:\/\/www.europesays.com\/fr\/wp-json\/wp\/v2\/posts"}],"about":[{"href":"https:\/\/www.europesays.com\/fr\/wp-json\/wp\/v2\/types\/post"}],"author":[{"embeddable":true,"href":"https:\/\/www.europesays.com\/fr\/wp-json\/wp\/v2\/users\/2"}],"replies":[{"embeddable":true,"href":"https:\/\/www.europesays.com\/fr\/wp-json\/wp\/v2\/comments?post=542362"}],"version-history":[{"count":0,"href":"https:\/\/www.europesays.com\/fr\/wp-json\/wp\/v2\/posts\/542362\/revisions"}],"wp:featuredmedia":[{"embeddable":true,"href":"https:\/\/www.europesays.com\/fr\/wp-json\/wp\/v2\/media\/542363"}],"wp:attachment":[{"href":"https:\/\/www.europesays.com\/fr\/wp-json\/wp\/v2\/media?parent=542362"}],"wp:term":[{"taxonomy":"category","embeddable":true,"href":"https:\/\/www.europesays.com\/fr\/wp-json\/wp\/v2\/categories?post=542362"},{"taxonomy":"post_tag","embeddable":true,"href":"https:\/\/www.europesays.com\/fr\/wp-json\/wp\/v2\/tags?post=542362"}],"curies":[{"name":"wp","href":"https:\/\/api.w.org\/{rel}","templated":true}]}}