{"id":542364,"date":"2025-11-18T11:32:16","date_gmt":"2025-11-18T11:32:16","guid":{"rendered":"https:\/\/www.europesays.com\/fr\/542364\/"},"modified":"2025-11-18T11:32:16","modified_gmt":"2025-11-18T11:32:16","slug":"prison-ferme-pour-lauteur-du-coup-de-couteau-qui-setait-enfui-en-velivert","status":"publish","type":"post","link":"https:\/\/www.europesays.com\/fr\/542364\/","title":{"rendered":"prison ferme pour l\u2019auteur du coup de couteau qui s\u2019\u00e9tait enfui en V\u00e9livert"},"content":{"rendered":"<p>Le casier judiciaire est charg\u00e9. D\u2019abord des violences, punies par le tribunal pour enfants. Puis toute une s\u00e9rie d\u2019infractions sanctionn\u00e9es en correctionnelle, jusqu\u2019\u00e0 une peine de trois ans d\u2019emprisonnement ferme pour de nouvelles violences.<\/p>\n<p>\u00ab Comment expliquez-vous ce pass\u00e9 judiciaire ? \u00bb, demande le pr\u00e9sident du tribunal, Fran\u00e7ois-Xavier Manteaux. \u00ab J\u2019ai un rapport avec la violence qui n\u2019est pas simple. J\u2019ai grandi dans un pays qui m\u2019a impr\u00e9gn\u00e9\u2026 \u00bb<\/p>\n<p>Ridge Babale Nzamungini est un Congolais de 25 ans&#8230;.<\/p>\n","protected":false},"excerpt":{"rendered":"Le casier judiciaire est charg\u00e9. D\u2019abord des violences, punies par le tribunal pour enfants. Puis toute une s\u00e9rie&hellip;\n","protected":false},"author":2,"featured_media":542365,"comment_status":"","ping_status":"","sticky":false,"template":"","format":"standard","meta":{"footnotes":""},"categories":[9653],"tags":[1111,11,2430,271,272,7539,1777,674,274,107,1011,27,3367,12,25,4001,7538],"class_list":{"0":"post-542364","1":"post","2":"type-post","3":"status-publish","4":"format-standard","5":"has-post-thumbnail","7":"category-saint-etienne","8":"tag-actu","9":"tag-actualites","10":"tag-auvergne-rhone-alpes","11":"tag-crime","12":"tag-delit-et-contravention","13":"tag-edition-loire-sud","14":"tag-eu","15":"tag-europe","16":"tag-faits-divers-justice","17":"tag-fil-info","18":"tag-fr","19":"tag-france","20":"tag-loire","21":"tag-news","22":"tag-republique-francaise","23":"tag-saint-etienne","24":"tag-saint-etienne-ville"},"share_on_mastodon":{"url":"https:\/\/pubeurope.com\/@fr\/115570484501578778","error":""},"_links":{"self":[{"href":"https:\/\/www.europesays.com\/fr\/wp-json\/wp\/v2\/posts\/542364","targetHints":{"allow":["GET"]}}],"collection":[{"href":"https:\/\/www.europesays.com\/fr\/wp-json\/wp\/v2\/posts"}],"about":[{"href":"https:\/\/www.europesays.com\/fr\/wp-json\/wp\/v2\/types\/post"}],"author":[{"embeddable":true,"href":"https:\/\/www.europesays.com\/fr\/wp-json\/wp\/v2\/users\/2"}],"replies":[{"embeddable":true,"href":"https:\/\/www.europesays.com\/fr\/wp-json\/wp\/v2\/comments?post=542364"}],"version-history":[{"count":0,"href":"https:\/\/www.europesays.com\/fr\/wp-json\/wp\/v2\/posts\/542364\/revisions"}],"wp:featuredmedia":[{"embeddable":true,"href":"https:\/\/www.europesays.com\/fr\/wp-json\/wp\/v2\/media\/542365"}],"wp:attachment":[{"href":"https:\/\/www.europesays.com\/fr\/wp-json\/wp\/v2\/media?parent=542364"}],"wp:term":[{"taxonomy":"category","embeddable":true,"href":"https:\/\/www.europesays.com\/fr\/wp-json\/wp\/v2\/categories?post=542364"},{"taxonomy":"post_tag","embeddable":true,"href":"https:\/\/www.europesays.com\/fr\/wp-json\/wp\/v2\/tags?post=542364"}],"curies":[{"name":"wp","href":"https:\/\/api.w.org\/{rel}","templated":true}]}}