{"id":542368,"date":"2025-11-18T11:35:21","date_gmt":"2025-11-18T11:35:21","guid":{"rendered":"https:\/\/www.europesays.com\/fr\/542368\/"},"modified":"2025-11-18T11:35:21","modified_gmt":"2025-11-18T11:35:21","slug":"une-journee-pour-mieux-comprendre-le-cancer-du-pancreas","status":"publish","type":"post","link":"https:\/\/www.europesays.com\/fr\/542368\/","title":{"rendered":"Une journ\u00e9e pour mieux comprendre le cancer du pancr\u00e9as"},"content":{"rendered":"<p><strong>Mardi 25 novembre 2025, de 11h \u00e0 16h, le CHRU de Nancy organise une journ\u00e9e d\u2019information dans le hall de l\u2019Institut Louis Mathieu, enti\u00e8rement consacr\u00e9e au cancer du pancr\u00e9as.<\/strong><\/p>\n<p><img loading=\"lazy\" decoding=\"async\" class=\"size-full wp-image-77519\" src=\"https:\/\/www.europesays.com\/fr\/wp-content\/uploads\/2025\/11\/radio-scan-pancreas-UnlimPhotos.jpg\" alt=\"Radio-scan-pancr\u00e9as (UnlimPhotos)\" width=\"1200\" height=\"800\"  \/>Radio-scan-pancr\u00e9as (UnlimPhotos)<\/p>\n<p>Professionnels de sant\u00e9, associations partenaires et repr\u00e9sentants du r\u00e9seau HEPABILOR seront pr\u00e9sents pour \u00e9changer avec le public autour des sympt\u00f4mes, de la pr\u00e9vention, du d\u00e9pistage et des parcours de soins.<\/p>\n<p>Une maladie encore trop m\u00e9connue<\/p>\n<p>Avec 16 000 nouveaux cas par an en France, le cancer du pancr\u00e9as est en constante augmentation (+3 % par an). Il s\u2019agit du 2\u1d49 cancer digestif le plus fr\u00e9quent, apr\u00e8s le cancer colorectal. En 30 ans, le nombre de cas a plus que doubl\u00e9 (7 000 en 1990).<br \/>Les facteurs de risque identifi\u00e9s incluent :<\/p>\n<ul>\n<li>Le vieillissement de la population<\/li>\n<li>Le tabac<\/li>\n<li>Le diab\u00e8te \u00e9voluant depuis plus de 10 ans<\/li>\n<li>Le surpoids et la s\u00e9dentarit\u00e9<\/li>\n<\/ul>\n<p>Des \u00e9tudes en cours explorent \u00e9galement le r\u00f4le des pesticides et microplastiques, avec des liens probables, mais encore marginaux. Environ 5 % des cas sont li\u00e9s \u00e0 des mutations g\u00e9n\u00e9tiques (BRCA1, BRCA2\u2026).<\/p>\n<p>Pas de d\u00e9pistage g\u00e9n\u00e9ralis\u00e9, mais des pistes<\/p>\n<p>\u00c0 ce jour, aucun test de d\u00e9pistage g\u00e9n\u00e9ralis\u00e9 n\u2019existe pour cette maladie, faute d\u2019outil peu invasif et accessible. Le d\u00e9pistage peut \u00eatre envisag\u00e9 dans le cadre de pr\u00e9dispositions g\u00e9n\u00e9tiques, aupr\u00e8s d\u2019\u00e9quipes sp\u00e9cialis\u00e9es.<br \/>La pr\u00e9vention reste donc essentielle : lutte contre le tabac, activit\u00e9 physique, surveillance du diab\u00e8te.<\/p>\n<p>Des espoirs port\u00e9s par la recherche<\/p>\n<p>Malgr\u00e9 un pronostic encore sombre (taux de survie \u00e0 5 ans \u2248 10 %), la recherche progresse et ouvre des perspectives prometteuses :<\/p>\n<ul>\n<li>Vaccins post-op\u00e9ratoires pour les formes op\u00e9r\u00e9es<\/li>\n<li>Strat\u00e9gies pr\u00e9-op\u00e9ratoires innovantes (signatures g\u00e9nomiques)<\/li>\n<li>Radioth\u00e9rapies cibl\u00e9es (RIV)<\/li>\n<li>Nouvelles cibles th\u00e9rapeutiques pour les formes m\u00e9tastatiques (KRAS, MTAP\u2026)<\/li>\n<\/ul>\n<p>Une prise en charge multidisciplinaire au CHRU<\/p>\n<p>Le CHRU de Nancy dispose d\u2019un r\u00e9seau de prise en charge d\u00e9di\u00e9, via HEPABILOR, permettant un bilan diagnostic rapide incluant les examens d\u2019imagerie adapt\u00e9s.<br \/>Chaque ann\u00e9e, plus de 100 r\u00e9sections pancr\u00e9atiques sont r\u00e9alis\u00e9es dans le service, dont 80 \u00e0 90 % sont des ad\u00e9nocarcinomes. Depuis le 1er janvier 2025, 98 r\u00e9sections ont d\u00e9j\u00e0 \u00e9t\u00e9 effectu\u00e9es.<br \/>La prise en charge repose sur une collaboration \u00e9troite entre chirurgiens, endoscopistes, radiologues, nutritionnistes, oncologues, psychologues, m\u00e9decins de soins palliatifs\u2026 sans oublier les associations de patients comme Espoir Pancr\u00e9as, et le r\u00f4le essentiel des aidants.<\/p>\n<p><a href=\"https:\/\/infodujour.fr\/sante\/mailto:hepabilor@chru-nancy.fr\" target=\"_blank\" rel=\"noopener\">hepabilor@chru-nancy.fr<\/a><\/p>\n","protected":false},"excerpt":{"rendered":"Mardi 25 novembre 2025, de 11h \u00e0 16h, le CHRU de Nancy organise une journ\u00e9e d\u2019information dans le&hellip;\n","protected":false},"author":2,"featured_media":542369,"comment_status":"","ping_status":"","sticky":false,"template":"","format":"standard","meta":{"footnotes":""},"categories":[9635],"tags":[1111,11,12123,1777,674,1011,27,775,1702,12,6803,25],"class_list":{"0":"post-542368","1":"post","2":"type-post","3":"status-publish","4":"format-standard","5":"has-post-thumbnail","7":"category-nancy","8":"tag-actu","9":"tag-actualites","10":"tag-chru-nancy","11":"tag-eu","12":"tag-europe","13":"tag-fr","14":"tag-france","15":"tag-grand-est","16":"tag-nancy","17":"tag-news","18":"tag-pancreas","19":"tag-republique-francaise"},"share_on_mastodon":{"url":"https:\/\/pubeurope.com\/@fr\/115570496427979763","error":""},"_links":{"self":[{"href":"https:\/\/www.europesays.com\/fr\/wp-json\/wp\/v2\/posts\/542368","targetHints":{"allow":["GET"]}}],"collection":[{"href":"https:\/\/www.europesays.com\/fr\/wp-json\/wp\/v2\/posts"}],"about":[{"href":"https:\/\/www.europesays.com\/fr\/wp-json\/wp\/v2\/types\/post"}],"author":[{"embeddable":true,"href":"https:\/\/www.europesays.com\/fr\/wp-json\/wp\/v2\/users\/2"}],"replies":[{"embeddable":true,"href":"https:\/\/www.europesays.com\/fr\/wp-json\/wp\/v2\/comments?post=542368"}],"version-history":[{"count":0,"href":"https:\/\/www.europesays.com\/fr\/wp-json\/wp\/v2\/posts\/542368\/revisions"}],"wp:featuredmedia":[{"embeddable":true,"href":"https:\/\/www.europesays.com\/fr\/wp-json\/wp\/v2\/media\/542369"}],"wp:attachment":[{"href":"https:\/\/www.europesays.com\/fr\/wp-json\/wp\/v2\/media?parent=542368"}],"wp:term":[{"taxonomy":"category","embeddable":true,"href":"https:\/\/www.europesays.com\/fr\/wp-json\/wp\/v2\/categories?post=542368"},{"taxonomy":"post_tag","embeddable":true,"href":"https:\/\/www.europesays.com\/fr\/wp-json\/wp\/v2\/tags?post=542368"}],"curies":[{"name":"wp","href":"https:\/\/api.w.org\/{rel}","templated":true}]}}