{"id":542370,"date":"2025-11-18T11:36:18","date_gmt":"2025-11-18T11:36:18","guid":{"rendered":"https:\/\/www.europesays.com\/fr\/542370\/"},"modified":"2025-11-18T11:36:18","modified_gmt":"2025-11-18T11:36:18","slug":"lex-mjc-pichon-et-le-marche-font-reagir-lopposition","status":"publish","type":"post","link":"https:\/\/www.europesays.com\/fr\/542370\/","title":{"rendered":"l\u2019ex-MJC Pichon et le march\u00e9 font r\u00e9agir l\u2019opposition"},"content":{"rendered":"<p>  Ex-MJC Pichon\u00a0: Nancy positive s\u2019abstient<\/p>\n<p>Quel avenir pour les\u00a0locaux du N\u00b0\u00a07 boulevard du Recteur Senn (quartier Ren\u00e9-II\/Bonsecours), d\u00e9di\u00e9s \u00e0 la <a href=\"https:\/\/www.estrepublicain.fr\/education\/2025\/10\/16\/mjc-pichon-le-punch-defend-son-projet-associatif\" target=\"_blank\" rel=\"noopener\">MJC Pichon<\/a> jusqu\u2019elle soit liquid\u00e9e en juin dernier\u00a0?<\/p>\n<p>La Ville, apr\u00e8s \u00ab\u00a0un travail de diagnostic territorial du quartier\u00a0\u00bb, souhaite voir na\u00eetre ici \u00ab\u00a0une structure d\u2019animation de la vie sociale (AVS) en lien avec la CAF (Caisse d\u2019allocations familiales) 54 et le conseil d\u00e9partemental\u00a0\u00bb, pr\u00e9sente l\u2019adjointe Marianne Birck, \u00ab\u00a0avec un dispositif d\u2019accompagnement pour les 12\/25 ans\u00a0\u00bb compl\u00e9mentaire de l\u2019AVS. Pour cela, la Ville lancera \u00ab\u00a0un appel \u00e0 manifestation d\u2019int\u00e9r\u00eat (AMI) aupr\u00e8s des acteurs associatifs pour identifier un porteur de projet adapt\u00e9\u00a0\u00bb.<\/p>\n<p>Le groupe minoritaire Nancy Positive, lui, aurait souhait\u00e9 \u00ab\u00a0un d\u00e9bat entre les diff\u00e9rentes sensibilit\u00e9s du conseil et les acteurs associatifs, avant de trancher pour cette strat\u00e9gie\u00a0\u00bb, note le chef de file <a href=\"https:\/\/www.estrepublicain.fr\/p\/laurent-henart\" target=\"_blank\" rel=\"noopener\">Laurent H\u00e9nart<\/a>. \u00ab\u00a0Ensuite, cet AMI intervient alors qu\u2019on n\u2019a pas encore le diagnostic complet [\u2026] ni le cahier des charges.\u00a0\u00bb<\/p>\n<p>D\u2019o\u00f9 l\u2019abstention de Nancy Positive.<\/p>\n<p>  March\u00e9 central\u00a0: \u00e7a coince pour deux groupes<\/p>\n<p>Pr\u00e9sentant la d\u00e9lib\u00e9ration relative au <a href=\"https:\/\/www.estrepublicain.fr\/economie\/2025\/09\/29\/vers-une-transformation-complete-du-marche-central-et-une-gestion-privee-des-2027\" target=\"_blank\" rel=\"noopener\">march\u00e9 central<\/a> , site pour lequel il convient d\u2019acter le principe d\u2019une d\u00e9l\u00e9gation de service public (DSP) et de la recherche d\u2019un op\u00e9rateur priv\u00e9 en gestionnaire, l\u2019adjoint au commerce Areski Sadi pr\u00e9cise que les travaux de la halle sont estim\u00e9s \u00e0 \u00ab\u00a06\u00a0millions d\u2019euros, somme qui pourrait \u00eatre revue avec l\u2019op\u00e9rateur\u00a0\u00bb. La dur\u00e9e de cette DSP naviguera \u00ab\u00a0entre 20 et 30 ans\u00a0\u00bb, ce point \u00e9tant soumis \u00e0 n\u00e9gociation.<\/p>\n<p>Consid\u00e9rant que les d\u00e9tails manquent sur <a href=\"https:\/\/www.estrepublicain.fr\/economie\/2025\/09\/28\/le-point-sur-l-avenir-du-marche-central-cap-sur-la-delegation-de-service-public\" target=\"_blank\" rel=\"noopener\"> ce proje<\/a> t, Sophie Mayeux, pour Nancy Positive, annonce que le groupe s\u2019abstient \u00ab\u00a0dans l\u2019int\u00e9r\u00eat des commer\u00e7ants et de la collectivit\u00e9\u00a0\u00bb.<\/p>\n<p>Abstention \u00e9galement du groupe Communistes et citoyens, qui s\u2019\u00e9tait d\u00e9j\u00e0 abstenu au moment de d\u00e9lib\u00e9rer sur le lancement d\u2019un appel \u00e0 ma\u00eetre d\u2019ouvrage pour ledit march\u00e9 central.<\/p>\n<p>  Sport\u00a0: un chantier \u00e0 12\u00a0millions d\u2019euros<\/p>\n<p>Le projet de r\u00e9novation <a href=\"https:\/\/www.estrepublicain.fr\/societe\/2023\/10\/12\/savez-vous-qui-etait-raymond-matter-qui-a-donne-son-nom-a-un-stade-a-nancy\" target=\"_blank\" rel=\"noopener\">des stades Matter<\/a> et Victor, v\u00e9tustes, voire d\u00e9labr\u00e9s, sur les Rives de Meurthe, est quant \u00e0 lui adopt\u00e9 \u00e0 la majorit\u00e9\u00a0: d\u00e8s avril\u00a02026, ces structures accueillant rugby et foot seront enti\u00e8rement r\u00e9habilit\u00e9es pour un budget estim\u00e9 \u00e0 12\u00a0M\u20ac. Livraison esp\u00e9r\u00e9e en 2030.<\/p>\n<p>  Les dates d\u2019ouverture des commerces le dimanche en 2026<\/p>\n<p>Les commerces nanc\u00e9iens pourront ouvrir neuf dimanches en 2026 aux dates suivantes\u00a0: le 4\u00a0janvier (soldes d\u2019hiver), le 28\u00a0juin (soldes d\u2019\u00e9t\u00e9), le 13\u00a0septembre (Livre sur la Place), les 22 et 29\u00a0novembre, les 6, 13, 20 et 27\u00a0d\u00e9cembre (f\u00eates de fin d\u2019ann\u00e9e).<\/p>\n","protected":false},"excerpt":{"rendered":"Ex-MJC Pichon\u00a0: Nancy positive s\u2019abstient Quel avenir pour les\u00a0locaux du N\u00b0\u00a07 boulevard du Recteur Senn (quartier Ren\u00e9-II\/Bonsecours), d\u00e9di\u00e9s&hellip;\n","protected":false},"author":2,"featured_media":542371,"comment_status":"","ping_status":"","sticky":false,"template":"","format":"standard","meta":{"footnotes":""},"categories":[9635],"tags":[1111,11,1984,1704,1777,674,1011,27,775,1702,1703,12,316,25],"class_list":{"0":"post-542370","1":"post","2":"type-post","3":"status-publish","4":"format-standard","5":"has-post-thumbnail","7":"category-nancy","8":"tag-actu","9":"tag-actualites","10":"tag-conseil-municipal","11":"tag-edition-nancy-et-agglomeration","12":"tag-eu","13":"tag-europe","14":"tag-fr","15":"tag-france","16":"tag-grand-est","17":"tag-nancy","18":"tag-nancy-ville-54b","19":"tag-news","20":"tag-politique","21":"tag-republique-francaise"},"share_on_mastodon":{"url":"https:\/\/pubeurope.com\/@fr\/115570500430841169","error":""},"_links":{"self":[{"href":"https:\/\/www.europesays.com\/fr\/wp-json\/wp\/v2\/posts\/542370","targetHints":{"allow":["GET"]}}],"collection":[{"href":"https:\/\/www.europesays.com\/fr\/wp-json\/wp\/v2\/posts"}],"about":[{"href":"https:\/\/www.europesays.com\/fr\/wp-json\/wp\/v2\/types\/post"}],"author":[{"embeddable":true,"href":"https:\/\/www.europesays.com\/fr\/wp-json\/wp\/v2\/users\/2"}],"replies":[{"embeddable":true,"href":"https:\/\/www.europesays.com\/fr\/wp-json\/wp\/v2\/comments?post=542370"}],"version-history":[{"count":0,"href":"https:\/\/www.europesays.com\/fr\/wp-json\/wp\/v2\/posts\/542370\/revisions"}],"wp:featuredmedia":[{"embeddable":true,"href":"https:\/\/www.europesays.com\/fr\/wp-json\/wp\/v2\/media\/542371"}],"wp:attachment":[{"href":"https:\/\/www.europesays.com\/fr\/wp-json\/wp\/v2\/media?parent=542370"}],"wp:term":[{"taxonomy":"category","embeddable":true,"href":"https:\/\/www.europesays.com\/fr\/wp-json\/wp\/v2\/categories?post=542370"},{"taxonomy":"post_tag","embeddable":true,"href":"https:\/\/www.europesays.com\/fr\/wp-json\/wp\/v2\/tags?post=542370"}],"curies":[{"name":"wp","href":"https:\/\/api.w.org\/{rel}","templated":true}]}}