{"id":542376,"date":"2025-11-18T11:39:16","date_gmt":"2025-11-18T11:39:16","guid":{"rendered":"https:\/\/www.europesays.com\/fr\/542376\/"},"modified":"2025-11-18T11:39:16","modified_gmt":"2025-11-18T11:39:16","slug":"lopera-orchestre-national-de-montpellier-se-tourne-vers-les-tpe-pme-du-territoire-avec-un-mecenat-dun-nouveau-genre","status":"publish","type":"post","link":"https:\/\/www.europesays.com\/fr\/542376\/","title":{"rendered":"L\u2019Op\u00e9ra Orchestre National de Montpellier se tourne vers les TPE-PME du territoire avec un m\u00e9c\u00e9nat d\u2019un nouveau genre"},"content":{"rendered":"<p>\n                                                                En qu\u00eate de nouveaux soutiens, l\u2019Op\u00e9ra Orchestre National de Montpellier mobilise les TPE-PME du territoire avec un m\u00e9c\u00e9nat accessible d\u00e8s 1\u00a0000\u00a0\u20ac. Port\u00e9e par la CCI et l\u2019Op\u00e9ra, l\u2019initiative a d\u00e9j\u00e0 s\u00e9duit une quarantaine d\u2019entrepreneurs et sera pr\u00e9sent\u00e9e lors d\u2019une soir\u00e9e pr\u00e9vue le 24\u00a0novembre.\n                            <\/p>\n<p>En qu\u00eate de nouveaux m\u00e9c\u00e8nes, l\u2019Op\u00e9ra Orchestre National de Montpellier se tourne vers les petites et moyennes entreprises du territoire. Plus habitu\u00e9es \u00e0 subventionner les clubs sportifs et associations culturelles, les TPE et PME sont d\u00e9sormais invit\u00e9es \u00e0 pousser les portes du\u00a0th\u00e9\u00e2tre \u00e0 l\u2019italienne de la place de la Com\u00e9die contre un ticket d\u2019entr\u00e9e \u00e0 1\u00a0000\u00a0\u20ac. Une id\u00e9e imagin\u00e9e par les\u00a0pr\u00e9sidents de la CCI et de l\u2019Op\u00e9ra, Andr\u00e9 Deljarry et Bernard Serrou.<\/p>\n<p>D\u00e9construire le c\u00f4t\u00e9 \u00e9litiste de l\u2019Op\u00e9ra<\/p>\n<p>\u00ab\u00a0Il fallait d\u00e9construire le c\u00f4t\u00e9 \u00e9litiste de l\u2019op\u00e9ra, qui freinait\u00a0certains petits entrepreneurs. Il fallait aussi trouver un moyen de susciter l\u2019engagement sans impacter une tr\u00e9sorerie fragilis\u00e9e par la crise \u00e9conomique\u00a0\u00bb, d\u00e9taille la chambre consulaire. En un an, une quarantaine de chefs d\u2019entreprise ont rejoint le club des m\u00e9c\u00e8nes 1\u00a0000 Voix.<\/p>\n<p>Et les deux acteurs de ce partenariat esp\u00e8rent en convaincre beaucoup d\u2019autres lors de la soir\u00e9e d\u00e9di\u00e9e organis\u00e9e le lundi 24\u00a0novembre, \u00e0 l\u2019Op\u00e9ra Com\u00e9die.<\/p>\n<p>Soir\u00e9e gratuite\u00a01\u00a0000 Voix, ouverte aux entrepreneurs du territoire. Lundi 24\u00a0novembre, d\u00e8s 18\u00a0h\u00a030. Inscription sur <a href=\"http:\/\/www.bit.ly\/1000voix\" target=\"_blank\" rel=\"nofollow noopener\">www.bit.ly\/1000voix<\/a><\/p>\n","protected":false},"excerpt":{"rendered":"En qu\u00eate de nouveaux soutiens, l\u2019Op\u00e9ra Orchestre National de Montpellier mobilise les TPE-PME du territoire avec un m\u00e9c\u00e9nat&hellip;\n","protected":false},"author":2,"featured_media":542377,"comment_status":"","ping_status":"","sticky":false,"template":"","format":"standard","meta":{"footnotes":""},"categories":[9599],"tags":[1111,11,1777,674,1011,27,2208,12,2680,25],"class_list":{"0":"post-542376","1":"post","2":"type-post","3":"status-publish","4":"format-standard","5":"has-post-thumbnail","7":"category-montpellier","8":"tag-actu","9":"tag-actualites","10":"tag-eu","11":"tag-europe","12":"tag-fr","13":"tag-france","14":"tag-montpellier","15":"tag-news","16":"tag-occitanie","17":"tag-republique-francaise"},"share_on_mastodon":{"url":"https:\/\/pubeurope.com\/@fr\/115570512002897615","error":""},"_links":{"self":[{"href":"https:\/\/www.europesays.com\/fr\/wp-json\/wp\/v2\/posts\/542376","targetHints":{"allow":["GET"]}}],"collection":[{"href":"https:\/\/www.europesays.com\/fr\/wp-json\/wp\/v2\/posts"}],"about":[{"href":"https:\/\/www.europesays.com\/fr\/wp-json\/wp\/v2\/types\/post"}],"author":[{"embeddable":true,"href":"https:\/\/www.europesays.com\/fr\/wp-json\/wp\/v2\/users\/2"}],"replies":[{"embeddable":true,"href":"https:\/\/www.europesays.com\/fr\/wp-json\/wp\/v2\/comments?post=542376"}],"version-history":[{"count":0,"href":"https:\/\/www.europesays.com\/fr\/wp-json\/wp\/v2\/posts\/542376\/revisions"}],"wp:featuredmedia":[{"embeddable":true,"href":"https:\/\/www.europesays.com\/fr\/wp-json\/wp\/v2\/media\/542377"}],"wp:attachment":[{"href":"https:\/\/www.europesays.com\/fr\/wp-json\/wp\/v2\/media?parent=542376"}],"wp:term":[{"taxonomy":"category","embeddable":true,"href":"https:\/\/www.europesays.com\/fr\/wp-json\/wp\/v2\/categories?post=542376"},{"taxonomy":"post_tag","embeddable":true,"href":"https:\/\/www.europesays.com\/fr\/wp-json\/wp\/v2\/tags?post=542376"}],"curies":[{"name":"wp","href":"https:\/\/api.w.org\/{rel}","templated":true}]}}