{"id":542380,"date":"2025-11-18T11:42:20","date_gmt":"2025-11-18T11:42:20","guid":{"rendered":"https:\/\/www.europesays.com\/fr\/542380\/"},"modified":"2025-11-18T11:42:20","modified_gmt":"2025-11-18T11:42:20","slug":"marche-de-noel-de-rouen-2025-dates-horaires-festivites","status":"publish","type":"post","link":"https:\/\/www.europesays.com\/fr\/542380\/","title":{"rendered":"March\u00e9 de No\u00ebl de Rouen 2025 : dates, horaires, festivit\u00e9s"},"content":{"rendered":"<p class=\"intro\">Le march\u00e9 de No\u00ebl de Rouen ouvre ses portes du 21 novembre au 28 d\u00e9cembre 2025. Au pied de la cath\u00e9drale, une cinquantaine de chalets en bois, des illuminations et un grand sapin composent un village de No\u00ebl chaleureux o\u00f9 l\u2019on vient fl\u00e2ner, d\u00e9guster des sp\u00e9cialit\u00e9s normandes, faire ses cadeaux et profiter des nombreuses animations de Rouen Givr\u00e9e.<\/p>\n<p><a data-lightbox=\"article\" data-title=\"Le March\u00e9 de No\u00ebl de Rouen et ses chalets blancs \u00a9 2aorganisation.com\" class=\"image detail fullwidth\" href=\"https:\/\/www.jds.fr\/medias\/image\/marche-de-noel-de-rouen-773226-1200-0-F.webp\" title=\"Le March\u00e9 de No\u00ebl de Rouen et ses chalets blancs \u00a9 2aorganisation.com\" rel=\"nofollow noopener\" target=\"_blank\"><br \/>\n<img decoding=\"async\" loading=\"lazy\" src=\"https:\/\/www.europesays.com\/fr\/wp-content\/uploads\/2025\/11\/marche-de-noel-de-rouen-773226-1200-0.webp.webp\"   alt=\"Le March\u00e9 de No\u00ebl de Rouen et ses chalets blancs\" class=\"shortcode_image border\"\/><br \/>\n\u00a9 2aorganisation.com<br \/>\nLe March\u00e9 de No\u00ebl de Rouen et ses chalets blancs<br \/>\n<\/a>\n<\/p>\n<p>Dates et horaires du march\u00e9 de No\u00ebl de Rouen 2025<\/p>\n<p>\ud83d\udcc6 Install\u00e9 sur la place de la Cath\u00e9drale, le march\u00e9 de No\u00ebl de Rouen se tient <strong>du vendredi 21 novembre au dimanche 28 d\u00e9cembre 2025.<\/strong><\/p>\n<p><strong>Horaires du march\u00e9 de No\u00ebl de Rouen\u00a0:<\/strong><\/p>\n<ul>&#13;<\/p>\n<li>Lundi\u00a0: 14h \u2013 20h<\/li>\n<p>&#13;<\/p>\n<li>Du mardi au jeudi\u00a0: 11h \u2013 20h<\/li>\n<p>&#13;<\/p>\n<li>Vendredi\u00a0: 11h \u2013 21h<\/li>\n<p>&#13;<\/p>\n<li>Samedi\u00a0: 10h \u2013 21h<\/li>\n<p>&#13;<\/p>\n<li>Dimanche\u00a0: 10h \u2013 20h<\/li>\n<p>&#13;\n<\/ul>\n<p><strong>Exception\u00a0:<\/strong><\/p>\n<ul>&#13;<\/p>\n<li>Mercredi 24 d\u00e9cembre\u00a0: 10h \u2013 18h<\/li>\n<p>&#13;\n<\/ul>\n<p>Programmation et animations de No\u00ebl 2025\u00a0: Rouen Givr\u00e9e s\u2019empare de la ville<\/p>\n<p><a data-lightbox=\"article\" data-title=\"March\u00e9 de No\u00ebl de Rouen \u00a9 marchedenoelrouen.com\" class=\"image detail fullwidth\" href=\"https:\/\/www.jds.fr\/medias\/image\/marche-de-noel-de-rouen-1-773227-1200-0-F.webp\" title=\"March\u00e9 de No\u00ebl de Rouen \u00a9 marchedenoelrouen.com\" rel=\"nofollow noopener\" target=\"_blank\"><br \/>\n<img decoding=\"async\" loading=\"lazy\" src=\"https:\/\/www.europesays.com\/fr\/wp-content\/uploads\/2025\/11\/marche-de-noel-de-rouen-1-773227-1200-0.webp.webp\"   alt=\"March\u00e9 de No\u00ebl de Rouen\" class=\"shortcode_image border\"\/><br \/>\n\u00a9 marchedenoelrouen.com<br \/>\nMarch\u00e9 de No\u00ebl de Rouen<br \/>\n<\/a>\n<\/p>\n<p>Le march\u00e9 de No\u00ebl est le c\u0153ur battant d\u2019un programme plus vaste, Rouen Givr\u00e9e, qui anime toute la ville avec des rendez-vous festifs, des parades, des spectacles et des moments de convivialit\u00e9.<\/p>\n<p>Le march\u00e9 de No\u00ebl au pied de la cath\u00e9drale<\/p>\n<p>Le march\u00e9 se compose d&rsquo;une <strong>cinquantaine de chalets<\/strong> qui proposent cr\u00e9ations artisanales, bijoux, d\u00e9corations, accessoires de mode, bougies, luminaires, objets pour la maison et m\u00eame accessoires pour animaux de compagnie. Vous d\u00e9couvrirez aussi le\u00a0\u00ab\u00a0<strong>Jardin f\u00e9\u00e9rique<\/strong>\u00ab\u00a0, domin\u00e9 par un imposant sapin, o\u00f9 se cache la Maison du P\u00e8re No\u00ebl.<\/p>\n<p>Une large s\u00e9lection de produits \u201cmade in Normandie\u201d et de sp\u00e9cialit\u00e9s gourmandes vous sont \u00e9galement propos\u00e9es\u00a0: vin chaud, b\u00fbche normande, douceurs sucr\u00e9es et sal\u00e9es, chocolats, etc.<\/p>\n<p>Le march\u00e9 de No\u00ebl de la Rue des Cr\u00e9ateurs\u00a0<\/p>\n<p>Pendant la p\u00e9riode du 21 novembre au 28 d\u00e9cembre, la<strong> rue du Change<\/strong> accueille la \u201c<strong>Rue des cr\u00e9ateurs<\/strong>\u201d, un mini-march\u00e9 enti\u00e8rement d\u00e9di\u00e9 aux artisans et cr\u00e9ateurs locaux. Chaque semaine, un nouveau groupe de huit chalets pr\u00e9sente bijoux, accessoires de mode, d\u00e9corations, bougies, luminaires ou encore objets pour animaux. Au total, quarante cr\u00e9ateurs se succ\u00e9deront durant toute la p\u00e9riode pour mettre en lumi\u00e8re le meilleur du savoir-faire normand.<\/p>\n<p>Les autres march\u00e9s de No\u00ebl de Rouen<\/p>\n<p>\u00c0 la Halle aux Toiles,<strong> l\u2019Autre March\u00e9<\/strong> propose une immersion dans l\u2019\u00c9conomie Sociale et Solidaire. Trente-cinq structures y organisent un \u00e9v\u00e9nement solidaire et engag\u00e9, ouvert notamment<strong> le samedi 29 novembre de 10h \u00e0 20h<\/strong>. On y d\u00e9couvre une autre mani\u00e8re de consommer, \u00e0 travers des objets responsables, des initiatives locales et des animations conviviales.<\/p>\n<p>D\u2019autres march\u00e9s s\u2019invitent dans la dynamique festive\u00a0: le march\u00e9 associatif du Centre Texcier<strong> le 29 novembre de 9h \u00e0 18h,<\/strong> le village de No\u00ebl du Centre Andr\u00e9-Malraux<strong> le 6 d\u00e9cembre<\/strong> <strong>de 10h \u00e0 17h<\/strong> ou encore le march\u00e9 de la MJC Mont Gargan, qui propose une vingtaine d\u2019exposants, des animations pour enfants, la visite du P\u00e8re No\u00ebl et une buvette chaleureuse le <strong>6 d\u00e9cembre de 10h \u00e0 18h.<\/strong><\/p>\n<p>Pr\u00e9sence du P\u00e8re No\u00ebl<\/p>\n<p>\ud83d\udcc5 A partir du 29 novembre 2025<br \/>\u23f0 Horaires\u00a0: de 14h \u00e0 19h<br \/>\ud83d\udccd Chalet du P\u00e8re No\u00ebl &#8211; Jardin f\u00e9\u00e9rique, Place de la Calende<\/p>\n<p>Petits et grands, pr\u00e9parez-vous \u00e0 vivre la magie de No\u00ebl\u00a0! L&rsquo;h\u00f4te le plus c\u00e9l\u00e8bre du P\u00f4le Nord fait une halte exceptionnelle dans notre ville pour rencontrer tous les enfants sages et recueillir leurs pr\u00e9cieux courriers. C&rsquo;est l&rsquo;occasion r\u00eav\u00e9e pour prendre une photo souvenir et d\u00e9poser sa liste de cadeaux et partager\u00a0!<\/p>\n<p><strong>Jours de pr\u00e9sence\u00a0:<\/strong><\/p>\n<ul>&#13;<\/p>\n<li>Mercredis\u00a0: 3, 10, 17 d\u00e9cembre<\/li>\n<p>&#13;<\/p>\n<li>Samedis\u00a0: 29 novembre, 6, 13, 20 d\u00e9cembre<\/li>\n<p>&#13;<\/p>\n<li>Dimanches\u00a0: 30 novembre, 7, 14, 21 d\u00e9cembre<\/li>\n<p>&#13;<\/p>\n<li>Lundi 22 et mardi 23 d\u00e9cembre<\/li>\n<p>&#13;\n<\/ul>\n<p><a data-lightbox=\"article\" data-title=\"Rencontre avec le P\u00e8re No\u00ebl \u00e0 Rouen \u00a9 Freepik\" class=\"image detail fullwidth\" href=\"https:\/\/www.jds.fr\/medias\/image\/marche-de-noel-de-rouen-2-773228-1200-0-F.webp\" title=\"Rencontre avec le P\u00e8re No\u00ebl \u00e0 Rouen \u00a9 Freepik\" rel=\"nofollow noopener\" target=\"_blank\"><br \/>\n<img decoding=\"async\" loading=\"lazy\" src=\"https:\/\/www.europesays.com\/fr\/wp-content\/uploads\/2025\/11\/marche-de-noel-de-rouen-2-773228-1200-0.webp.webp\"   alt=\"Rencontre avec le P\u00e8re No\u00ebl \u00e0 Rouen\" class=\"shortcode_image border\"\/><br \/>\n\u00a9 Freepik<br \/>\nRencontre avec le P\u00e8re No\u00ebl \u00e0 Rouen<br \/>\n<\/a>\n<\/p>\n<p>Les temps forts de Rouen Givr\u00e9e<\/p>\n<p>Rouen Givr\u00e9e ponctue la saison de plusieurs \u00e9v\u00e9nements festifs.\u00a0<\/p>\n<p>\u2b50 La Grande Parade de No\u00ebl<\/p>\n<p>\ud83d\udcc5 Date\u00a0: 1er d\u00e9cembre 2025<br \/>\u23f0 Horaire\u00a0: \u00e0 partir de 17h<br \/>\ud83d\udccd Parcours\u00a0: Place des Emmur\u00e9es \u2192 Place Joffre \u2192 Pont Jeanne-d\u2019Arc \u2192 Rue Jeanne-d\u2019Arc \u2192 Rue Jean-Lecanuet \u2192 Arriv\u00e9e Place de l\u2019H\u00f4tel de Ville<\/p>\n<p>Un spectacle monumental avec 10 chars, 120 danseurs, musiques, costumes lumineux et l\u2019arriv\u00e9e du P\u00e8re No\u00ebl sur son tra\u00eeneau.<\/p>\n<p>\u2744\ufe0f La V\u00e9lo-Parade Givr\u00e9e<\/p>\n<p>\ud83d\udcc5 Date\u00a0: 7 d\u00e9cembre 2025<br \/>\u23f0 D\u00e9part\u00a0: 17h30<br \/>\ud83d\udccd Rendez-vous\u00a0: devant l\u2019H\u00f4tel de Ville \u00e0 17h \/ Arriv\u00e9e\u00a0: Place de la Calende vers 18h45<\/p>\n<p>Une parade d\u00e9jant\u00e9e de 9 km, ouverte \u00e0 tous, avec v\u00e9los customis\u00e9s, d\u00e9guisements et ambiance givr\u00e9e. Tout public \u2013 participation libre.\u00a0<\/p>\n<p>\ud83e\udde5 Championnat Normand du Pull Moche de No\u00ebl<\/p>\n<p>\ud83d\udcc5 Date\u00a0: 15 d\u00e9cembre 2025<br \/>\u23f0 Horaires\u00a0: 15h \u2013 18h<br \/>\ud83d\udccd Lieu\u00a0: Jardin des Contemplations (Place de la Cath\u00e9drale)<\/p>\n<p>D\u00e9fil\u00e9 humoristique des plus beaux pulls moches, ambiance fun et d\u00e9cal\u00e9e, remise de troph\u00e9es et de cadeaux. Les inscriptions se font du 4 novembre au 4 d\u00e9cembre 2024 sur Rouen.fr.\u00a0<\/p>\n<p>\u26f8\ufe0f Le Gala Glac\u00e9 \u2013 Patinoire Nathalie-P\u00e9chalat<\/p>\n<p>\ud83d\udcc5 Date\u00a0: 18 d\u00e9cembre 2025<br \/>\u23f0 Horaires\u00a0: 14h \u2013 15h30<br \/>\ud83d\udccd Lieu\u00a0: Patinoire Nathalie-P\u00e9chalat, \u00cele Lacroix<\/p>\n<p>D\u00e9monstrations artistiques par les clubs de patinage rouennais.<\/p>\n<p>\ud83e\uddf8 Place aux Jeux \u2013 Grande apr\u00e8s-midi ludique<\/p>\n<p>\ud83d\udcc5 Date\u00a0: 21 d\u00e9cembre 2025<br \/>\u23f0 Horaires\u00a0: 14h \u2013 18h30<br \/>\ud83d\udccd Lieu\u00a0: Esplanade Marcel-Duchamp (devant le mus\u00e9e des Beaux-Arts)<\/p>\n<p>Grande zone d\u2019animations\u00a0: jeux pour enfants, activit\u00e9s familiales, animations ludiques pour tous les \u00e2ges.<\/p>\n<p>Le march\u00e9 de No\u00ebl de Rouen est facilement accessible gr\u00e2ce aux<strong> transports en commun<\/strong> et aux mobilit\u00e9s douces mises en avant dans toute l\u2019agglom\u00e9ration.<\/p>\n<p><strong>TEOR<\/strong>\u00a0:<\/p>\n<ul>&#13;<\/p>\n<li>Lignes T1, T2 et T3<\/li>\n<p>&#13;<\/p>\n<li>Arr\u00eat \u00ab R\u00e9publique \u00bb, \u00e0 quelques minutes \u00e0 pied de la cath\u00e9drale<\/li>\n<p>&#13;\n<\/ul>\n<p><strong>M\u00e9tro\u00a0:<\/strong><\/p>\n<ul>&#13;<\/p>\n<li>Les 2 lignes de m\u00e9tro desservent le centre<\/li>\n<p>&#13;<\/p>\n<li>Descendre \u00e0 la station \u00ab Th\u00e9\u00e2tre des Arts \u00bb, puis environ 6 minutes de marche jusqu\u2019\u00e0 la place de la Cath\u00e9drale<\/li>\n<p>&#13;\n<\/ul>\n<p><strong>Bus\u00a0:<\/strong><\/p>\n<ul>&#13;<\/p>\n<li>Lignes 11, F1 et F7<\/li>\n<p>&#13;<\/p>\n<li>Arr\u00eat \u00ab R\u00e9publique \u00bb<\/li>\n<p>&#13;\n<\/ul>\n<p><strong>Train (TER)\u00a0:<\/strong><\/p>\n<p>Des liaisons r\u00e9gionales en TER permettent de venir \u00e0 Rouen depuis la r\u00e9gion Haute-Normandie et au-del\u00e0, avec des formules d\u2019abonnement adapt\u00e9es.<\/p>\n<p><strong>En v\u00e9lo ou Cy\u2019clic\u00a0:<\/strong><\/p>\n<p>Vous pouvez venir avec votre propre v\u00e9lo ou profiter du service de v\u00e9los en libre-service Cy\u2019clic\u00a0: 22 stations r\u00e9parties rive droite et rive gauche. D\u00e9placements faciles et gratuits ou \u00e0 faible co\u00fbt pour circuler entre gare, centre-ville et march\u00e9 de No\u00ebl.<\/p>\n<p class=\"mise_en_avant\">D\u00e9couvrez aussi <a href=\"https:\/\/www.jds.fr\/paris\/manifestations\/marche-de-noel\/marche-de-noel-paris-259874_A\" rel=\"nofollow noopener\" target=\"_blank\">les march\u00e9s de No\u00ebl parisiens<\/a> et le <a href=\"https:\/\/www.jds.fr\/amiens\/manifestations\/marche-de-noel\/marche-de-noel-d-amiens-1159026_A\" rel=\"nofollow noopener\" target=\"_blank\">march\u00e9 de No\u00ebl d&rsquo;Amiens<\/a>\u00a0!<\/p>\n<p>Consultez tout l&rsquo;<a href=\"https:\/\/www.jds.fr\/rouen\/\" rel=\"nofollow noopener\" target=\"_blank\">agenda de la ville Rouen<\/a>.\u00a0<\/p>\n","protected":false},"excerpt":{"rendered":"Le march\u00e9 de No\u00ebl de Rouen ouvre ses portes du 21 novembre au 28 d\u00e9cembre 2025. Au pied&hellip;\n","protected":false},"author":2,"featured_media":542381,"comment_status":"","ping_status":"","sticky":false,"template":"","format":"standard","meta":{"footnotes":""},"categories":[9587],"tags":[1111,11,1777,674,1011,27,12,5161,25,9590],"class_list":{"0":"post-542380","1":"post","2":"type-post","3":"status-publish","4":"format-standard","5":"has-post-thumbnail","7":"category-rouen","8":"tag-actu","9":"tag-actualites","10":"tag-eu","11":"tag-europe","12":"tag-fr","13":"tag-france","14":"tag-news","15":"tag-normandie","16":"tag-republique-francaise","17":"tag-rouen"},"share_on_mastodon":{"url":"https:\/\/pubeurope.com\/@fr\/115570524645352607","error":""},"_links":{"self":[{"href":"https:\/\/www.europesays.com\/fr\/wp-json\/wp\/v2\/posts\/542380","targetHints":{"allow":["GET"]}}],"collection":[{"href":"https:\/\/www.europesays.com\/fr\/wp-json\/wp\/v2\/posts"}],"about":[{"href":"https:\/\/www.europesays.com\/fr\/wp-json\/wp\/v2\/types\/post"}],"author":[{"embeddable":true,"href":"https:\/\/www.europesays.com\/fr\/wp-json\/wp\/v2\/users\/2"}],"replies":[{"embeddable":true,"href":"https:\/\/www.europesays.com\/fr\/wp-json\/wp\/v2\/comments?post=542380"}],"version-history":[{"count":0,"href":"https:\/\/www.europesays.com\/fr\/wp-json\/wp\/v2\/posts\/542380\/revisions"}],"wp:featuredmedia":[{"embeddable":true,"href":"https:\/\/www.europesays.com\/fr\/wp-json\/wp\/v2\/media\/542381"}],"wp:attachment":[{"href":"https:\/\/www.europesays.com\/fr\/wp-json\/wp\/v2\/media?parent=542380"}],"wp:term":[{"taxonomy":"category","embeddable":true,"href":"https:\/\/www.europesays.com\/fr\/wp-json\/wp\/v2\/categories?post=542380"},{"taxonomy":"post_tag","embeddable":true,"href":"https:\/\/www.europesays.com\/fr\/wp-json\/wp\/v2\/tags?post=542380"}],"curies":[{"name":"wp","href":"https:\/\/api.w.org\/{rel}","templated":true}]}}