{"id":542384,"date":"2025-11-18T11:45:38","date_gmt":"2025-11-18T11:45:38","guid":{"rendered":"https:\/\/www.europesays.com\/fr\/542384\/"},"modified":"2025-11-18T11:45:38","modified_gmt":"2025-11-18T11:45:38","slug":"may-kitchen-a-rennes-une-nouvelle-adresse-de-cuisine-asiatique-rue-de-lorient","status":"publish","type":"post","link":"https:\/\/www.europesays.com\/fr\/542384\/","title":{"rendered":"M\u00e2y Kitchen \u00e0 Rennes, une nouvelle adresse de cuisine asiatique rue de Lorient"},"content":{"rendered":"<p>Trang Lo a ouvert son enseigne M\u00e2y Kitchen, restaurant asiatique \u00e0 l\u2019angle des rues de Lorient et de l\u2019Amiral Courbet, il y a un mois, \u00e0 <a href=\"https:\/\/rennes.maville.com\/info\/info-locale\/\" target=\"_blank\" rel=\"noopener\">Rennes <\/a>(Ille-et-Vilaine). Mais le restaurant \u00e9tant encore en travaux, elle a commenc\u00e9 uniquement avec de la vente \u00e0 emporter.<\/p>\n<p> <strong>Lire aussi : <\/strong> <a href=\"https:\/\/rennes.maville.com\/actu\/actudet_-ils-ouvrent-osmozh-a-rennes-un-nouveau-restaurant-de-quartier-et-bar-a-tapas-_52674-7067567_actu.Htm\" rel=\"nofollow noopener\" target=\"_blank\">Ils ouvrent Osmozh \u00e0 Rennes, un nouveau restaurant de quartier et bar \u00e0 tapas<\/a> <\/p>\n<p>D\u00e9sormais, la jeune entrepreneuse de 32\u00a0ans, originaire du Vietnam, propose un service en salle et une formule du midi.  \u00a0Notre carte est courte car tous nos plats sont faits maison avec des aliments frais. On revisite les grands classiques de la cuisine asiatique comme le bibimbap, le b\u00fan ou le pad tha\u00ef. Tous ont une d\u00e9clinaison v\u00e9g\u00e9tarienne , ajoute-t-elle.  Nous sommes attach\u00e9s \u00e0 faire plaisir, \u00e0 offrir un petit moment de douceur, un peu comme dans un nuage cotonneux (m\u00e2y en vietnamien) dans lequel on peut se r\u00e9fugier.\u00a0<\/p>\n<blockquote class=\"instagram-media\" data-instgrm-captioned=\"\" data-instgrm-permalink=\"https:\/\/www.instagram.com\/p\/DPV5NWbjGzY\/?utm_source=ig_embed&amp;utm_campaign=loading\" data-instgrm-version=\"14\" style=\" background:#FFF; border:0; border-radius:3px; box-shadow:0 0 1px 0 rgba(0,0,0,0.5),0 1px 10px 0 rgba(0,0,0,0.15); margin: 1px; max-width:540px; min-width:326px; padding:0; width:99.375%; width:-webkit-calc(100% - 2px); width:calc(100% - 2px);\" wp_automatic_readability=\"-0.21212121212121\"\/>\n<p>Arriv\u00e9e en France en 2016, la jeune femme a une longue exp\u00e9rience dans la cuisine.  \u00a0J\u2019ai commenc\u00e9 \u00e0 travailler en 2017 comme salari\u00e9e, puis, les trois derni\u00e8res ann\u00e9es comme associ\u00e9e dans un restaurant \u00e0 Pac\u00e9. J\u2019ai vendu mes parts pour ouvrir celui-ci.\u00a0 .<\/p>\n<p><strong>M\u00e2y Kitchen<\/strong>, 37, rue de Lorient, ouvert 7\u00a0J\/7\u00a0J de 11\u00a0h \u00e0 15\u00a0h et de 18\u00a0h \u00e0 21\u00a0h. T\u00e9l. 06\u00a030\u00a029\u00a029\u00a071. <strong>Contact\u00a0:<\/strong> <a href=\"https:\/\/www.instagram.com\/maykitchenrennes\/\" rel=\"nofollow noopener\" target=\"_blank\">maykitchenrennes<\/a> (Facebook ou Instagram)<\/p>\n<p>\u00a0<\/p>\n<p>\t\t<script async src=\"\/\/www.instagram.com\/embed.js\"><\/script><\/p>\n","protected":false},"excerpt":{"rendered":"Trang Lo a ouvert son enseigne M\u00e2y Kitchen, restaurant asiatique \u00e0 l\u2019angle des rues de Lorient et de&hellip;\n","protected":false},"author":2,"featured_media":542385,"comment_status":"","ping_status":"","sticky":false,"template":"","format":"standard","meta":{"footnotes":""},"categories":[2821],"tags":[1111,11,30992,12857,829,902,1777,674,1011,27,18256,1781,66079,12,2043,584,25,3640],"class_list":{"0":"post-542384","1":"post","2":"type-post","3":"status-publish","4":"format-standard","5":"has-post-thumbnail","7":"category-rennes","8":"tag-actu","9":"tag-actualites","10":"tag-adresse","11":"tag-asiatique","12":"tag-bretagne","13":"tag-cuisine","14":"tag-eu","15":"tag-europe","16":"tag-fr","17":"tag-france","18":"tag-kitchen","19":"tag-lorient","20":"tag-may","21":"tag-news","22":"tag-nouvelle","23":"tag-rennes","24":"tag-republique-francaise","25":"tag-rue"},"share_on_mastodon":{"url":"https:\/\/pubeurope.com\/@fr\/115570535479757149","error":""},"_links":{"self":[{"href":"https:\/\/www.europesays.com\/fr\/wp-json\/wp\/v2\/posts\/542384","targetHints":{"allow":["GET"]}}],"collection":[{"href":"https:\/\/www.europesays.com\/fr\/wp-json\/wp\/v2\/posts"}],"about":[{"href":"https:\/\/www.europesays.com\/fr\/wp-json\/wp\/v2\/types\/post"}],"author":[{"embeddable":true,"href":"https:\/\/www.europesays.com\/fr\/wp-json\/wp\/v2\/users\/2"}],"replies":[{"embeddable":true,"href":"https:\/\/www.europesays.com\/fr\/wp-json\/wp\/v2\/comments?post=542384"}],"version-history":[{"count":0,"href":"https:\/\/www.europesays.com\/fr\/wp-json\/wp\/v2\/posts\/542384\/revisions"}],"wp:featuredmedia":[{"embeddable":true,"href":"https:\/\/www.europesays.com\/fr\/wp-json\/wp\/v2\/media\/542385"}],"wp:attachment":[{"href":"https:\/\/www.europesays.com\/fr\/wp-json\/wp\/v2\/media?parent=542384"}],"wp:term":[{"taxonomy":"category","embeddable":true,"href":"https:\/\/www.europesays.com\/fr\/wp-json\/wp\/v2\/categories?post=542384"},{"taxonomy":"post_tag","embeddable":true,"href":"https:\/\/www.europesays.com\/fr\/wp-json\/wp\/v2\/tags?post=542384"}],"curies":[{"name":"wp","href":"https:\/\/api.w.org\/{rel}","templated":true}]}}