{"id":542412,"date":"2025-11-18T12:04:18","date_gmt":"2025-11-18T12:04:18","guid":{"rendered":"https:\/\/www.europesays.com\/fr\/542412\/"},"modified":"2025-11-18T12:04:18","modified_gmt":"2025-11-18T12:04:18","slug":"rhone-la-societe-lyonnaise-interflora-sommee-de-payer-plus-de-3-millions-deuros-damende","status":"publish","type":"post","link":"https:\/\/www.europesays.com\/fr\/542412\/","title":{"rendered":"Rh\u00f4ne. La soci\u00e9t\u00e9 lyonnaise Interflora somm\u00e9e de payer plus de 3 millions d\u2019euros d\u2019amende"},"content":{"rendered":"<p>Ce mardi 18 novembre, la Direction d\u00e9partementale de la protection des populations (DDPP) a prononc\u00e9 une lourde amende administrative \u00e0 l\u2019encontre de la soci\u00e9t\u00e9 Interflora, dont le si\u00e8ge social se situe \u00e0 Lyon 3.<\/p>\n<p>L\u2019entreprise, sp\u00e9cialis\u00e9e dans la vente et la livraison de bouquets de fleurs, devra donc s\u2019acquitter du montant pr\u00e9cis de 3 166 380 \u20ac pour avoir factur\u00e9 une option, sans consentement des consommateurs. En effet, Interflora pr\u00e9cochait automatiquement une case pour son service payant \u00ab Interflora + \u00bb lorsqu\u2019on passait une commande sur son site internet.<\/p>\n<p>  D\u00e9j\u00e0 condamn\u00e9e \u00e0 1,5 million d\u2019euros d\u2019amende en 2004<\/p>\n<p>Ce n\u2019est pas la premi\u00e8re fois qu\u2019Interflora doit s\u2019acquitter d\u2019une importante somme d\u2019argent. En 2004, la Cour d\u2019appel de Paris l\u2019avait condamn\u00e9e \u00e0 1,5 million d\u2019euros d\u2019amende pour abus de position dominante sur le march\u00e9 de transmission des commandes de fleurs. L\u2019entreprise emp\u00eachait ainsi des fleuristes d\u2019appartenir \u00e0 des r\u00e9seaux concurrents.<\/p>\n","protected":false},"excerpt":{"rendered":"Ce mardi 18 novembre, la Direction d\u00e9partementale de la protection des populations (DDPP) a prononc\u00e9 une lourde amende&hellip;\n","protected":false},"author":2,"featured_media":542413,"comment_status":"","ping_status":"","sticky":false,"template":"","format":"standard","meta":{"footnotes":""},"categories":[1889],"tags":[1111,11,2430,4406,271,272,33,2757,1777,674,274,107,1011,27,2428,2756,12,25,2429,216],"class_list":{"0":"post-542412","1":"post","2":"type-post","3":"status-publish","4":"format-standard","5":"has-post-thumbnail","7":"category-lyon","8":"tag-actu","9":"tag-actualites","10":"tag-auvergne-rhone-alpes","11":"tag-commerce-et-services","12":"tag-crime","13":"tag-delit-et-contravention","14":"tag-economie","15":"tag-edition-lyon-villeurbanne","16":"tag-eu","17":"tag-europe","18":"tag-faits-divers-justice","19":"tag-fil-info","20":"tag-fr","21":"tag-france","22":"tag-lyon","23":"tag-lyon-bassin","24":"tag-news","25":"tag-republique-francaise","26":"tag-rhone","27":"tag-vie-des-entreprises"},"share_on_mastodon":{"url":"https:\/\/pubeurope.com\/@fr\/115570610314214760","error":""},"_links":{"self":[{"href":"https:\/\/www.europesays.com\/fr\/wp-json\/wp\/v2\/posts\/542412","targetHints":{"allow":["GET"]}}],"collection":[{"href":"https:\/\/www.europesays.com\/fr\/wp-json\/wp\/v2\/posts"}],"about":[{"href":"https:\/\/www.europesays.com\/fr\/wp-json\/wp\/v2\/types\/post"}],"author":[{"embeddable":true,"href":"https:\/\/www.europesays.com\/fr\/wp-json\/wp\/v2\/users\/2"}],"replies":[{"embeddable":true,"href":"https:\/\/www.europesays.com\/fr\/wp-json\/wp\/v2\/comments?post=542412"}],"version-history":[{"count":0,"href":"https:\/\/www.europesays.com\/fr\/wp-json\/wp\/v2\/posts\/542412\/revisions"}],"wp:featuredmedia":[{"embeddable":true,"href":"https:\/\/www.europesays.com\/fr\/wp-json\/wp\/v2\/media\/542413"}],"wp:attachment":[{"href":"https:\/\/www.europesays.com\/fr\/wp-json\/wp\/v2\/media?parent=542412"}],"wp:term":[{"taxonomy":"category","embeddable":true,"href":"https:\/\/www.europesays.com\/fr\/wp-json\/wp\/v2\/categories?post=542412"},{"taxonomy":"post_tag","embeddable":true,"href":"https:\/\/www.europesays.com\/fr\/wp-json\/wp\/v2\/tags?post=542412"}],"curies":[{"name":"wp","href":"https:\/\/api.w.org\/{rel}","templated":true}]}}