{"id":542416,"date":"2025-11-18T12:07:22","date_gmt":"2025-11-18T12:07:22","guid":{"rendered":"https:\/\/www.europesays.com\/fr\/542416\/"},"modified":"2025-11-18T12:07:22","modified_gmt":"2025-11-18T12:07:22","slug":"ile-de-france-normandie-alpes-ou-vont-tomber-les-premiers-flocons","status":"publish","type":"post","link":"https:\/\/www.europesays.com\/fr\/542416\/","title":{"rendered":"\u00cele-de-France, Normandie, Alpes&#8230; O\u00f9 vont tomber les premiers flocons ?"},"content":{"rendered":"<p class=\"article-p mdl\">Les premiers flocons sont attendus cette semaine en France. Apr\u00e8s une douceur exceptionnelle,\u00a0<a class=\"link\" href=\"https:\/\/www.rtl.fr\/actu\/meteo\/meteo-le-froid-s-installe-en-france-de-la-neige-risque-t-elle-de-tomber-dans-votre-region-7900567193\" target=\"_blank\" rel=\"noopener\">le froid s&rsquo;installe dans l&rsquo;Hexagone<\/a>, avec une masse d&rsquo;air d&rsquo;origine polaire. Selon les pr\u00e9visions de M\u00e9t\u00e9o France, la neige va faire son retour \u00e0 basse altitude dans les massifs, d\u00e8s ce mercredi 18 novembre.<br \/>Le pr\u00e9visionniste attend notamment de la neige d\u00e8s 400 m\u00e8tres sur les plateaux du Jura, Vosges, et du Massif central, d\u00e8s 600 m\u00e8tres sur les Alpes du Nord. Les Pyr\u00e9n\u00e9es seraient aussi concern\u00e9es pendant la soir\u00e9e, \u00e0 partir de 1.200 m\u00e8tres d&rsquo;altitude. En plaine, il s&rsquo;agira principalement d&rsquo;averses de pluie m\u00eal\u00e9e de neige ou de gr\u00e9sil.<\/p>\n<p class=\"article-p mdl\">\u00ab\u00a0L\u2019arriv\u00e9e d\u2019un air polaire combin\u00e9 \u00e0 l&rsquo;humidit\u00e9 et \u00e0 l&rsquo;instabilit\u00e9 sera propice \u00e0 un contexte favorable au retour de la neige sous forme de fortes giboul\u00e9es mercredi et jeudi\u00a0\u00bb, explique\u00a0<a class=\"link\" href=\"https:\/\/actualite.lachainemeteo.com\/actualite-meteo\/2025-11-17\/neige-ou-va-t-elle-tomber-cette-semaine-83222\" target=\"_blank\" rel=\"noopener\">La Cha\u00eene M\u00e9t\u00e9o<\/a>.\u00a0<\/p>\n<blockquote class=\"twitter-tweet\">\n<p lang=\"fr\" dir=\"ltr\">La semaine hivernale est au rendez-vous. Mercredi et jeudi verront de nombreuses et fortes giboul\u00e9es, surtout au nord-est, pouvant blanchir les sols d\u00e8s 400 m d&rsquo;altitude. Nos reliefs vont bien blanchir.\u2744\ufe0f <a href=\"https:\/\/t.co\/sXpLdLE7p0\">pic.twitter.com\/sXpLdLE7p0<\/a><\/p>\n<p>\u2014 La Cha\u00eene M\u00e9t\u00e9o (@lachainemeteo) <a href=\"https:\/\/twitter.com\/lachainemeteo\/status\/1990426326684061995?ref_src=twsrc%5Etfw\" target=\"_blank\" rel=\"noopener\">November 17, 2025<\/a><\/p><\/blockquote>\n<p class=\"article-p mdl\">\u00ab\u00a0Les giboul\u00e9es se multiplient et se renforcent sur la Normandie et les Hauts-de-France l&rsquo;apr\u00e8s-midi, avec parfois du gr\u00e9sil ou de la neige roul\u00e9e et des bourrasques de vent\u00a0\u00bb, souligne\u00a0<a class=\"link\" href=\"https:\/\/meteofrance.com\/\" target=\"_blank\" rel=\"noopener\">M\u00e9t\u00e9o France<\/a>.<\/p>\n<p>            Des averses de neige dans les collines normandes jeudi<\/p>\n<p class=\"article-p mdl\">Cette tendance de pluie m\u00eal\u00e9e \u00e0 de la neige va se poursuivre jeudi, avec quelques flocons possibles jusqu\u2019en plaine entre 200 et 300 m\u00e8tres. Elles prendront la forme de \u00ab\u00a0giboul\u00e9es \u00e0 gros flocons\u00a0\u00bb, selon les pr\u00e9visions de La Cha\u00eene M\u00e9t\u00e9o. Des averses de neige sont aussi pr\u00e9vues dans les collines normandes et sur les plateaux des Hauts-de-France. Elles resteront n\u00e9anmoins \u00e9ph\u00e9m\u00e8res et localis\u00e9es.<\/p>\n<p class=\"article-p mdl\">\u00ab\u00a0Des Hauts de France aux fronti\u00e8res suisse et allemande, des chutes de neige pourraient se produire jusqu\u2019en plaine, sous forme d&rsquo;averses, notamment sur le Grand Est, la Bourgogne Franche-Comt\u00e9, le nord de Rh\u00f4ne-Alpes\u00a0\u00bb, estime M\u00e9t\u00e9o France. Du c\u00f4t\u00e9 de Paris et l&rsquo;\u00cele-de-France, ainsi qu&rsquo;au Centre, le pr\u00e9visionniste \u00e9voque la possibilit\u00e9 de \u00ab\u00a0pluie et neige m\u00eal\u00e9es\u00a0\u00bb.\u00a0<\/p>\n<p class=\"article-p mdl\">Ailleurs, \u00e0 l&rsquo;ouest et au sud, le temps est plus sec, en d\u00e9pit d&rsquo;averses sur le sud de l&rsquo;Aquitaine et les Pyr\u00e9n\u00e9es, sous forme de neige d\u00e8s 700\u00a0m\u00e8tres.\u00a0\u00a0<\/p>\n<p>        \u00c0 \u00e9couter<\/p>\n<p class=\"col-12 col-md-11\">\n<p>                                M\u00c9T\u00c9O &#8211; Neige \u00e0 basse altitude en montagne : de bon augure pour la saison de ski ?\n                        <\/p>\n<p class=\"article-p mdl\">La journ\u00e9e de vendredi s&rsquo;annonce froide et s\u00e8che avant le retour de faibles pr\u00e9cipitations sous formes neigeuses samedi. La tenue au sol est encore incertaine et d\u00e9pendra des temp\u00e9ratures.<\/p>\n<p>    La r\u00e9daction vous recommande<\/p>\n<p class=\"s-newsletter__title\">\n                L\u2019actualit\u00e9 par la r\u00e9daction de RTL dans votre bo\u00eete mail.\n            <\/p>\n<p class=\"s-newsletter__subtitle\">\n                Gr\u00e2ce \u00e0 votre compte RTL abonnez-vous \u00e0 la newsletter RTL info pour suivre toute l&rsquo;actualit\u00e9 au quotidien\n            <\/p>\n<p>\n                                    Lire la suite\n                                <\/p>\n<p>                            <script async src=\"https:\/\/platform.twitter.com\/widgets.js\" charset=\"utf-8\"><\/script><\/p>\n","protected":false},"excerpt":{"rendered":"Les premiers flocons sont attendus cette semaine en France. Apr\u00e8s une douceur exceptionnelle,\u00a0le froid s&rsquo;installe dans l&rsquo;Hexagone, avec&hellip;\n","protected":false},"author":2,"featured_media":542417,"comment_status":"","ping_status":"","sticky":false,"template":"","format":"standard","meta":{"footnotes":""},"categories":[1592],"tags":[1111,11,898,7733,1777,674,1011,27,662,2487,5324,10584,12,5161,626,25],"class_list":{"0":"post-542416","1":"post","2":"type-post","3":"status-publish","4":"format-standard","5":"has-post-thumbnail","7":"category-ile-de-france","8":"tag-actu","9":"tag-actualites","10":"tag-alerte","11":"tag-alpes","12":"tag-eu","13":"tag-europe","14":"tag-fr","15":"tag-france","16":"tag-ile-de-france","17":"tag-meteo","18":"tag-montagne","19":"tag-neige","20":"tag-news","21":"tag-normandie","22":"tag-paris","23":"tag-republique-francaise"},"share_on_mastodon":{"url":"https:\/\/pubeurope.com\/@fr\/115570622145997654","error":""},"_links":{"self":[{"href":"https:\/\/www.europesays.com\/fr\/wp-json\/wp\/v2\/posts\/542416","targetHints":{"allow":["GET"]}}],"collection":[{"href":"https:\/\/www.europesays.com\/fr\/wp-json\/wp\/v2\/posts"}],"about":[{"href":"https:\/\/www.europesays.com\/fr\/wp-json\/wp\/v2\/types\/post"}],"author":[{"embeddable":true,"href":"https:\/\/www.europesays.com\/fr\/wp-json\/wp\/v2\/users\/2"}],"replies":[{"embeddable":true,"href":"https:\/\/www.europesays.com\/fr\/wp-json\/wp\/v2\/comments?post=542416"}],"version-history":[{"count":0,"href":"https:\/\/www.europesays.com\/fr\/wp-json\/wp\/v2\/posts\/542416\/revisions"}],"wp:featuredmedia":[{"embeddable":true,"href":"https:\/\/www.europesays.com\/fr\/wp-json\/wp\/v2\/media\/542417"}],"wp:attachment":[{"href":"https:\/\/www.europesays.com\/fr\/wp-json\/wp\/v2\/media?parent=542416"}],"wp:term":[{"taxonomy":"category","embeddable":true,"href":"https:\/\/www.europesays.com\/fr\/wp-json\/wp\/v2\/categories?post=542416"},{"taxonomy":"post_tag","embeddable":true,"href":"https:\/\/www.europesays.com\/fr\/wp-json\/wp\/v2\/tags?post=542416"}],"curies":[{"name":"wp","href":"https:\/\/api.w.org\/{rel}","templated":true}]}}