{"id":542420,"date":"2025-11-18T12:09:18","date_gmt":"2025-11-18T12:09:18","guid":{"rendered":"https:\/\/www.europesays.com\/fr\/542420\/"},"modified":"2025-11-18T12:09:18","modified_gmt":"2025-11-18T12:09:18","slug":"paris-deux-suspects-mis-en-examen-apres-un-home-jacking-rate-chez-le-fortune-patron-de-kering","status":"publish","type":"post","link":"https:\/\/www.europesays.com\/fr\/542420\/","title":{"rendered":"Paris : Deux suspects mis en examen apr\u00e8s un home-jacking rat\u00e9 chez le fortun\u00e9 patron de Kering"},"content":{"rendered":"<p class=\"mb-4 text-lg md:leading-8 break-words\"><strong>La main dans le sac &#8211; Luca de Meo, nouveau patron de Kering, a fr\u00f4l\u00e9 le home-jacking. Deux jeunes arm\u00e9s et pr\u00eats \u00e0 agir avec un faux colis ont \u00e9t\u00e9 interpell\u00e9s au pied de son immeuble du 16e\u00a0arrondissement de Paris. Ils ont \u00e9t\u00e9 mis en examen et plac\u00e9s en d\u00e9tention<\/strong><\/p>\n<p class=\"mb-4 text-lg md:leading-8 break-words\">Le nouveau <a href=\"https:\/\/www.20minutes.fr\/economie\/4180237-20251020-luxe-gucci-creed-oreal-rachete-4-milliards-euros-division-beaute-kering?at_medium=RSS%20feed&amp;at_campaign=ynews&amp;utm_source=yahoo&amp;utm_medium=rss&amp;utm_campaign=news_feed&amp;utm_content=in_article_link\" rel=\"nofollow noopener\" target=\"_blank\" data-ylk=\"slk:directeur g\u00e9n\u00e9ral de Kering;elm:context_link;itc:0;sec:content-canvas\" class=\"link \">directeur g\u00e9n\u00e9ral de Kering<\/a> (Gucci, Yves Saint-Laurent\u2026), Luca de Meo, a \u00e9chapp\u00e9 de peu \u00e0 un <a href=\"https:\/\/www.20minutes.fr\/faits_divers\/4185459-20251113-oise-couple-sequestre-depouille-lors-cambriolage?at_medium=RSS%20feed&amp;at_campaign=ynews&amp;utm_source=yahoo&amp;utm_medium=rss&amp;utm_campaign=news_feed&amp;utm_content=in_article_link\" rel=\"nofollow noopener\" target=\"_blank\" data-ylk=\"slk:violent home-jacking;elm:context_link;itc:0;sec:content-canvas\" class=\"link \">violent home-jacking<\/a> d\u00e9but novembre. Deux hommes de 19 et 20 ans, d\u00e9j\u00e0 connus des services de police, ont \u00e9t\u00e9 interpell\u00e9s jeudi 6\u00a0novembre au pied de son immeuble du 16e arrondissement de Paris, alors qu\u2019ils s\u2019appr\u00eataient <a href=\"https:\/\/www.20minutes.fr\/faits_divers\/4170768-20250902-var-deux-personnes-ligotees-cours-home-jacking-violent-agresseurs-fuite?at_medium=RSS%20feed&amp;at_campaign=ynews&amp;utm_source=yahoo&amp;utm_medium=rss&amp;utm_campaign=news_feed&amp;utm_content=in_article_link\" rel=\"nofollow noopener\" target=\"_blank\" data-ylk=\"slk:\u00e0 attaquer;elm:context_link;itc:0;sec:content-canvas\" class=\"link \">\u00e0 attaquer<\/a> l\u2019ancien patron de Renault, r\u00e9v\u00e8le <a href=\"https:\/\/actu17.fr\/faits-divers\/home-jacking-dejoue-a-paris-le-domicile-du-directeur-general-de-kering-vise-deux-hommes-ecroues.html?at_medium=RSS%20feed&amp;at_campaign=ynews&amp;utm_source=yahoo&amp;utm_medium=rss&amp;utm_campaign=news_feed&amp;utm_content=in_article_link\" rel=\"nofollow noopener\" target=\"_blank\" data-ylk=\"slk:Actu17;elm:context_link;itc:0;sec:content-canvas\" class=\"link \">Actu17<\/a>, information confirm\u00e9e par <a href=\"https:\/\/www.liberation.fr\/societe\/police-justice\/paris-apres-un-home-jacking-rate-chez-luca-de-meo-le-nouveau-patron-de-kering-deux-personnes-mises-en-examen-20251117_E3QBRE4U5BFLTOEAW5WWF5XVWE\/?at_medium=RSS%20feed&amp;at_campaign=ynews&amp;utm_source=yahoo&amp;utm_medium=rss&amp;utm_campaign=news_feed&amp;utm_content=in_article_link\" rel=\"nofollow noopener\" target=\"_blank\" data-ylk=\"slk:Lib\u00e9ration;elm:context_link;itc:0;sec:content-canvas\" class=\"link \">Lib\u00e9ration<\/a> et <a href=\"https:\/\/www.leparisien.fr\/faits-divers\/paris-un-home-jacking-visant-le-directeur-general-de-kering-dejoue-deux-suspects-interpelles-17-11-2025-ZIISZ5PZ3BFQVMKJ7PYZVFZNWY.php?at_medium=RSS%20feed&amp;at_campaign=ynews&amp;utm_source=yahoo&amp;utm_medium=rss&amp;utm_campaign=news_feed&amp;utm_content=in_article_link\" rel=\"nofollow noopener\" target=\"_blank\" data-ylk=\"slk:Le Parisien;elm:context_link;itc:0;sec:content-canvas\" class=\"link \">Le Parisien<\/a>.<\/p>\n<p class=\"mb-4 text-lg md:leading-8 break-words\">Munis d\u2019un pistolet d\u2019alarme, d\u2019un couteau, de colliers de serrage en plastique et d\u2019un faux colis, les suspects avaient adopt\u00e9 un mode op\u00e9ratoire connu chez home-jackeurs\u00a0: se faire passer pour des livreurs pour que la victime ouvre la porte.<\/p>\n<p>Une filature, une arrestation et une mise en examen<\/p>\n<p class=\"mb-4 text-lg md:leading-8 break-words\">L\u2019enqu\u00eate avait pourtant d\u00e9but\u00e9 plusieurs jours plus t\u00f4t \u00e0 Neuilly-sur-Seine. Des policiers municipaux avaient rep\u00e9r\u00e9 la pr\u00e9sence r\u00e9guli\u00e8re d\u2019un homme autour d\u2019h\u00f4tels particuliers. Sa filature par le Service d\u00e9partemental de la police judiciaire des Hauts-de-Seine (SDPJ 92) et la brigade de recherche et d\u2019intervention (BRI-PP) a permis d\u2019identifier un second complice. Les deux jeunes ont finalement \u00e9t\u00e9 arr\u00eat\u00e9s \u00e0 temps alors qu\u2019ils se trouvaient dans une voiture vol\u00e9e avant de s\u2019introduire chez leur victime.<\/p>\n<p class=\"mb-4 text-lg md:leading-8 break-words\">Samedi 8\u00a0novembre, ils ont \u00e9t\u00e9 mis en examen et plac\u00e9s en d\u00e9tention provisoire pour \u00ab\u00a0tentative de vol en bande organis\u00e9e avec arme\u00a0\u00bb, \u00ab\u00a0participation \u00e0 une association de malfaiteurs en vue de la pr\u00e9paration d\u2019un crime aggrav\u00e9 par la commission en bande o(&#8230;)<\/p>\n<p class=\"mb-4 text-lg md:leading-8 break-words\"><a href=\"https:\/\/www.20minutes.fr\/faits_divers\/faits-divers-paris\/4186264-20251118-paris-deux-suspects-mis-examen-apres-home-jacking-rate-chez-fortune-patron-kering?at_medium=RSS%20feed&amp;at_campaign=ynews&amp;utm_source=yahoo&amp;utm_medium=rss&amp;utm_campaign=news_feed&amp;utm_content=read_more_link&quot;\" rel=\"nofollow noopener\" target=\"_blank\" data-ylk=\"slk:Lire la suite sur 20minutes;elm:context_link;itc:0;sec:content-canvas\" class=\"link \">Lire la suite sur 20minutes<\/a><\/p>\n<p>\u00c0 lire aussi :<br \/><a href=\"https:\/\/www.20minutes.fr\/faits_divers\/faits-divers-paris\/4186018-20251117-louvre-deux-tiktokeurs-belges-reussi-accrocher-tableau-salle-joconde?at_medium=RSS%20feed&amp;at_campaign=ynews&amp;utm_source=yahoo&amp;utm_medium=rss&amp;utm_campaign=news_feed&amp;utm_content=related_content_link\" rel=\"nofollow noopener\" target=\"_blank\" data-ylk=\"slk:Louvre\u00a0: Deux tiktokeurs belges ont r\u00e9ussi \u00e0 accrocher leur tableau dans la salle de la Joconde;elm:context_link;itc:0;sec:content-canvas\" class=\"link \">Louvre\u00a0: Deux tiktokeurs belges ont r\u00e9ussi \u00e0 accrocher leur tableau dans la salle de la Joconde<\/a><br \/><a href=\"https:\/\/www.20minutes.fr\/faits_divers\/4186042-20251117-tentative-braquage-boutique-chanel-paris-vigile-blesse-voleurs-fuite?at_medium=RSS%20feed&amp;at_campaign=ynews&amp;utm_source=yahoo&amp;utm_medium=rss&amp;utm_campaign=news_feed&amp;utm_content=related_content_link\" rel=\"nofollow noopener\" target=\"_blank\" data-ylk=\"slk:Tentative de braquage d\u2019une boutique Chanel \u00e0 Paris\u00a0: Un vigile bless\u00e9 et les voleurs en fuite;elm:context_link;itc:0;sec:content-canvas\" class=\"link \">Tentative de braquage d\u2019une boutique Chanel \u00e0 Paris\u00a0: Un vigile bless\u00e9 et les voleurs en fuite<\/a><\/p>\n","protected":false},"excerpt":{"rendered":"La main dans le sac &#8211; Luca de Meo, nouveau patron de Kering, a fr\u00f4l\u00e9 le home-jacking. Deux&hellip;\n","protected":false},"author":2,"featured_media":542421,"comment_status":"","ping_status":"","sticky":false,"template":"","format":"standard","meta":{"footnotes":""},"categories":[1888],"tags":[51917,1111,1928,11,1927,1777,674,1011,27,24445,18292,6081,12,1926,626,1925,4030,25],"class_list":{"0":"post-542420","1":"post","2":"type-post","3":"status-publish","4":"format-standard","5":"has-post-thumbnail","7":"category-paris","8":"tag-16e-arrondissement-de-paris","9":"tag-actu","10":"tag-actu-paris","11":"tag-actualites","12":"tag-actualites-paris","13":"tag-eu","14":"tag-europe","15":"tag-fr","16":"tag-france","17":"tag-kering","18":"tag-luca-de-meo","19":"tag-mis-en-examen","20":"tag-news","21":"tag-news-paris","22":"tag-paris","23":"tag-paris-news","24":"tag-patron","25":"tag-republique-francaise"},"share_on_mastodon":{"url":"https:\/\/pubeurope.com\/@fr\/115570629945365277","error":""},"_links":{"self":[{"href":"https:\/\/www.europesays.com\/fr\/wp-json\/wp\/v2\/posts\/542420","targetHints":{"allow":["GET"]}}],"collection":[{"href":"https:\/\/www.europesays.com\/fr\/wp-json\/wp\/v2\/posts"}],"about":[{"href":"https:\/\/www.europesays.com\/fr\/wp-json\/wp\/v2\/types\/post"}],"author":[{"embeddable":true,"href":"https:\/\/www.europesays.com\/fr\/wp-json\/wp\/v2\/users\/2"}],"replies":[{"embeddable":true,"href":"https:\/\/www.europesays.com\/fr\/wp-json\/wp\/v2\/comments?post=542420"}],"version-history":[{"count":0,"href":"https:\/\/www.europesays.com\/fr\/wp-json\/wp\/v2\/posts\/542420\/revisions"}],"wp:featuredmedia":[{"embeddable":true,"href":"https:\/\/www.europesays.com\/fr\/wp-json\/wp\/v2\/media\/542421"}],"wp:attachment":[{"href":"https:\/\/www.europesays.com\/fr\/wp-json\/wp\/v2\/media?parent=542420"}],"wp:term":[{"taxonomy":"category","embeddable":true,"href":"https:\/\/www.europesays.com\/fr\/wp-json\/wp\/v2\/categories?post=542420"},{"taxonomy":"post_tag","embeddable":true,"href":"https:\/\/www.europesays.com\/fr\/wp-json\/wp\/v2\/tags?post=542420"}],"curies":[{"name":"wp","href":"https:\/\/api.w.org\/{rel}","templated":true}]}}