{"id":542426,"date":"2025-11-18T12:12:15","date_gmt":"2025-11-18T12:12:15","guid":{"rendered":"https:\/\/www.europesays.com\/fr\/542426\/"},"modified":"2025-11-18T12:12:15","modified_gmt":"2025-11-18T12:12:15","slug":"cela-ne-changera-rien-la-russie-reagit-suite-a-laccord-passe-entre-la-france-et-lukraine-sur-les-rafale","status":"publish","type":"post","link":"https:\/\/www.europesays.com\/fr\/542426\/","title":{"rendered":"\u00ab\u00a0Cela ne changera rien\u00a0\u00bb\u00a0: la Russie r\u00e9agit suite \u00e0 l\u2019accord pass\u00e9 entre la France et l\u2019Ukraine sur les Rafale"},"content":{"rendered":"<p>\n                                                                24\u00a0heures apr\u00e8s la signature d\u2019un accord \u00ab\u00a0historique\u00a0\u00bb entre la France et l\u2019Ukraine, qui a pris la forme d\u2019une lettre d\u2019intention pour l\u2019achat \u00e0 venir, par Kiev, de 100 Rafale, la Russie a r\u00e9agi.\n                            <\/p>\n<p>Au lendemain de la signature <a href=\"https:\/\/www.centrepresseaveyron.fr\/2025\/11\/17\/guerre-en-ukraine-face-a-linvasion-russe-la-france-va-livrer-jusqua-100-rafale-a-lukraine-13056537.php\" target=\"_self\" rel=\"nofollow noopener\">d\u2019une lettre d\u2019intention entre la France et l\u2019Ukraine pour l\u2019achat \u00e0 venir, par Kiev, de 100 Rafale<\/a>, <strong>la Russie a r\u00e9agi<\/strong>, elle qui est toujours<strong> en guerre contre son voisin<\/strong> depuis plus de trois ans.<\/p>\n<p>\u00ab\u00a0Cela ne changera rien\u00a0\u00bb<\/p>\n<p>Selon Reuters, le Kremlin a jug\u00e9 <strong>cet accord regrettable<\/strong>, estimant qu\u2019il ne faisait qu\u2019alimenter le conflit. \u00ab\u00a0Malheureusement, <strong>Paris ne contribue en rien \u00e0 la cause de la paix<\/strong> et continue d\u2019attiser les sentiments bellicistes et militaires. \u00c0 cet \u00e9gard, on ne peut que <strong>le regretter<\/strong>\u00ab\u00a0, a d\u00e9clar\u00e9 le porte-parole du Kremlin, Dmitri Peskov. \u00ab\u00a0Quel que soit le nombre d\u2019avions vendus au r\u00e9gime de Kiev, <strong>cela ne changera rien<\/strong> \u00e0 la situation sur le front\u00a0\u00bb, a-t-il ajout\u00e9.<\/p>\n<p>\u00ab\u00a0Un coup de propagande de Macron\u00a0\u00bb<\/p>\n<p><a href=\"https:\/\/tass.com\/pressreview\/2044905\" target=\"_self\" rel=\"nofollow noopener\">L\u2019agence de presse Tass<\/a> a cit\u00e9 l\u2019expert militaire russe<strong> Anatoly Matviychuk<\/strong>, qui a aussi r\u00e9agi \u00e0 cet accord. Selon lui, l\u2019Ukraine aurait besoin <strong>\u00ab\u00a0d\u2019au moins 200 avions\u00a0\u00bb <\/strong>de ce type pour que la donne bascule de son c\u00f4t\u00e9 dans les airs.\u00a0\u00ab\u00a0Ces avions de chasse sont<strong> assez anciens<\/strong>, et beaucoup <strong>sont d\u00e9j\u00e0 hors service<\/strong>. M\u00eame si la France les c\u00e8de \u00e0 l\u2019Ukraine, le seul objectif sera d\u2019\u00e9viter d\u2019avoir \u00e0 les d\u00e9manteler, car c\u2019est une op\u00e9ration co\u00fbteuse\u00a0\u00bb, a-t-il dit. Avant de qualifier cet accord d\u2019un \u00ab\u00a0<strong>simple coup de propagande de Macron,<\/strong> qui n\u2019aura absolument aucune incidence sur le cours du conflit\u00a0\u00bb.<\/p>\n<p>Une d\u00e9claration d\u2019intention<\/p>\n<p>Pour rappel, le 17\u00a0novembre 2025, Volodymyr Zelensky a sign\u00e9, \u00e0 Paris, <strong>une d\u00e9claration d\u2019intention <\/strong>pour l\u2019achat futur d\u2019avion de combat Rafale. L\u2019Elys\u00e9e a pr\u00e9cis\u00e9 que cet accord se projette \u00ab\u00a0sur un horizon <strong>d\u2019une dizaine d\u2019ann\u00e9es<\/strong>\u00ab\u00a0. Les chiffres d\u00e9voil\u00e9s font \u00e9tat d\u2019une<strong> centaine d\u2019appareils <\/strong>dont Kiev pourrait se doter. \u00c0 noter que ces Rafale n\u2019ont pas \u00e9t\u00e9 les seuls \u00e9quipements \u00e9voqu\u00e9s lors de la rencontre entre les deux pr\u00e9sidents \u00e0 Paris. L\u2019accord pr\u00e9voit aussi l\u2019acquisition d\u2019autres armements, a ajout\u00e9 l\u2019Elys\u00e9e, et notamment<strong> des syst\u00e8mes de d\u00e9fense a\u00e9rienne SAMP-T<\/strong> ainsi que des<strong> radars et des drones.<\/strong><\/p>\n","protected":false},"excerpt":{"rendered":"24\u00a0heures apr\u00e8s la signature d\u2019un accord \u00ab\u00a0historique\u00a0\u00bb entre la France et l\u2019Ukraine, qui a pris la forme d\u2019une&hellip;\n","protected":false},"author":2,"featured_media":542427,"comment_status":"","ping_status":"","sticky":false,"template":"","format":"standard","meta":{"footnotes":""},"categories":[1591],"tags":[11,1887,12,1885,1886,132],"class_list":{"0":"post-542426","1":"post","2":"type-post","3":"status-publish","4":"format-standard","5":"has-post-thumbnail","7":"category-russie","8":"tag-actualites","9":"tag-federation-de-russie","10":"tag-news","11":"tag-russia","12":"tag-russian-federation","13":"tag-russie"},"share_on_mastodon":{"url":"https:\/\/pubeurope.com\/@fr\/115570641926660876","error":""},"_links":{"self":[{"href":"https:\/\/www.europesays.com\/fr\/wp-json\/wp\/v2\/posts\/542426","targetHints":{"allow":["GET"]}}],"collection":[{"href":"https:\/\/www.europesays.com\/fr\/wp-json\/wp\/v2\/posts"}],"about":[{"href":"https:\/\/www.europesays.com\/fr\/wp-json\/wp\/v2\/types\/post"}],"author":[{"embeddable":true,"href":"https:\/\/www.europesays.com\/fr\/wp-json\/wp\/v2\/users\/2"}],"replies":[{"embeddable":true,"href":"https:\/\/www.europesays.com\/fr\/wp-json\/wp\/v2\/comments?post=542426"}],"version-history":[{"count":0,"href":"https:\/\/www.europesays.com\/fr\/wp-json\/wp\/v2\/posts\/542426\/revisions"}],"wp:featuredmedia":[{"embeddable":true,"href":"https:\/\/www.europesays.com\/fr\/wp-json\/wp\/v2\/media\/542427"}],"wp:attachment":[{"href":"https:\/\/www.europesays.com\/fr\/wp-json\/wp\/v2\/media?parent=542426"}],"wp:term":[{"taxonomy":"category","embeddable":true,"href":"https:\/\/www.europesays.com\/fr\/wp-json\/wp\/v2\/categories?post=542426"},{"taxonomy":"post_tag","embeddable":true,"href":"https:\/\/www.europesays.com\/fr\/wp-json\/wp\/v2\/tags?post=542426"}],"curies":[{"name":"wp","href":"https:\/\/api.w.org\/{rel}","templated":true}]}}