{"id":542428,"date":"2025-11-18T12:13:22","date_gmt":"2025-11-18T12:13:22","guid":{"rendered":"https:\/\/www.europesays.com\/fr\/542428\/"},"modified":"2025-11-18T12:13:22","modified_gmt":"2025-11-18T12:13:22","slug":"vente-de-rafale-a-lukraine-moscou-accuse-paris-dalimenter-la-guerre","status":"publish","type":"post","link":"https:\/\/www.europesays.com\/fr\/542428\/","title":{"rendered":"Vente de Rafale \u00e0 l&rsquo;Ukraine : Moscou accuse Paris \u00ab\u00a0d&rsquo;alimenter\u00a0\u00bb la guerre"},"content":{"rendered":"<ul class=\"jsx-862013697 ArticleChapo__List\">\n<li class=\"jsx-862013697 ArticleChapo__List_Item flex\">Les pr\u00e9sidents fran\u00e7ais et ukrainien ont sign\u00e9 un accord militaire comprenant l&rsquo;achat futur de 100 Rafale.<\/li>\n<li class=\"jsx-862013697 ArticleChapo__List_Item flex\">Un partenariat qui vise \u00e0 permettre \u00e0 l&rsquo;arm\u00e9e ukrainienne de se d\u00e9fendre au-del\u00e0 de la fin du conflit en cours.<\/li>\n<li class=\"jsx-862013697 ArticleChapo__List_Item flex\">Moscou a fustig\u00e9 la position de la France, accus\u00e9e \u00ab\u00a0d&rsquo;alimenter\u00a0\u00bb la guerre.<\/li>\n<\/ul>\n<p data-module=\"article-paragraph\" class=\"jsx-3046738180 Paragraph Paragraph__End\">La Russie a accus\u00e9 ce mardi la France d'\u00a0\u00bbalimenter\u00a0\u00bb la guerre en Ukraine en signant un accord sur le <a href=\"https:\/\/www.tf1info.fr\/international\/accord-historique-avions-francais-100-rafale-pour-l-ukraine-est-ce-vraiment-possible-zelensky-macron-2407270.html\" target=\"_blank\" rel=\"noopener\">futur achat par Kiev<\/a> de 100 avions de combat fran\u00e7ais Rafale. \u00ab\u00a0Paris ne contribue en aucun cas \u00e0 la paix, mais alimente au contraire les sentiments militaristes et proguerre\u00a0\u00bb, a d\u00e9clar\u00e9 le porte-parole du Kremlin, Dmitri Peskov, lors de son briefing quotidien.<\/p>\n<p>\u00ab\u00a0D\u00e9claration d&rsquo;intention\u00a0\u00bb<\/p>\n<p data-module=\"article-paragraph\" class=\"jsx-3046738180 Paragraph Paragraph__End\">La veille, Volodymyr Zelensky et Emmanuel Macron <a href=\"https:\/\/www.tf1info.fr\/international\/commande-de-100-rafale-par-kiev-un-accord-a-confirmer-pour-l-armee-ukrainienne-de-demain-2407230.html\" target=\"_blank\" rel=\"noopener\">ont sign\u00e9 \u00e0 Villacoublay<\/a> une \u00ab\u00a0d\u00e9claration d&rsquo;intention\u00a0\u00bb, qualifi\u00e9e d'\u00a0\u00bbhistorique\u00a0\u00bb par le pr\u00e9sident ukrainien, portant sur l&rsquo;achat futur par Kiev de 100 Rafale avec leurs armements associ\u00e9s. Depuis le d\u00e9but du conflit, d\u00e9clench\u00e9 par la Russie en f\u00e9vrier 2022, Moscou critique les pays de l&rsquo;Otan pour leurs livraisons d&rsquo;armes \u00e0 l&rsquo;Ukraine, en affirmant dans le m\u00eame temps que celles-ci sont inefficaces sur le champ de bataille.<\/p>\n<p><a href=\"https:\/\/www.tf1info.fr\/international\/commande-de-100-avions-rafale-par-l-ukraine-5-choses-a-savoir-sur-ce-fleuron-de-l-industrie-de-defense-francaise-2407189.html\" rel=\"noopener\" class=\"jsx-3308031228 Link flex\" target=\"_blank\"><img decoding=\"async\" src=\"https:\/\/www.europesays.com\/fr\/wp-content\/uploads\/2025\/11\/rafale-serbie-d4dad8-0@1x.jpeg\" alt=\"Philippe LOPEZ \/ AFP\" loading=\"lazy\" importance=\"low\" fetchpriority=\"low\" class=\"\" aria-hidden=\"true\"\/><\/p>\n<p class=\"jsx-3657663356 ReadMoreArticle__Title\">Lire aussi<\/p>\n<p class=\"jsx-3657663356\">Commande de 100 Rafale par l&rsquo;Ukraine : 5 choses \u00e0 savoir sur ce fleuron de l&rsquo;industrie de d\u00e9fense fran\u00e7aise<\/p>\n<p><\/a><\/p>\n<p data-module=\"article-paragraph\" class=\"jsx-3046738180 Paragraph Paragraph__End\">\u00ab\u00a0Peu importe quels avions sont vendus au r\u00e9gime de Kiev, cela ne changera rien \u00e0 la situation sur le front et cela ne modifiera pas la dynamique du conflit\u00a0\u00bb, a ainsi estim\u00e9 Dmitri Peskov, apr\u00e8s avoir critiqu\u00e9 la vente des Rafale \u00e0 l&rsquo;Ukraine.\u00a0<\/p>\n<p>Rafale pour l&rsquo;Ukraine : la r\u00e9ponse de MoscouSource : TF1 Info<\/p>\n<p><img decoding=\"async\" src=\"https:\/\/www.europesays.com\/fr\/wp-content\/uploads\/2025\/11\/rafale-pour-l-ukraine-la-reponse-de-moscou-869bae-0@1x.jpeg\" alt=\"Rafale pour l'Ukraine : la r\u00e9ponse de Moscou\" loading=\"lazy\" importance=\"low\" fetchpriority=\"low\" class=\"\"\/><img decoding=\"async\" src=\"https:\/\/www.tf1info.fr\/images\/icons\/player-logo-play.svg\" alt=\"Logo lecture\" class=\"jsx-d0de44c05fe3042c PlayerLazyload__Play\"\/><\/p>\n<p data-module=\"article-paragraph\" class=\"jsx-3046738180 Paragraph Paragraph__End\">L&rsquo;hypoth\u00e9tique vente d&rsquo;une telle quantit\u00e9 de Rafale \u00e0 l&rsquo;Ukraine, qui en ferait l&rsquo;un des plus gros contrats d&rsquo;armements fran\u00e7ais de l&rsquo;Histoire, n&rsquo;est pas envisag\u00e9e avant l&rsquo;horizon 2035. Emmanuel Macron a insist\u00e9, apr\u00e8s la signature, sur la n\u00e9cessit\u00e9 d&rsquo;\u00e9quiper \u00ab\u00a0l&rsquo;arm\u00e9e ukrainienne de demain\u00a0\u00bb, pour lui permettre de garantir sa s\u00e9curit\u00e9 au-del\u00e0 d&rsquo;un \u00e9ventuel cessez-le-feu.<\/p>\n<p>Fr\u00e9d\u00e9ric SENNEVILLE<\/p>\n","protected":false},"excerpt":{"rendered":"Les pr\u00e9sidents fran\u00e7ais et ukrainien ont sign\u00e9 un accord militaire comprenant l&rsquo;achat futur de 100 Rafale. Un partenariat&hellip;\n","protected":false},"author":2,"featured_media":542429,"comment_status":"","ping_status":"","sticky":false,"template":"","format":"standard","meta":{"footnotes":""},"categories":[1590],"tags":[1111,11,1921,5925,1073,1777,674,1922,1916,12,8200,2543,132,220,133,1920,134],"class_list":{"0":"post-542428","1":"post","2":"type-post","3":"status-publish","4":"format-standard","5":"has-post-thumbnail","7":"category-ukraine","8":"tag-actu","9":"tag-actualites","10":"tag-article-video","11":"tag-conflits-et-guerre","12":"tag-emmanuel-macron","13":"tag-eu","14":"tag-europe","15":"tag-info","16":"tag-moscou","17":"tag-news","18":"tag-politique-et-crise-dun-pays-etranger","19":"tag-relations-internationales","20":"tag-russie","21":"tag-ukraine","22":"tag-video","23":"tag-video-international","24":"tag-volodymyr-zelensky"},"share_on_mastodon":{"url":"https:\/\/pubeurope.com\/@fr\/115570648148807308","error":""},"_links":{"self":[{"href":"https:\/\/www.europesays.com\/fr\/wp-json\/wp\/v2\/posts\/542428","targetHints":{"allow":["GET"]}}],"collection":[{"href":"https:\/\/www.europesays.com\/fr\/wp-json\/wp\/v2\/posts"}],"about":[{"href":"https:\/\/www.europesays.com\/fr\/wp-json\/wp\/v2\/types\/post"}],"author":[{"embeddable":true,"href":"https:\/\/www.europesays.com\/fr\/wp-json\/wp\/v2\/users\/2"}],"replies":[{"embeddable":true,"href":"https:\/\/www.europesays.com\/fr\/wp-json\/wp\/v2\/comments?post=542428"}],"version-history":[{"count":0,"href":"https:\/\/www.europesays.com\/fr\/wp-json\/wp\/v2\/posts\/542428\/revisions"}],"wp:featuredmedia":[{"embeddable":true,"href":"https:\/\/www.europesays.com\/fr\/wp-json\/wp\/v2\/media\/542429"}],"wp:attachment":[{"href":"https:\/\/www.europesays.com\/fr\/wp-json\/wp\/v2\/media?parent=542428"}],"wp:term":[{"taxonomy":"category","embeddable":true,"href":"https:\/\/www.europesays.com\/fr\/wp-json\/wp\/v2\/categories?post=542428"},{"taxonomy":"post_tag","embeddable":true,"href":"https:\/\/www.europesays.com\/fr\/wp-json\/wp\/v2\/tags?post=542428"}],"curies":[{"name":"wp","href":"https:\/\/api.w.org\/{rel}","templated":true}]}}