{"id":542430,"date":"2025-11-18T12:14:26","date_gmt":"2025-11-18T12:14:26","guid":{"rendered":"https:\/\/www.europesays.com\/fr\/542430\/"},"modified":"2025-11-18T12:14:26","modified_gmt":"2025-11-18T12:14:26","slug":"zelensky-en-turquie-mercredi-pour-reengager-les-etats-unis-dans-les-efforts-de-paix-avec-moscou","status":"publish","type":"post","link":"https:\/\/www.europesays.com\/fr\/542430\/","title":{"rendered":"Zelensky en Turquie mercredi pour \u00ab\u00a0r\u00e9engager\u00a0\u00bb les Etats-Unis dans les efforts de paix avec Moscou"},"content":{"rendered":"\n<p>Le pr\u00e9sident ukrainien doit rencontrer mercredi \u00e0 Ankara son homologue turc et l&rsquo;\u00e9missaire am\u00e9ricain Steve Witkoff pour \u00ab\u00a0r\u00e9engager\u00a0\u00bb les Etats-Unis dans les pourparlers de paix avec la Russie actuellement dans l&rsquo;impassse, ont indiqu\u00e9 mardi \u00e0 l&rsquo;AFP des responsables ukrainiens.<\/p>\n<p>Apr\u00e8s bient\u00f4t quatre ans d&rsquo;invasion russe de l&rsquo;Ukraine, les positions des deux camps sur les conditions pour une paix, l&rsquo;instauration d&rsquo;un cessez-le-feu ou une rencontre entre leurs dirigeants continuent d&rsquo;\u00eatre diam\u00e9tralement oppos\u00e9es.<\/p>\n<p>Le pr\u00e9sident ukrainien Volodymyr Zelensky, arriv\u00e9 mardi en Espagne dans le cadre d&rsquo;une tourn\u00e9e europ\u00e9enne, doit rencontrer mercredi \u00e0 Ankara son homologue Recep Tayyip Erdogan, a indiqu\u00e9 un responsable \u00e0 l&rsquo;AFP.<\/p>\n<p>\u00ab\u00a0L&rsquo;objectif principal vise \u00e0 r\u00e9engager les Etats-Unis dans les efforts de paix en imposant des sanctions contre la Russie\u00a0\u00bb et \u00e0 \u00ab\u00a0des pressions diplomatiques\u00a0\u00bb sur le Kremlin pour des discussions avec l&rsquo;Ukraine, a-t-il ajout\u00e9, sous le couvert de l&rsquo;anonymat.<\/p>\n<p>Selon une autre source ukrainienne haut plac\u00e9e, l&rsquo;\u00e9missaire am\u00e9ricain Steve Witkoff devrait se joindre aux discussions.<\/p>\n<p>Moscou a de son c\u00f4t\u00e9 indiqu\u00e9 qu&rsquo;aucun \u00e9missaire russe ne se rendrait en Turquie mercredi, information confirm\u00e9e aussi par Kiev. <\/p>\n<p>D\u00e8s son retour au pouvoir en d\u00e9but d&rsquo;ann\u00e9e, Donald Trump s&rsquo;est pr\u00e9sent\u00e9 comme m\u00e9diateur de ce conflit, le pire en Europe depuis la Seconde Guerre mondiale, multipliant les d\u00e9clarations semblant accorder tant\u00f4t un soutien \u00e0 Moscou tant\u00f4t \u00e0 Kiev, mais sans parvenir \u00e0 changer la situation.<\/p>\n<p>L&rsquo;hypoth\u00e8se d&rsquo;une rencontre prochaine avec le pr\u00e9sident russe Vladimir Poutine \u00e0 Budapest, pr\u00e9sent\u00e9e comme pouvant relancer les n\u00e9gociations de paix, a fait long feu.<\/p>\n<p>  \u00ab\u00a0Raviver les n\u00e9gociations\u00a0\u00bb<\/p>\n<p>Volodymyr Zelensky a annonc\u00e9 mardi se rendre en Turquie pour \u00ab\u00a0raviver les n\u00e9gociations\u00a0\u00bb. \u00ab\u00a0Nous avons \u00e9labor\u00e9 des solutions que nous proposerons \u00e0 nos partenaires\u00a0\u00bb, a-t-il dit sur les r\u00e9seaux sociaux.<\/p>\n<p>\u00ab\u00a0Nous nous employons \u00e9galement \u00e0 reprendre les \u00e9changes de prisonniers de guerre et ramener nos prisonniers \u00e0 la maison\u00a0\u00bb, a-t-il poursuivi.<\/p>\n<p>\u00ab\u00a0Les Am\u00e9ricains discutent maintenant d&rsquo;une nouvelle vague de pression (sur Moscou, ndlr), il est donc logique de n\u00e9gocier sur la pression diplomatique\u00a0\u00bb, a comment\u00e9 le haut responsable ukrainien. <\/p>\n<p>Ces pourparlers interviennent aussi dans un moment tr\u00e8s difficile pour l&rsquo;arm\u00e9e ukrainienne. <\/p>\n<tr>\n<td>\n          <img decoding=\"async\" src=\"https:\/\/www.europesays.com\/fr\/wp-content\/uploads\/2025\/11\/71057626c5fe96c9d90c70a519bd73771071c0d4.jpg\" title=\"Ukraine: la pression russe sur Pokrovsk s'accentue - AFP\/Archives\" alt=\"AFP\/Archives\" onerror=\"this.style.display='none'\"\/>\n        <\/td>\n<td>\n<p class=\"copyright\">\u00a9 AFP\/Archives<\/p>\n<p class=\"caption\">Ukraine: la pression russe sur Pokrovsk s&rsquo;accentue<\/p>\n<\/td>\n<\/tr>\n<p>Une ville cl\u00e9 sur le front Est, Pokrovsk, semble sur le point de tomber, les troupes russes ont p\u00e9n\u00e9tr\u00e9 \u00e0 l&rsquo;\u00e9t\u00e9 dans la r\u00e9gion de Dnipropetrovsk (centre-est) et avancent depuis plusieurs jours dans celle de Zaporijjia (sud), o\u00f9 le front \u00e9tait largement gel\u00e9 depuis deux ans. <\/p>\n<p>Mardi, l&rsquo;arm\u00e9e russe, mieux \u00e9quip\u00e9e et plus nombreuse, a encore revendiqu\u00e9 la prise de deux villages: Netcha\u00efvka dans la r\u00e9gion de Dnipropetrovsk (centre-est) et Tsegueln\u00e9 dans la r\u00e9gion de Kharkiv (nord-est).<\/p>\n<p>La semaine derni\u00e8re, le porte-parole du Kremlin, Dmitri Peskov avait indiqu\u00e9 que Moscou \u00e9tait \u00ab\u00a0ouvert \u00e0 des processus de n\u00e9gociation\u00a0\u00bb pour r\u00e9soudre le conflit, tout en jugeant Kiev et l&rsquo;Europe responsables du gel des discussions.<\/p>\n<p>Plusieurs cycles de pourparlers ukraino-russes directs se sont tenus cette ann\u00e9e \u00e0 Istanbul, pour la premi\u00e8re fois depuis le d\u00e9but de l&rsquo;invasion en f\u00e9vrier 2022, sans aboutir \u00e0 aucune avanc\u00e9e majeure.<\/p>\n<p>Plusieurs rounds d&rsquo;\u00e9changes de prisonniers de guerre et de rapatriement de corps ont \u00e9t\u00e9 les seuls r\u00e9sultats concrets de ces discussions.<\/p>\n<p>  Coupures de courant<\/p>\n<p>Volodymyr Zelensky effectue depuis le d\u00e9but de la semaine une tourn\u00e9e de pays europ\u00e9ens pour obtenir davantage de soutien \u00e0 ses alli\u00e9s au moment o\u00f9 la Russie pilonne \u00e0 nouveau les infrastructures \u00e9nerg\u00e9tiques ukrainiennes \u00e0 l&rsquo;approche de l&rsquo;hiver.<\/p>\n<tr>\n<td>\n          <img decoding=\"async\" src=\"https:\/\/www.europesays.com\/fr\/wp-content\/uploads\/2025\/11\/02130efcc1b3d084ba8e74302dd569718f3a0a39.jpg\" title=\"Un tramway circule dans une rue non \u00e9clair\u00e9e \u00e0 Kyiv, le 16 novembre 2025, pendant les heures de coupure de courant qui ont suivi des attaques de missiles et de drones russes contre les infrastructures \u00e9nerg\u00e9tiques ukrainiennes - AFP\" alt=\"AFP\" onerror=\"this.style.display='none'\"\/>\n        <\/td>\n<td>\n<p class=\"copyright\">\u00a9 AFP<\/p>\n<p class=\"caption\">Un tramway circule dans une rue non \u00e9clair\u00e9e \u00e0 Kyiv, le 16 novembre 2025, pendant les heures de coupure de courant qui ont suivi des attaques de missiles et de drones russes contre les infrastructures \u00e9nerg\u00e9tiques ukrainiennes<\/p>\n<\/td>\n<\/tr>\n<p>Kiev accuse Moscou de chercher \u00e0 saper le moral de la population en la privant de courant et de chauffage, tandis que Moscou affirme frapper des sites \u00e9nerg\u00e9tiques alimentant le \u00ab\u00a0complexe militaro-industriel\u00a0\u00bb du pays.<\/p>\n<p>Dans la nuit de lundi \u00e0 mardi, 118 drones et missiles russes ont \u00e9t\u00e9 lanc\u00e9s contre l&rsquo;Ukraine, selon l&rsquo;arm\u00e9e de l&rsquo;air ukrainienne.<\/p>\n<p>En r\u00e9ponse, l&rsquo;Ukraine attaque les infrastructures \u00e9nerg\u00e9tiques russes, ciblant particuli\u00e8rement les raffineries.<\/p>\n<p>Dans la r\u00e9gion occup\u00e9e de Donetsk, dans l&rsquo;est de l&rsquo;Ukraine \u00e9picentre des combats, des coupures de courant affectent mardi quelque 65% des habitants \u00e0 la suite d&rsquo;une attaque nocturne ukrainienne \u00ab\u00a0sans pr\u00e9c\u00e9dent\u00a0\u00bb, a indiqu\u00e9 sur Telegram le gouverneur local install\u00e9 par Moscou, Denis Pouchiline.<\/p>\n<p>M. Zelensky doit rencontrer mardi le Premier ministre espagnol, Pedro S\u00e1nchez, et le roi Felipe VI, apr\u00e8s s&rsquo;\u00eatre d\u00e9j\u00e0 rendu en Gr\u00e8ce et en France.<\/p>\n<p>Lundi, il a sign\u00e9 \u00e0 Paris avec son homologue fran\u00e7ais Emmanuel Macron une \u00ab\u00a0d\u00e9claration d&rsquo;intention\u00a0\u00bb qu&rsquo;il a qualifi\u00e9e d'\u00a0\u00bbhistorique\u00a0\u00bb en vue de l&rsquo;achat futur de cent avions de combat fran\u00e7ais Rafale, dont l&rsquo;Ukraine entend se doter pour la premi\u00e8re fois, et de plusieurs syst\u00e8mes de d\u00e9fense a\u00e9rienne SAMP\/T.<\/p>\n<p>Moscou a r\u00e9agi en accusant Paris d&rsquo;alimenter la guerre.<\/p>\n","protected":false},"excerpt":{"rendered":"Le pr\u00e9sident ukrainien doit rencontrer mercredi \u00e0 Ankara son homologue turc et l&rsquo;\u00e9missaire am\u00e9ricain Steve Witkoff pour \u00ab\u00a0r\u00e9engager\u00a0\u00bb&hellip;\n","protected":false},"author":2,"featured_media":542431,"comment_status":"","ping_status":"","sticky":false,"template":"","format":"standard","meta":{"footnotes":""},"categories":[1589],"tags":[11,73,1866,12,1864,1865,1863,308],"class_list":{"0":"post-542430","1":"post","2":"type-post","3":"status-publish","4":"format-standard","5":"has-post-thumbnail","7":"category-etats-unis","8":"tag-actualites","9":"tag-etats-unis","10":"tag-etats-unis-damerique","11":"tag-news","12":"tag-united-states","13":"tag-united-states-of-america","14":"tag-us","15":"tag-usa"},"share_on_mastodon":{"url":"https:\/\/pubeurope.com\/@fr\/115570650236913847","error":""},"_links":{"self":[{"href":"https:\/\/www.europesays.com\/fr\/wp-json\/wp\/v2\/posts\/542430","targetHints":{"allow":["GET"]}}],"collection":[{"href":"https:\/\/www.europesays.com\/fr\/wp-json\/wp\/v2\/posts"}],"about":[{"href":"https:\/\/www.europesays.com\/fr\/wp-json\/wp\/v2\/types\/post"}],"author":[{"embeddable":true,"href":"https:\/\/www.europesays.com\/fr\/wp-json\/wp\/v2\/users\/2"}],"replies":[{"embeddable":true,"href":"https:\/\/www.europesays.com\/fr\/wp-json\/wp\/v2\/comments?post=542430"}],"version-history":[{"count":0,"href":"https:\/\/www.europesays.com\/fr\/wp-json\/wp\/v2\/posts\/542430\/revisions"}],"wp:featuredmedia":[{"embeddable":true,"href":"https:\/\/www.europesays.com\/fr\/wp-json\/wp\/v2\/media\/542431"}],"wp:attachment":[{"href":"https:\/\/www.europesays.com\/fr\/wp-json\/wp\/v2\/media?parent=542430"}],"wp:term":[{"taxonomy":"category","embeddable":true,"href":"https:\/\/www.europesays.com\/fr\/wp-json\/wp\/v2\/categories?post=542430"},{"taxonomy":"post_tag","embeddable":true,"href":"https:\/\/www.europesays.com\/fr\/wp-json\/wp\/v2\/tags?post=542430"}],"curies":[{"name":"wp","href":"https:\/\/api.w.org\/{rel}","templated":true}]}}