{"id":542440,"date":"2025-11-18T12:19:12","date_gmt":"2025-11-18T12:19:12","guid":{"rendered":"https:\/\/www.europesays.com\/fr\/542440\/"},"modified":"2025-11-18T12:19:12","modified_gmt":"2025-11-18T12:19:12","slug":"laurent-nunez-denonce-un-crime-dintimidation-emmanuel-macron-se-rendra-a-marseille-mi-decembre","status":"publish","type":"post","link":"https:\/\/www.europesays.com\/fr\/542440\/","title":{"rendered":"Laurent Nu\u00f1ez d\u00e9nonce un \u00abcrime d\u2019intimidation\u00bb, Emmanuel Macron se rendra \u00e0 Marseille \u00abmi-d\u00e9cembre\u00bb"},"content":{"rendered":"<p>\n    \u00abLes trafiquants, ceux qui dirigent les mafias marseillaises, sont de plus en plus \u00e0 cran parce que nous menons des actions qui sont extr\u00eamement efficaces\u00bb, s\u2019est f\u00e9licit\u00e9 le ministre de l\u2019Int\u00e9rieur \u00e0 l\u2019issue de la r\u00e9union sur le narcotrafic qui s\u2019est tenue \u00e0 l\u2019\u00c9lys\u00e9e en pr\u00e9sence du pr\u00e9sident.<\/p>\n<p class=\"fig-paragraph\">\u00c0 l\u2019issue de la r\u00e9union sur le narcotrafic qui s\u2019est tenue \u00e0 l\u2019\u00c9lys\u00e9e en pr\u00e9sence notamment du pr\u00e9sident et de S\u00e9bastien Lecornu, le ministre de l\u2019Int\u00e9rieur\u00a0<a href=\"http:\/\/www.lefigaro.fr\/actualite-france\/verdun-la-justice-autorise-une-messe-en-hommage-au-marechal-petain-et-a-ses-soldats-20251114\" data-fig-type=\"NewsFlash\" data-gtm-custom-categorie=\"navigation\" data-gtm-custom-action=\"crossclick\" data-gtm-custom-label=\"Contextuel\" data-gtm-event=\"customEventSPE\" data-fig-domain=\"LEFIGARO\" target=\"_blank\" rel=\"noopener\">Laurent Nu\u00f1ez<\/a>\u00a0a d\u00e9nonc\u00e9 un \u00abcrime d\u2019intimidation\u00bb qui constitue \u00abun point de bascule\u00bb. Emmanuel Macron se rendra \u00e0 Marseille apr\u00e8s une r\u00e9union mi-d\u00e9cembre avec les ministres, a-t-il encore annonc\u00e9. Laurent Nu\u00f1ez et G\u00e9rald Darmanin ne rendront quant \u00e0 eux dans la cit\u00e9 phoc\u00e9enne jeudi pour \u00abrencontrer les magistrats et policiers\u00bb.<\/p>\n<p class=\"fig-paragraph\">Cette r\u00e9union organis\u00e9e \u00e0 la h\u00e2te par le chef de l\u2019\u00c9tat visait \u00e0 \u00abfaire un point \u00e0 la suite de\u00a0<a href=\"http:\/\/www.lefigaro.fr\/marseille\/des-methodes-dignes-de-la-mafia-a-marseille-une-ligne-rouge-franchie-apres-l-assassinat-du-frere-d-amine-kessaci-20251114\" target=\"_blank\" data-fig-type=\"NewsFlash\" rel=\"noopener\" data-gtm-custom-categorie=\"navigation\" data-gtm-custom-action=\"crossclick\" data-gtm-custom-label=\"Contextuel\" data-gtm-event=\"customEventSPE\" data-fig-domain=\"LEFIGARO\">l\u2019assassinat du fr\u00e8re d\u2019Amine Kessaci<\/a> , sur la criminalit\u00e9 organis\u00e9e \u00e0 Marseille et plus largement sur tout le territoire compte tenu des dispositifs importants mis en place depuis plusieurs ann\u00e9es\u00bb, a rappel\u00e9 le ministre de l\u2019Int\u00e9rieur.<\/p>\n<p>                                    <a class=\"fig-a11y-skip a11y-hidden\" href=\"#fig-a11y-skip-main-inarticle\"><br \/>\n        Passer la publicit\u00e9<br \/>\n    <\/a><\/p>\n<p class=\"fig-paragraph\">Laurent Nu\u00f1ez a \u00e9t\u00e9 clair, l\u2019assassinat de Mehdi Kessaci \u00abn\u2019\u00e9tait pas un r\u00e8glement de compte classique mais manifestement un crime d\u2019incrimination\u00bb. \u00abPlusieurs personnes autour de la table ont \u00e9voqu\u00e9 un point de bascule\u00bb, a-t-il d\u00e9clar\u00e9, ajourant que \u00abce meurtre pr\u00e9par\u00e9 est totalement in\u00e9dit\u00bb. \u00ab(Il) visait Amine Kessaci, un acteur qui s\u2019\u00e9l\u00e8ve contre le trafic de stup\u00e9fiant qui le d\u00e9nonce, qui a \u00e9crit un livre et anime une association\u00bb, a-t-il d\u00e9taill\u00e9.<\/p>\n<p>\u00abNos actions portent un coup tr\u00e8s dur au trafic\u00bb<\/p>\n<p class=\"fig-paragraph\">Le ministre de l\u2019Int\u00e9rieur s\u2019est f\u00e9licit\u00e9 du travail men\u00e9 par les acteurs \u00e0 Marseille pour lutter contre le narcotrafic. \u00abLes trafiquants, ceux qui dirigent les mafias marseillaises, sont de plus en plus \u00e0 cran parce que nous menons des actions qui sont extr\u00eamement efficaces\u00bb, a-t-il salu\u00e9. \u00abAvec les acteurs qui \u00e9taient pr\u00e9sents &#8211; le directeur de la Police nationale, le directeur g\u00e9n\u00e9ral de la gendarmerie nationale, le directeur g\u00e9n\u00e9ral de la police judiciaire et les magistrats &#8211; on a fait un bilan des actions men\u00e9es \u00e0 Marseille\u00a0: elles portent un coup tr\u00e8s dur au trafic\u00bb, a-t-il insist\u00e9.<\/p>\n<p class=\"fig-paragraph\">Le locataire de la place Beauvau a \u00e9num\u00e9r\u00e9 quelques chiffres pour illustrer ses propos\u00a0: \u00ab2000 personnes sont actuellement mises en examen \u00e0 Marseille et que 900 sont en d\u00e9tention provisoire, on a diminu\u00e9 entre 2023 et 2024 le nombre d\u2019homicides par deux\u00a0: on est pass\u00e9 de 49 \u00e0 24. En 2025 on est encore \u00e0 moins de 30% d\u2019homicides. Le nombre de points de deal \u00e0 Marseille \u00e9tait encore de 160 en 2021, il est pass\u00e9 \u00e0, \u00e0 peine, un peu plus de 80\u00bb. Laurent Nu\u00f1ez a fi\u00e8rement rappel\u00e9 le \u00abd\u00e9mant\u00e8lement, en avril dernier, du r\u00e9seau de la Castellane avec quinze interpellations de gros bonnets de ce point de deal qui \u00e9tait extr\u00eamement lucratif\u00bb.<\/p>\n<p class=\"fig-paragraph\">Pour lui, ces actions ont entra\u00een\u00e9 une \u00abriposte\u00bb des narcotrafiquants. \u00abIls ont essay\u00e9 d\u2019intimider, d\u2019impressionner, c\u2019est comme cela qu\u2019on analyse le meurtre de Mehdi Kessaci. Ce qui n\u2019excuse rien\u00bb, a-t-il fermement expliqu\u00e9. Laurent Nu\u00f1ez a finalement annonc\u00e9 qu\u2019il se rendra jeudi, aux c\u00f4t\u00e9s de G\u00e9rald Darmanin, ministre de la Justice, \u00e0 Marseille \u00abpour faire le point avec les magistrats et policiers\u00bb. Avant d\u2019ajouter\u00a0: \u00abLe pr\u00e9sident a souhait\u00e9 qu\u2019on puisse se revoir d\u2019ici la mi-d\u00e9cembre pour faire un nouveau point. Il ira \u00e0 Marseille dans la foul\u00e9e.\u00bb<\/p>\n","protected":false},"excerpt":{"rendered":"\u00abLes trafiquants, ceux qui dirigent les mafias marseillaises, sont de plus en plus \u00e0 cran parce que nous&hellip;\n","protected":false},"author":2,"featured_media":542441,"comment_status":"","ping_status":"","sticky":false,"template":"","format":"standard","meta":{"footnotes":""},"categories":[2],"tags":[11,6744,1073,1011,27,5454,12,25],"class_list":{"0":"post-542440","1":"post","2":"type-post","3":"status-publish","4":"format-standard","5":"has-post-thumbnail","7":"category-actualites","8":"tag-actualites","9":"tag-assassinat","10":"tag-emmanuel-macron","11":"tag-fr","12":"tag-france","13":"tag-laurent-nunez","14":"tag-news","15":"tag-republique-francaise"},"share_on_mastodon":{"url":"https:\/\/pubeurope.com\/@fr\/115570669324536406","error":""},"_links":{"self":[{"href":"https:\/\/www.europesays.com\/fr\/wp-json\/wp\/v2\/posts\/542440","targetHints":{"allow":["GET"]}}],"collection":[{"href":"https:\/\/www.europesays.com\/fr\/wp-json\/wp\/v2\/posts"}],"about":[{"href":"https:\/\/www.europesays.com\/fr\/wp-json\/wp\/v2\/types\/post"}],"author":[{"embeddable":true,"href":"https:\/\/www.europesays.com\/fr\/wp-json\/wp\/v2\/users\/2"}],"replies":[{"embeddable":true,"href":"https:\/\/www.europesays.com\/fr\/wp-json\/wp\/v2\/comments?post=542440"}],"version-history":[{"count":0,"href":"https:\/\/www.europesays.com\/fr\/wp-json\/wp\/v2\/posts\/542440\/revisions"}],"wp:featuredmedia":[{"embeddable":true,"href":"https:\/\/www.europesays.com\/fr\/wp-json\/wp\/v2\/media\/542441"}],"wp:attachment":[{"href":"https:\/\/www.europesays.com\/fr\/wp-json\/wp\/v2\/media?parent=542440"}],"wp:term":[{"taxonomy":"category","embeddable":true,"href":"https:\/\/www.europesays.com\/fr\/wp-json\/wp\/v2\/categories?post=542440"},{"taxonomy":"post_tag","embeddable":true,"href":"https:\/\/www.europesays.com\/fr\/wp-json\/wp\/v2\/tags?post=542440"}],"curies":[{"name":"wp","href":"https:\/\/api.w.org\/{rel}","templated":true}]}}