{"id":542442,"date":"2025-11-18T12:20:18","date_gmt":"2025-11-18T12:20:18","guid":{"rendered":"https:\/\/www.europesays.com\/fr\/542442\/"},"modified":"2025-11-18T12:20:18","modified_gmt":"2025-11-18T12:20:18","slug":"un-homme-fait-chuter-une-cycliste-avant-de-tenter-de-la-violer","status":"publish","type":"post","link":"https:\/\/www.europesays.com\/fr\/542442\/","title":{"rendered":"Un homme fait chuter une cycliste avant de tenter de la violer"},"content":{"rendered":"<p>Elle sortait de son cours de th\u00e9\u00e2tre et avait repris son v\u00e9lo pour rentrer. Le 11 novembre, une jeune femme a \u00e9t\u00e9 pouss\u00e9e \u00e0 terre alors qu\u2019elle circulait \u00e0 v\u00e9lo, \u00e0 <a href=\"https:\/\/www.20minutes.fr\/rennes\/\" class=\"c-link c-link--is-underlined\" target=\"_blank\" rel=\"noopener\">Rennes<\/a> (Ille-et-Vilaine). L\u2019individu qui l\u2019avait fait tomber <a href=\"https:\/\/www.20minutes.fr\/faits_divers\/4181563-20251025-homme-filme-apres-tentative-viol-rer-interpelle\" class=\"c-link c-link--is-underlined\" target=\"_blank\" rel=\"noopener\">a ensuite tent\u00e9 de la violer<\/a>. Il n\u2019y est pas parvenu, notamment gr\u00e2ce \u00e0 l\u2019intervention de plusieurs t\u00e9moins de cette agression, qui ont mis l\u2019auteur en fuite. L\u2019homme \u00ab\u00a0a pu \u00eatre interpell\u00e9 \u00e0 proximit\u00e9 par les effectifs de la brigade anticriminalit\u00e9\u00a0\u00bb, explique le procureur de la R\u00e9publique, confirmant une information <a href=\"https:\/\/www.rennes-infos-autrement.fr\/un-homme-renverse-une-cycliste-et-tente-de-la-violer-info-ria\/\" rel=\"nofollow noopener\" target=\"_blank\" class=\"c-link c-link--is-underlined\">du site Rennes infos autrement<\/a>.<\/p>\n<p>D\u2019apr\u00e8s le t\u00e9moignage de la victime recueilli par la police, le mis en cause l\u2019aurait pouss\u00e9e, mise \u00e0 terre, avant de se mettre sur elle, tout en essayant de lui arracher son collant. \u00ab\u00a0Elle a cri\u00e9 et s\u2019est d\u00e9battue. Des t\u00e9moins de la sc\u00e8ne ont compos\u00e9 le 17\u00a0\u00bb, explique Fr\u00e9d\u00e9ric Teillet.<\/p>\n<\/p>\n<p>L\u2019homme aurait alors tent\u00e9 de prendre la fuite avec le v\u00e9lo de la jeune femme, qui se serait oppos\u00e9e. Le mis en cause, qui est sous curatelle, a rapidement \u00e9t\u00e9 interpell\u00e9 et plac\u00e9 en garde \u00e0 vue. Il a reconnu les faits. Une ITT de quatre jours a \u00e9t\u00e9 d\u00e9livr\u00e9e \u00e0 la victime.<\/p>\n<p>Quant \u00e0 son agresseur, il a \u00e9t\u00e9 plac\u00e9 en d\u00e9tention provisoire en attendant son proc\u00e8s, pr\u00e9vu en janvier. \u00ab\u00a0Une expertise psychiatrique devra \u00eatre r\u00e9alis\u00e9e d\u2019ici \u00e0 cette date\u00a0\u00bb, pr\u00e9vient le procureur.<\/p>\n","protected":false},"excerpt":{"rendered":"Elle sortait de son cours de th\u00e9\u00e2tre et avait repris son v\u00e9lo pour rentrer. Le 11 novembre, une&hellip;\n","protected":false},"author":2,"featured_media":542443,"comment_status":"","ping_status":"","sticky":false,"template":"","format":"standard","meta":{"footnotes":""},"categories":[2],"tags":[47,11,1267,829,22098,118,7641,1011,27,848,12,584,25,208,1265,797],"class_list":{"0":"post-542442","1":"post","2":"type-post","3":"status-publish","4":"format-standard","5":"has-post-thumbnail","7":"category-actualites","8":"tag-actualite","9":"tag-actualites","10":"tag-agression-sexuelle","11":"tag-bretagne","12":"tag-cycliste","13":"tag-faits-divers","14":"tag-faits-divers-rennes","15":"tag-fr","16":"tag-france","17":"tag-ille-et-vilaine","18":"tag-news","19":"tag-rennes","20":"tag-republique-francaise","21":"tag-velo","22":"tag-viol","23":"tag-violences-faites-aux-femmes"},"share_on_mastodon":{"url":"https:\/\/pubeurope.com\/@fr\/115570673318325007","error":""},"_links":{"self":[{"href":"https:\/\/www.europesays.com\/fr\/wp-json\/wp\/v2\/posts\/542442","targetHints":{"allow":["GET"]}}],"collection":[{"href":"https:\/\/www.europesays.com\/fr\/wp-json\/wp\/v2\/posts"}],"about":[{"href":"https:\/\/www.europesays.com\/fr\/wp-json\/wp\/v2\/types\/post"}],"author":[{"embeddable":true,"href":"https:\/\/www.europesays.com\/fr\/wp-json\/wp\/v2\/users\/2"}],"replies":[{"embeddable":true,"href":"https:\/\/www.europesays.com\/fr\/wp-json\/wp\/v2\/comments?post=542442"}],"version-history":[{"count":0,"href":"https:\/\/www.europesays.com\/fr\/wp-json\/wp\/v2\/posts\/542442\/revisions"}],"wp:featuredmedia":[{"embeddable":true,"href":"https:\/\/www.europesays.com\/fr\/wp-json\/wp\/v2\/media\/542443"}],"wp:attachment":[{"href":"https:\/\/www.europesays.com\/fr\/wp-json\/wp\/v2\/media?parent=542442"}],"wp:term":[{"taxonomy":"category","embeddable":true,"href":"https:\/\/www.europesays.com\/fr\/wp-json\/wp\/v2\/categories?post=542442"},{"taxonomy":"post_tag","embeddable":true,"href":"https:\/\/www.europesays.com\/fr\/wp-json\/wp\/v2\/tags?post=542442"}],"curies":[{"name":"wp","href":"https:\/\/api.w.org\/{rel}","templated":true}]}}