{"id":542448,"date":"2025-11-18T12:24:23","date_gmt":"2025-11-18T12:24:23","guid":{"rendered":"https:\/\/www.europesays.com\/fr\/542448\/"},"modified":"2025-11-18T12:24:23","modified_gmt":"2025-11-18T12:24:23","slug":"marti-revient-sur-le-cas-giroud-et-son-probable-depart-a-bayonne","status":"publish","type":"post","link":"https:\/\/www.europesays.com\/fr\/542448\/","title":{"rendered":"Marti revient sur le cas Giroud et son probable d\u00e9part \u00e0 Bayonne"},"content":{"rendered":"<p>Laurent Marti a pris la parole pour clarifier un sujet br\u00fblant. Le pr\u00e9sident de l\u2019Union Bordeaux-B\u00e8gles s&rsquo;est exprim\u00e9 sur l\u2019avenir de Thibault Giroud, directeur de la performance du club. Ce dernier est annonc\u00e9 sur le d\u00e9part vers Bayonne. Alors que Giroud est encore sous contrat jusqu\u2019en 2027, cette hypoth\u00e8se nourrit les discussions autour de la stabilit\u00e9 du staff girondin.<\/p>\n<p>\u00a0<\/p>\n<p>Marti temporise et rappelle son calendrier<\/p>\n<p>Face aux interrogations, le pr\u00e9sident a tenu \u00e0 rappeler qu\u2019aucune d\u00e9marche officielle n\u2019avait \u00e9t\u00e9 engag\u00e9e par l\u2019int\u00e9ress\u00e9. \u00ab Je n\u2019ai eu aucun contact avec Thibault, il ne m\u2019a inform\u00e9 de rien \u00bb, a-t-il insist\u00e9. Laurent Marti explique que depuis septembre, il a pr\u00e9vu de rencontrer l\u2019ensemble de son staff afin d\u2019anticiper les prolongations. Ils sont une douzaine dont les contrats arrivent \u00e0 \u00e9ch\u00e9ance en juin 2027. Mais le dirigeant souligne l\u2019importance d\u2019un calendrier structur\u00e9 pour g\u00e9rer ces discussions.<\/p>\n<p>\u00a0<\/p>\n<blockquote>\n<p>\u00ab Voir son staff 19 mois avant l\u2019\u00e9ch\u00e9ance, \u00e7a me para\u00eet tout \u00e0 fait respectable et entendable. L\u00e0 (dimanche dernier), je pars en voyage d\u2019affaires au Bangladesh. Je vais certainement commencer \u00e0 les voir la semaine prochaine. Peut-\u00eatre qu\u2019\u00e0 ce moment-l\u00e0, Thibault m\u2019informera de sa d\u00e9cision. Moi, je reste sur mon agenda. \u00c7a demande beaucoup d\u2019\u00e9nergie de prolonger douze personnes qui ont des conseils, des vell\u00e9it\u00e9s\u2026 \u00c7a demande de l\u2019organisation. On ne peut pas tout faire en m\u00eame temps \u00bb, rappelle Laurent Marti.<\/p>\n<\/blockquote>\n<p>\u00a0<\/p>\n<p>Une d\u00e9cision attendue<\/p>\n<p>En attendant, Marti reste fid\u00e8le \u00e0 son agenda et refuse de c\u00e9der \u00e0 la pr\u00e9cipitation. Le cas Giroud, au c\u0153ur des sp\u00e9culations, devrait trouver une r\u00e9ponse dans les prochaines semaines. Ce sera au moment o\u00f9 les discussions contractuelles s\u2019ouvriront r\u00e9ellement \u00e0 l&rsquo;UBB.<\/p>\n<p>Partagez cette info avec vos amis et vos proches en cliquant ici<br \/>Pour r\u00e9sumer<\/p>\n<p>Laurent Marti s\u2019exprime sur le cas Thibault Giroud, annonc\u00e9 sur le d\u00e9part vers Bayonne malgr\u00e9 un contrat jusqu\u2019en 2027. Le pr\u00e9sident de l\u2019UBB temporise, rappelant son calendrier de prolongations, laissant planer le suspense sur l\u2019avenir du staff.<\/p>\n<p> <img decoding=\"async\" width=\"76\" height=\"76\" loading=\"lazy\" src=\"https:\/\/www.europesays.com\/fr\/wp-content\/uploads\/2025\/04\/avatar-quinze.png\" alt=\"Voldi Fr\u00e9jus\u00a0Hounvio\"\/><\/p>\n","protected":false},"excerpt":{"rendered":"Laurent Marti a pris la parole pour clarifier un sujet br\u00fblant. Le pr\u00e9sident de l\u2019Union Bordeaux-B\u00e8gles s&rsquo;est exprim\u00e9&hellip;\n","protected":false},"author":2,"featured_media":542449,"comment_status":"","ping_status":"","sticky":false,"template":"","format":"standard","meta":{"footnotes":""},"categories":[1416],"tags":[1011,27,479,1468,60,478],"class_list":{"0":"post-542448","1":"post","2":"type-post","3":"status-publish","4":"format-standard","5":"has-post-thumbnail","7":"category-rugby","8":"tag-fr","9":"tag-france","10":"tag-rugby","11":"tag-rugby-football","12":"tag-sports","13":"tag-top-14"},"share_on_mastodon":{"url":"https:\/\/pubeurope.com\/@fr\/115570690087223730","error":""},"_links":{"self":[{"href":"https:\/\/www.europesays.com\/fr\/wp-json\/wp\/v2\/posts\/542448","targetHints":{"allow":["GET"]}}],"collection":[{"href":"https:\/\/www.europesays.com\/fr\/wp-json\/wp\/v2\/posts"}],"about":[{"href":"https:\/\/www.europesays.com\/fr\/wp-json\/wp\/v2\/types\/post"}],"author":[{"embeddable":true,"href":"https:\/\/www.europesays.com\/fr\/wp-json\/wp\/v2\/users\/2"}],"replies":[{"embeddable":true,"href":"https:\/\/www.europesays.com\/fr\/wp-json\/wp\/v2\/comments?post=542448"}],"version-history":[{"count":0,"href":"https:\/\/www.europesays.com\/fr\/wp-json\/wp\/v2\/posts\/542448\/revisions"}],"wp:featuredmedia":[{"embeddable":true,"href":"https:\/\/www.europesays.com\/fr\/wp-json\/wp\/v2\/media\/542449"}],"wp:attachment":[{"href":"https:\/\/www.europesays.com\/fr\/wp-json\/wp\/v2\/media?parent=542448"}],"wp:term":[{"taxonomy":"category","embeddable":true,"href":"https:\/\/www.europesays.com\/fr\/wp-json\/wp\/v2\/categories?post=542448"},{"taxonomy":"post_tag","embeddable":true,"href":"https:\/\/www.europesays.com\/fr\/wp-json\/wp\/v2\/tags?post=542448"}],"curies":[{"name":"wp","href":"https:\/\/api.w.org\/{rel}","templated":true}]}}