{"id":542464,"date":"2025-11-18T12:36:19","date_gmt":"2025-11-18T12:36:19","guid":{"rendered":"https:\/\/www.europesays.com\/fr\/542464\/"},"modified":"2025-11-18T12:36:19","modified_gmt":"2025-11-18T12:36:19","slug":"et-hop-insaisissables-3-remplit-les-salles","status":"publish","type":"post","link":"https:\/\/www.europesays.com\/fr\/542464\/","title":{"rendered":"et hop\u00a0! \u201cInsaisissables\u00a03\u201d remplit les salles"},"content":{"rendered":"\n<p class=\"article__chapeau\">Dans un contexte maussade, le troisi\u00e8me volet de la saga sur les justiciers illusionnistes rafle la t\u00eate du podium, sans r\u00e9it\u00e9rer les excellents r\u00e9sultats des deux premiers opus. \u201cLes Aigles de la R\u00e9publique\u201d, de Tarik Saleh, r\u00e9ussit un bon lancement.<\/p>\n<p>              <a href=\"https:\/\/www.europesays.com\/fr\/wp-content\/uploads\/2025\/11\/7a149f9_upload-1-2ozpg1t8yp28-insaisissables-3-02.jpg\" data-pswp-width=\"\" data-pswp-height=\"\" class=\"media__hd\" target=\"_blank\">      <img decoding=\"async\" fetchpriority=\"high\" src=\"https:\/\/www.europesays.com\/fr\/wp-content\/uploads\/2025\/11\/7a149f9_upload-1-2ozpg1t8yp28-insaisissables-3-02.jpg\" class=\"media__picture js-media-zoom-main \" alt=\"Une nouvelle fois, la saga \u00ab\u00a0Insaisissables\u00a0\u00bb (ici avec Rosamund Pike), de Ruben Fleischer, ne laisse pas le public de glace.\" title=\"Photo Katalin Vermes\/Lionsgate\/Summit Entertainment\"\/>      <\/p>\n<p class=\"media__legend\"> Une nouvelle fois, la saga \u00ab\u00a0Insaisissables\u00a0\u00bb (ici avec Rosamund Pike), de Ruben Fleischer, ne laisse pas le public de glace.  Photo Katalin Vermes\/Lionsgate\/Summit Entertainment  <\/p>\n<p>     <\/a>                    <\/p>\n<p class=\"author author--simple\">Par  <a class=\"author author--link\" href=\"https:\/\/www.telerama.fr\/recherche\/articles?q=Bertrand+Lott\" rel=\"nofollow noopener\" target=\"_blank\"> Bertrand Lott <\/a>    <\/p>\n<p class=\"publication__date\">Publi\u00e9 le 18 novembre 2025 \u00e0 12h01<\/p>\n<p>   Partager   <\/p>\n<ul class=\"sharing-popin--results\">\n<li class=\"sharing-popin--item sharing-popin--item-container\"> Partage  <\/li>\n<li data-share=\"linkedin\" class=\"sharing-popin--item\">  LinkedIn <\/li>\n<li data-share=\"facebook\" class=\"sharing-popin--item\">  Facebook <\/li>\n<li data-share=\"mail\" data-social=\"mail\" class=\"sharing-popin--item\">  Envoyer par email <\/li>\n<li data-share=\"copy\" class=\"sharing-popin--item\">  Copier le lien <\/li>\n<\/ul>\n<p>        Favoris       <\/p>\n<p>                <a class=\"openapp__link\" data-event=\"click-open-app\" data-deep-link=\"tlrm:\/\/element?id=\/cinema\/box-office-et-hop-insaisissables-3-remplit-les-salles-7028350.php&amp;source=deeplink_site\">  Lire dans l&rsquo;application<br \/>\n  <\/a>                               <\/p>\n<p class=\"paragraph\">Abracadabra, <a target=\"_blank\" href=\"https:\/\/www.telerama.fr\/cinema\/insaisissables-3-peine-toujours-a-faire-illusion_cri-7041497.php#:~:text=Jesse%20Eisenberg%20et%20son%20groupe,pas%20%C3%A0%20sauver%20le%20film.\" rel=\"nofollow noopener\">Insaisissables 3<\/a> s\u2019empare de la t\u00eate du classement de la p\u00e9riode avec 413\u00a0000 spectateurs sur 607 \u00e9crans, au terme de son premier week-end. Un lancement plut\u00f4t satisfaisant \u2014 et bienvenu \u2014 dans un contexte morose pour les salles. Le long m\u00e9trage s\u2019inscrit malgr\u00e9 tout en net recul sur les deux pr\u00e9c\u00e9dents volets de la saga des magiciens (733\u00a0000\u00a0et 724\u00a0000 entr\u00e9es en\u00a02013 et\u00a02016). Il d\u00e9passera certainement le million de tickets vendus, mais sera loin des trois millions de l\u2019opus 1\u00a0et des deux millions du 2.<\/p>\n<p class=\"paragraph\"><a target=\"_blank\" href=\"https:\/\/www.telerama.fr\/cinema\/la-bonne-etoile-de-pascal-elbe-un-film-gentiment-desuet-mais-mechamment-cliche_cri-7041465.php\" rel=\"nofollow noopener\">La Bonne \u00c9toile<\/a> a d\u00fb se contenter de 122\u00a0000 curieux sur une large combinaison de 503 salles, pour se positionner au deuxi\u00e8me rang des nouveaut\u00e9s et au quatri\u00e8me du classement g\u00e9n\u00e9ral. C\u2019est au m\u00eame niveau que le pr\u00e9c\u00e9dent long m\u00e9trage de Pascal Elb\u00e9, <a target=\"_blank\" href=\"https:\/\/www.telerama.fr\/cinema\/films\/on-est-fait-pour-s-entendre-1-186890230.php#:~:text=Synopsis,%C3%A0%20un%20%C3%A2ge%20si%20pr%C3%A9coce.\" rel=\"nofollow noopener\">On est fait pour s\u2019entendre<\/a> (125\u00a0000 entr\u00e9es en\u00a02021), et mieux que <a target=\"_blank\" href=\"https:\/\/www.telerama.fr\/cinema\/le-jour-j-une-nouvelle-defaite-pour-kev-adams_cri-7041098.php\" rel=\"nofollow noopener\">Le Jour J<\/a> (93\u00a0000 entr\u00e9es), com\u00e9die r\u00e9cente sur fond de Seconde Guerre mondiale.<\/p>\n<p class=\"paragraph\">Bon d\u00e9part pour <a target=\"_blank\" href=\"https:\/\/www.telerama.fr\/cinema\/les-aigles-de-la-republique-de-tarik-saleh-satire-politique-et-comedie-noire-sous-le-regime-egyptien-2606_cri-7041471.php\" rel=\"nofollow noopener\">Les Aigles de la R\u00e9publique<\/a>, qui a captiv\u00e9 71\u00a0000 cin\u00e9philes en cinq jours sur 228 \u00e9crans, ce qui le positionne au septi\u00e8me rang national et m\u00eame au deuxi\u00e8me \u00e0 Paris. Le thriller politique de Tarik Saleh, dont la carri\u00e8re est appel\u00e9e \u00e0 se construire sur la dur\u00e9e, s\u2019intercale entre ses deux pr\u00e9d\u00e9cesseurs, <a target=\"_blank\" href=\"https:\/\/www.telerama.fr\/cinema\/films\/la-conspiration-du-caire-1-213217651.php\" rel=\"nofollow noopener\">La Conspiration du\u00a0Caire<\/a> (108\u00a0000 entr\u00e9es) et <a target=\"_blank\" href=\"https:\/\/www.telerama.fr\/cinema\/films\/le-caire-confidentiel,517966.php\" rel=\"nofollow noopener\">Le\u00a0Caire confidentiel<\/a> (54\u00a0000 entr\u00e9es).<\/p>\n<p>                \u201cL\u2019\u00c9tranger\u201d poursuit sa lanc\u00e9e                       <\/p>\n<p class=\"paragraph\">C\u00f4t\u00e9 polar tricolore, <a target=\"_blank\" href=\"https:\/\/www.telerama.fr\/cinema\/le-gang-des-amazones-de-melissa-drigeard-un-film-de-braquage-au-feminin-un-peu-bancal-mais-pas-banal_cri-7041468.php\" rel=\"nofollow noopener\">Le Gang des Amazones<\/a>, de Melissa Drigeard, suit avec 64\u00a0000 clients dans 256 cin\u00e9mas. On trouve ensuite le premier film d\u2019Isabelle Carr\u00e9, <a target=\"_blank\" href=\"https:\/\/www.telerama.fr\/cinema\/les-reveurs-isabelle-carre-trouve-le-ton-juste-pour-filmer-l-ado-hypersensible-qu-elle-fut_cri-7041472.php\" rel=\"nofollow noopener\">Les R\u00eaveurs<\/a> (32\u00a0000 entr\u00e9es dans 162 salles)\u00a0; <a target=\"_blank\" href=\"https:\/\/www.telerama.fr\/cinema\/l-incroyable-femme-des-neiges-de-sebastien-betbeder-un-role-en-or-pour-blanche-gardin_cri-7041469.php\" rel=\"nofollow noopener\">L\u2019Incroyable Femme des neiges<\/a> (31\u00a0000 entr\u00e9es dans 103 salles) avec le duo Blanche Gardin\/Philippe Katerine\u00a0; le huis clos judiciaire de Charlotte Devillers et Arnaud Dufeys <a target=\"_blank\" href=\"https:\/\/www.telerama.fr\/cinema\/on-vous-croit-de-charlotte-devillers-et-arnaud-dufeys-un-film-coup-de-poing-sur-une-mere-en-quete-de-justice_cri-7041470.php\" rel=\"nofollow noopener\">On vous croit<\/a> (19\u00a0000 entr\u00e9es dans 114 salles)\u00a0; et le drame d\u2019Alexe Poukine <a target=\"_blank\" href=\"https:\/\/www.telerama.fr\/cinema\/kika-d-alexe-poukine-un-film-a-la-fois-culotte-et-didactique-sur-le-travail-du-sexe_cri-7041466.php\" rel=\"nofollow noopener\">Kika<\/a> (15\u00a0000 entr\u00e9es dans 73 salles).<\/p>\n<p class=\"paragraph\">Parmi les continuations, <a target=\"_blank\" href=\"https:\/\/www.telerama.fr\/cinema\/l-etranger-revu-par-francois-ozon-avec-benjamin-voisin-camus-incarne-a-l-ecran-comme-jamais-5725_cri-7041262.php\" rel=\"nofollow noopener\">L\u2019\u00c9tranger<\/a> se distingue \u00e0 nouveau avec un recul tr\u00e8s limit\u00e9 de sa fr\u00e9quentation, la cinqui\u00e8me place du classement du moment et un cumul port\u00e9 \u00e0 542\u00a0000 entr\u00e9es en dix-neuf jours. Sorti le m\u00eame jour, <a target=\"_blank\" href=\"https:\/\/www.telerama.fr\/cinema\/la-femme-la-plus-riche-du-monde-isabelle-huppert-a-la-tete-d-un-casting-aussi-monstrueux-que-flamboyant-5642_cri-7041272.php\" rel=\"nofollow noopener\">La Femme la plus riche du monde<\/a> approche des 700\u00a0000 entr\u00e9es, un cap que le ph\u00e9nom\u00e8ne <a target=\"_blank\" href=\"https:\/\/www.telerama.fr\/cinema\/sirat-d-oliver-laxe-une-experience-hallucinante-entre-les-rave-partys-du-desert-marocain_cri-7040516.php\" rel=\"nofollow noopener\">Sir\u00e2t<\/a> vient de franchir avec brio lors de son dixi\u00e8me week-end\u00a0! Tr\u00e8s bon maintien aussi pour <a target=\"_blank\" href=\"https:\/\/www.telerama.fr\/cinema\/arco-le-conte-fantastique-d-une-formidable-inventivite-d-ugo-bienvenu_cri-7041174.php\" rel=\"nofollow noopener\">Arco<\/a>, avec 337\u00a0000 entr\u00e9es en moins de quatre semaines.<\/p>\n<p class=\"edito__prefixe\">   \u00c0 lire aussi :   <\/p>\n<p class=\"edito__text-container\">   <a alt=\"Lire aussi\" href=\"https:\/\/www.telerama.fr\/cinema\/box-office-t-as-pas-change-transforme-l-essai-l-inconnu-de-la-grande-arche-trouve-sa-voie-7028238.php\" class=\"article__title--edito\" rel=\"nofollow noopener\" target=\"_blank\">Box-office\u00a0: \u201cT\u2019as pas chang\u00e9\u201d transforme l\u2019essai, \u201cL\u2019Inconnu de la Grande Arche\u201d trouve sa voie<\/a>  <\/p>\n","protected":false},"excerpt":{"rendered":"Dans un contexte maussade, le troisi\u00e8me volet de la saga sur les justiciers illusionnistes rafle la t\u00eate du&hellip;\n","protected":false},"author":2,"featured_media":542465,"comment_status":"","ping_status":"","sticky":false,"template":"","format":"standard","meta":{"footnotes":""},"categories":[1354],"tags":[58,59,1346,1011,27,1360],"class_list":{"0":"post-542464","1":"post","2":"type-post","3":"status-publish","4":"format-standard","5":"has-post-thumbnail","7":"category-films","8":"tag-divertissement","9":"tag-entertainment","10":"tag-films","11":"tag-fr","12":"tag-france","13":"tag-movies"},"share_on_mastodon":{"url":"https:\/\/pubeurope.com\/@fr\/115570736925717456","error":""},"_links":{"self":[{"href":"https:\/\/www.europesays.com\/fr\/wp-json\/wp\/v2\/posts\/542464","targetHints":{"allow":["GET"]}}],"collection":[{"href":"https:\/\/www.europesays.com\/fr\/wp-json\/wp\/v2\/posts"}],"about":[{"href":"https:\/\/www.europesays.com\/fr\/wp-json\/wp\/v2\/types\/post"}],"author":[{"embeddable":true,"href":"https:\/\/www.europesays.com\/fr\/wp-json\/wp\/v2\/users\/2"}],"replies":[{"embeddable":true,"href":"https:\/\/www.europesays.com\/fr\/wp-json\/wp\/v2\/comments?post=542464"}],"version-history":[{"count":0,"href":"https:\/\/www.europesays.com\/fr\/wp-json\/wp\/v2\/posts\/542464\/revisions"}],"wp:featuredmedia":[{"embeddable":true,"href":"https:\/\/www.europesays.com\/fr\/wp-json\/wp\/v2\/media\/542465"}],"wp:attachment":[{"href":"https:\/\/www.europesays.com\/fr\/wp-json\/wp\/v2\/media?parent=542464"}],"wp:term":[{"taxonomy":"category","embeddable":true,"href":"https:\/\/www.europesays.com\/fr\/wp-json\/wp\/v2\/categories?post=542464"},{"taxonomy":"post_tag","embeddable":true,"href":"https:\/\/www.europesays.com\/fr\/wp-json\/wp\/v2\/tags?post=542464"}],"curies":[{"name":"wp","href":"https:\/\/api.w.org\/{rel}","templated":true}]}}