{"id":542471,"date":"2025-11-18T12:40:14","date_gmt":"2025-11-18T12:40:14","guid":{"rendered":"https:\/\/www.europesays.com\/fr\/542471\/"},"modified":"2025-11-18T12:40:14","modified_gmt":"2025-11-18T12:40:14","slug":"voici-la-photo-que-beaucoup-decrivent-comme-le-cliche-de-lannee","status":"publish","type":"post","link":"https:\/\/www.europesays.com\/fr\/542471\/","title":{"rendered":"Voici la photo que beaucoup d\u00e9crivent comme le clich\u00e9 de l\u2019ann\u00e9e"},"content":{"rendered":"<p>Tout sauf du hasard. L\u2019astrophotographe <a href=\"https:\/\/www.20minutes.fr\/monde\/etats-unis\/\" class=\"c-link c-link--is-underlined\" target=\"_blank\" rel=\"noopener\">am\u00e9ricain<\/a> Andrew McCarthy et le pilote et vid\u00e9aste Gabriel C. Brown ont longtemps planch\u00e9 sur l\u2019organisation et la mise en sc\u00e8ne d\u2019un clich\u00e9 pris le 8\u00a0novembre et qui est ensuite devenu viral. Abondamment relay\u00e9e sur les r\u00e9seaux sociaux, la photo montre un homme dont la silhouette noire se d\u00e9coupe sur un fond jaune vif qui n\u2019est autre que <a href=\"https:\/\/www.20minutes.fr\/dossier\/soleil\" class=\"c-link c-link--is-underlined\" target=\"_blank\" rel=\"noopener\">le Soleil<\/a>. Elle a \u00e9t\u00e9 surnomm\u00e9e \u00ab\u00a0La Chute d\u2019Icare\u00a0\u00bb, indique <a href=\"https:\/\/www.leparisien.fr\/sciences\/la-photo-de-lannee-limage-incroyable-dun-parachutiste-capture-en-chute-libre-parfaitement-aligne-avec-le-soleil-17-11-2025-7CLHRCLDDVETDGDSQDVQSB6QZI.php\" rel=\"nofollow noopener\" target=\"_blank\" class=\"c-link c-link--is-underlined\">Le Parisien<\/a> ce lundi.<\/p>\n<p>Au m\u00e8tre pr\u00e8s<\/p>\n<p>\u00ab\u00a0Il pourrait bien s\u2019agir de la toute premi\u00e8re photo de ce type\u00a0\u00bb, a comment\u00e9 <a href=\"https:\/\/www.20minutes.fr\/dossier\/photo\" class=\"c-link c-link--is-underlined\" target=\"_blank\" rel=\"noopener\">le photographe<\/a> professionnel sur son compte X. Pour immortaliser la sc\u00e8ne, il a fallu planifier une v\u00e9ritable chor\u00e9graphie suivie \u00e0 la fois par le youtubeur parachutiste et par Andrew McCarthy. Le premier a embarqu\u00e9 dans un petit a\u00e9ronef propuls\u00e9 par une h\u00e9lice, comme on le voit dans la vid\u00e9o d\u00e9crivant la r\u00e9alisation du projet, et a attendu d\u2019atteindre l\u2019altitude de 1.067 m avant de sauter dans le vide.<\/p>\n<p>Il se trouvait alors \u00e0 2.438 m de l\u2019objectif du photographe, comme pr\u00e9vu lors des calculs. Andrew McCarthy s\u2019est f\u00e9licit\u00e9 d\u2019avoir r\u00e9ussi \u00e0 faire preuve de l&rsquo; \u00ab\u00a0immense pr\u00e9cision technique\u00a0\u00bb n\u00e9cessaire \u00e0 l\u2019obtention d\u2019une telle photo. Deux versions de cette derni\u00e8re ont \u00e9t\u00e9 mises en ligne\u00a0: une sur laquelle l\u2019ensemble du disque solaire appara\u00eet et une autre en plan plus serr\u00e9. <a href=\"https:\/\/www.livescience.com\/space\/the-sun\/astrophotographer-snaps-absolutely-preposterous-photo-of-skydiver-falling-past-the-suns-surface\" rel=\"nofollow noopener\" target=\"_blank\" class=\"c-link c-link--is-underlined\">Live Science<\/a> explique que le clich\u00e9 d\u00e9j\u00e0 culte a \u00e9t\u00e9 captur\u00e9 lors du premier essai.<\/p>\n","protected":false},"excerpt":{"rendered":"Tout sauf du hasard. L\u2019astrophotographe am\u00e9ricain Andrew McCarthy et le pilote et vid\u00e9aste Gabriel C. Brown ont longtemps&hellip;\n","protected":false},"author":2,"featured_media":542472,"comment_status":"","ping_status":"","sticky":false,"template":"","format":"standard","meta":{"footnotes":""},"categories":[7],"tags":[3734,251,58,73,1011,27,2745,43,40,41,39,4904,42,44],"class_list":{"0":"post-542471","1":"post","2":"type-post","3":"status-publish","4":"format-standard","5":"has-post-thumbnail","7":"category-sciences-et-technologies","8":"tag-art","9":"tag-culture","10":"tag-divertissement","11":"tag-etats-unis","12":"tag-fr","13":"tag-france","14":"tag-photo","15":"tag-science","16":"tag-science-and-technology","17":"tag-sciences","18":"tag-sciences-et-technologies","19":"tag-soleil","20":"tag-technologies","21":"tag-technology"},"share_on_mastodon":{"url":"https:\/\/pubeurope.com\/@fr\/115570751849437510","error":""},"_links":{"self":[{"href":"https:\/\/www.europesays.com\/fr\/wp-json\/wp\/v2\/posts\/542471","targetHints":{"allow":["GET"]}}],"collection":[{"href":"https:\/\/www.europesays.com\/fr\/wp-json\/wp\/v2\/posts"}],"about":[{"href":"https:\/\/www.europesays.com\/fr\/wp-json\/wp\/v2\/types\/post"}],"author":[{"embeddable":true,"href":"https:\/\/www.europesays.com\/fr\/wp-json\/wp\/v2\/users\/2"}],"replies":[{"embeddable":true,"href":"https:\/\/www.europesays.com\/fr\/wp-json\/wp\/v2\/comments?post=542471"}],"version-history":[{"count":0,"href":"https:\/\/www.europesays.com\/fr\/wp-json\/wp\/v2\/posts\/542471\/revisions"}],"wp:featuredmedia":[{"embeddable":true,"href":"https:\/\/www.europesays.com\/fr\/wp-json\/wp\/v2\/media\/542472"}],"wp:attachment":[{"href":"https:\/\/www.europesays.com\/fr\/wp-json\/wp\/v2\/media?parent=542471"}],"wp:term":[{"taxonomy":"category","embeddable":true,"href":"https:\/\/www.europesays.com\/fr\/wp-json\/wp\/v2\/categories?post=542471"},{"taxonomy":"post_tag","embeddable":true,"href":"https:\/\/www.europesays.com\/fr\/wp-json\/wp\/v2\/tags?post=542471"}],"curies":[{"name":"wp","href":"https:\/\/api.w.org\/{rel}","templated":true}]}}