{"id":542476,"date":"2025-11-18T12:43:13","date_gmt":"2025-11-18T12:43:13","guid":{"rendered":"https:\/\/www.europesays.com\/fr\/542476\/"},"modified":"2025-11-18T12:43:13","modified_gmt":"2025-11-18T12:43:13","slug":"leroy-merlin-ca-va-boycotter-lourd-plus-un-euro-chez-vous-vous-vous-mettez-a-dos-50-des-francais-vive-leroy-merlin-merci-en-retirant-sa-publicite-du-site-frontieres-lenseigne-de-bri","status":"publish","type":"post","link":"https:\/\/www.europesays.com\/fr\/542476\/","title":{"rendered":"Leroy Merlin &#8211; \u00ab\u00a0\u00c7a va boycotter lourd\u00a0\u00bb, \u00ab\u00a0Plus un euro chez vous\u00a0\u00bb, \u00ab\u00a0Vous vous mettez \u00e0 dos 50% des Fran\u00e7ais\u00a0\u00bb, Vive Leroy Merlin\u00a0\u00bb, \u00ab\u00a0Merci\u00a0\u00bb : en retirant sa publicit\u00e9 du site Fronti\u00e8res, l&rsquo;enseigne de bricolage fran\u00e7aise a secou\u00e9 les r\u00e9seaux sociaux"},"content":{"rendered":"<p class=\"mb-4 text-lg md:leading-8 break-words\">Tout a commenc\u00e9 par un message, publi\u00e9 sur X ce lundi 17 novembre. \u00ab\u00a0Votre pub <a data-i13n=\"cpos:1;pos:1\" href=\"https:\/\/fr.style.yahoo.com\/leroy-merlin-ce-produit-est-formidable-cest-exceptionnel-leroy-merlin-vous-etes-des-rois-definitivement-le-meilleur-au-portugal-lenseigne-francaise-lance-un-boxer-pour-venir-a-bout-de-la-raie-du-plombier-103510493.html\" data-ylk=\"slk:Leroy Merlin;cpos:1;pos:1;elm:context_link;itc:0;sec:content-canvas;outcm:mb_qualified_link;_E:mb_qualified_link;ct:story;\" class=\"link  yahoo-link\" target=\"_blank\" rel=\"noopener\">Leroy Merlin<\/a> appara\u00eet sur le site abject FrontieresMedia.fr, obnubil\u00e9 par l&rsquo;immigration, qui vend du merch avec le slogan <a data-i13n=\"cpos:2;pos:1\" href=\"https:\/\/fr.news.yahoo.com\/extreme-droite--un-obscur-club-pour-europeens-va-ouvrir-ses-portes-a-paris-140558777.html\" data-ylk=\"slk:x\u00e9nophobe;cpos:2;pos:1;elm:context_link;itc:0;sec:content-canvas;outcm:mb_qualified_link;_E:mb_qualified_link;ct:story;\" class=\"link  yahoo-link\" target=\"_blank\" rel=\"noopener\">x\u00e9nophobe<\/a> du FN\/RN et de G\u00e9n\u00e9ration Identitaire et qui est accus\u00e9 de diffamer des ONG de d\u00e9fense des droits humains (un hors-s\u00e9rie du m\u00e9dia, paru en janvier, accusait des associations telles qu\u2019Utopia 56, la Ligue des droits de l\u2019homme ou encore le MRAP, d\u2019actions illicites et de faire de <a data-i13n=\"cpos:3;pos:1\" href=\"https:\/\/fr.news.yahoo.com\/immigration--pourquoi-la-theorie-du-grand-remplacement-evoquee-a-lassemblee-est-totalement-bancale-et-complotiste-111314552.html\" data-ylk=\"slk:l\u2019immigration;cpos:3;pos:1;elm:context_link;itc:0;sec:content-canvas;outcm:mb_qualified_link;_E:mb_qualified_link;ct:story;\" class=\"link  yahoo-link\" target=\"_blank\" rel=\"noopener\">l\u2019immigration<\/a> et des personnes exil\u00e9es un fonds de commerce. Ces trois associations ont port\u00e9 plainte en mai 2025 ; ndlr). Est-ce OK ?\u00a0\u00bb, a demand\u00e9 Sleeping Giants FR, qui se pr\u00e9sente comme \u00ab\u00a0un collectif citoyen de lutte contre le financement du discours de haine\u00a0\u00bb sur X, en mentionnant l&rsquo;enseigne de bricolage fran\u00e7aise.<\/p>\n<p class=\"mb-4 text-lg md:leading-8 break-words\">Ce m\u00eame lundi, Leroy Merlin a rapidement r\u00e9pondu : \u00ab\u00a0Bonjour, Votre alerte a bien \u00e9t\u00e9 prise en compte. Le site mentionn\u00e9 a \u00e9t\u00e9 imm\u00e9diatement ajout\u00e9 \u00e0 notre liste de blocage publicitaire. Nous ne cautionnons en aucun cas les propos tenus sur cette plateforme, ni les messages qu\u2019on a pu y voir relay\u00e9s. Leroy Merlin France\u00a0\u00bb, peut-on lire sur X.<\/p>\n<p>\u00ab\u00a0C&rsquo;est pas grave, chez Castorama il y a tout ce qu&rsquo;il faut !\u00a0\u00bb<\/p>\n<p class=\"mb-4 text-lg md:leading-8 break-words\">Mais cette r\u00e9ponse n&rsquo;a pas plu \u00e0 tout le monde. Certains utilisateurs se sont indign\u00e9s sur les r\u00e9seaux sociaux : \u00ab\u00a0Leroy Merlin ne veut pas de clients ayant des id\u00e9es politiques de droite. C\u2019est not\u00e9\u00a0\u00bb, \u00ab\u00a0Vous vous mettez \u00e0 dos 50% des Fran\u00e7ais en faisant ce communiqu\u00e9\u00a0\u00bb, \u00ab\u00a0Pour satisfaire sa nouvelle client\u00e8le, Leroy Merlin va vendre des drapeaux palestiniens, du tabac, des feuilles \u00e0 rouler et de la 8-6\u00a0\u00bb, peut-on lire.<\/p>\n<p class=\"mb-4 text-lg md:leading-8 break-words\">Certains appellent d\u00e9j\u00e0 au boycott de l&rsquo;enseigne, et des autres marques d\u00e9tenues par la famille Mulliez, propri\u00e9taire de Leroy Merlin, mais aussi d&rsquo;Auchan, D\u00e9cathlon, Boulanger, Norauto, Flunch ou encore Kiabi. \u00ab\u00a0Le nombre de droitards que je connais qui vont \u00e0 Leroy Merlin en plus, \u00e7a va boycotter lourd\u00a0\u00bb, \u00ab\u00a0Ah bah je crois que malheureusement Leroy Merlin va perdre des clients mdr\u00a0\u00bb, \u00ab\u00a0Bon \u00e0 savoir ! Soumission \u00e0 la gauche&#8230; plus un euro chez vous\u00a0\u00bb, \u00ab\u00a0Ah ouais ? Vous c\u00e9dez \u00e0 la pression des gauchistes ? Je vais non seulement boycotter Leroy Merlin, mais aussi Auchan, D\u00e9cathlon et tout le reste de vos enseignes. Finito\u00a0\u00bb, ont \u00e9crit plusieurs internautes indign\u00e9s. \u00ab\u00a0C&rsquo;est pas grave, chez Castorama il y a tout ce qu&rsquo;il faut !\u00a0\u00bb s&rsquo;est exclam\u00e9 un autre.<\/p>\n<p>\u00ab\u00a0Vive Leroy Merlin, vive la France, vive la r\u00e9publique\u00a0\u00bb<\/p>\n<p class=\"mb-4 text-lg md:leading-8 break-words\">D&rsquo;autres internautes se sont r\u00e9jouis de cette nouvelle. Plusieurs utilisateurs ont adress\u00e9 leurs remerciements et leurs f\u00e9licitations \u00e0 la marque : \u00ab\u00a0Merci ! Et bravo d&rsquo;afficher ainsi les valeurs de votre entreprise\u00a0\u00bb, \u00ab\u00a0Merci, \u00e7a m&rsquo;aurait un peu ennuy\u00e9 d&rsquo;avoir tir\u00e9 des palettes pour vous si vous \u00e9tiez en accord avec ces malotrus\u00a0\u00bb, \u00ab\u00a0Merci pour votre prise de position\u00a0\u00bb, \u00ab\u00a0En 48 heures, Leroy Merlin rappelle que la lutte contre le fascisme n\u2019est pas qu\u2019une affaire de gauche, mais bien l\u2019affaire de notre R\u00e9publique. Merci\u00a0\u00bb, \u00ab\u00a0Jouissif de voir tous ces fachos pleurer depuis hier. Vive Leroy Merlin, vive la France, vive la r\u00e9publique\u00a0\u00bb, \u00ab\u00a0En Belgique ils ont un cordon sanitaire dans les m\u00e9dias pour l&rsquo;extr\u00eame droite, nous on a Leroy Merlin. C&rsquo;est beau\u00a0\u00bb, \u00ab\u00a0Je vais principalement acheter chez Leroy Merlin, maintenant\u00a0\u00bb.<\/p>\n<p class=\"mb-4 text-lg md:leading-8 break-words\">Fronti\u00e8res est pr\u00e9sent\u00e9 sur Wikip\u00e9dia comme \u00ab\u00a0un m\u00e9dia d&rsquo;extr\u00eame droite fran\u00e7ais\u00a0\u00bb, \u00ab\u00a0affichant une orientation conservatrice et identitaire, soutien officieux d&rsquo;\u00c9ric Zemmour\u00a0\u00bb. Selon un article du <a data-i13n=\"cpos:4;pos:1\" href=\"https:\/\/www.lemonde.fr\/m-le-mag\/article\/2023\/01\/14\/en-france-la-contre-offensive-des-medias-prorusses_6157840_4500055.html\" rel=\"nofollow noopener\" target=\"_blank\" data-ylk=\"slk:Monde;cpos:4;pos:1;elm:context_link;itc:0;sec:content-canvas\" class=\"link \">Monde<\/a> datant de 2023, la cr\u00e9ation de la cha\u00eene YouTube de ce m\u00e9dia, en 2021, d&rsquo;abord baptis\u00e9 \u00ab\u00a0Livre Noir\u00a0\u00bb, avait pour but initial et officieux de pousser la campagne \u00e9lectorale d&rsquo;\u00c9ric Zemmour.<\/p>\n<p class=\"mb-4 text-lg md:leading-8 break-words\">Sur <a data-i13n=\"cpos:5;pos:1\" href=\"https:\/\/www.frontieresmedia.fr\/divers\/les-sleeping-giants-attaquent-frontieres-leroy-merlin-cede\" rel=\"nofollow noopener\" target=\"_blank\" data-ylk=\"slk:son site;cpos:5;pos:1;elm:context_link;itc:0;sec:content-canvas\" class=\"link \">son site<\/a>, Fronti\u00e8res qualifie Sleeping Giants de \u00ab\u00a0collectif d&rsquo;extr\u00eame gauche\u00a0\u00bb qui \u00ab\u00a0vient de lancer une campagne de d\u00e9stabilisation contre Fronti\u00e8res en harcelant sur les r\u00e9seaux sociaux les entreprises qui diffusent de la publicit\u00e9 sur notre site internet. Leroy Merlin vient d\u2019annoncer c\u00e9der \u00e0 leurs pressions.\u00a0\u00bb Selon Erik Tegner, le directeur de la r\u00e9daction Fronti\u00e8res Media, le but de ce collectif est clair : \u00ab\u00a0nous ass\u00e9cher financi\u00e8rement\u00a0\u00bb. Le m\u00e9dia a ainsi annonc\u00e9 une \u00ab\u00a0riposte\u00a0\u00bb, en enjoignant ses sympathisants \u00e0 s&rsquo;abonner ou \u00e0 r\u00e9aliser un don en faveur de Fronti\u00e8res, afin de soutenir le m\u00e9dia financi\u00e8rement.<\/p>\n","protected":false},"excerpt":{"rendered":"Tout a commenc\u00e9 par un message, publi\u00e9 sur X ce lundi 17 novembre. \u00ab\u00a0Votre pub Leroy Merlin appara\u00eet&hellip;\n","protected":false},"author":2,"featured_media":542477,"comment_status":"","ping_status":"","sticky":false,"template":"","format":"standard","meta":{"footnotes":""},"categories":[4],"tags":[11,66085,1011,27,30235,13614,12,25,66084],"class_list":{"0":"post-542476","1":"post","2":"type-post","3":"status-publish","4":"format-standard","5":"has-post-thumbnail","7":"category-france","8":"tag-actualites","9":"tag-cest-pas-grave","10":"tag-fr","11":"tag-france","12":"tag-leroy-merlin","13":"tag-ligue-des-droits-de-lhomme","14":"tag-news","15":"tag-republique-francaise","16":"tag-sleeping-giants"},"share_on_mastodon":{"url":"https:\/\/pubeurope.com\/@fr\/115570763950725224","error":""},"_links":{"self":[{"href":"https:\/\/www.europesays.com\/fr\/wp-json\/wp\/v2\/posts\/542476","targetHints":{"allow":["GET"]}}],"collection":[{"href":"https:\/\/www.europesays.com\/fr\/wp-json\/wp\/v2\/posts"}],"about":[{"href":"https:\/\/www.europesays.com\/fr\/wp-json\/wp\/v2\/types\/post"}],"author":[{"embeddable":true,"href":"https:\/\/www.europesays.com\/fr\/wp-json\/wp\/v2\/users\/2"}],"replies":[{"embeddable":true,"href":"https:\/\/www.europesays.com\/fr\/wp-json\/wp\/v2\/comments?post=542476"}],"version-history":[{"count":0,"href":"https:\/\/www.europesays.com\/fr\/wp-json\/wp\/v2\/posts\/542476\/revisions"}],"wp:featuredmedia":[{"embeddable":true,"href":"https:\/\/www.europesays.com\/fr\/wp-json\/wp\/v2\/media\/542477"}],"wp:attachment":[{"href":"https:\/\/www.europesays.com\/fr\/wp-json\/wp\/v2\/media?parent=542476"}],"wp:term":[{"taxonomy":"category","embeddable":true,"href":"https:\/\/www.europesays.com\/fr\/wp-json\/wp\/v2\/categories?post=542476"},{"taxonomy":"post_tag","embeddable":true,"href":"https:\/\/www.europesays.com\/fr\/wp-json\/wp\/v2\/tags?post=542476"}],"curies":[{"name":"wp","href":"https:\/\/api.w.org\/{rel}","templated":true}]}}