{"id":542482,"date":"2025-11-18T12:46:15","date_gmt":"2025-11-18T12:46:15","guid":{"rendered":"https:\/\/www.europesays.com\/fr\/542482\/"},"modified":"2025-11-18T12:46:15","modified_gmt":"2025-11-18T12:46:15","slug":"saint-etienne-un-quadragenaire-interpelle-au-volant-avec-134-g-dalcool-dans-le-sang-mais-sans-permis-ni-assurance","status":"publish","type":"post","link":"https:\/\/www.europesays.com\/fr\/542482\/","title":{"rendered":"Saint-Etienne. Un quadrag\u00e9naire interpell\u00e9 au volant avec 1,34\u00a0g d\u2019alcool dans le sang mais sans permis ni assurance"},"content":{"rendered":"<p>Les policiers de la brigade canine de la police nationale de la Loire ont l\u2019habitude de proc\u00e9der r\u00e9guli\u00e8rement \u00e0 des contr\u00f4les de v\u00e9hicules et de leurs conducteurs. Ce dimanche 16\u00a0novembre, il est environ 20\u00a0h\u00a030 quand les fonctionnaires d\u00e9cident d\u2019effectuer les v\u00e9rifications d\u2019usage en stoppant un v\u00e9hicule de type Citro\u00ebn C1 qui circule dans le quartier de Solaure \u00e0 Saint-Etienne.<\/p>\n<p>  Interpell\u00e9 et plac\u00e9 en cellule de d\u00e9grisement<\/p>\n<p>Et, rapidement, les forces de l\u2019ordre vont comprendre que l\u2019homme derri\u00e8re le volant ne se trouve pas dans un \u00e9tat normal. Le d\u00e9pistage d\u2019alcool\u00e9mie s\u2019\u00e9tant r\u00e9v\u00e9l\u00e9 positif, ces derniers demandent \u00e0 l\u2019individu, \u00e2g\u00e9 de 45 ans et originaire de Saint-Etienne, de souffler dans l\u2019\u00e9thylom\u00e8tre. La machine indique alors 1,34 gramme par litre de sang.<\/p>\n<p>Par ailleurs, le quadrag\u00e9naire roule malgr\u00e9 la suspension de son permis de conduire et sans assurance pour son automobile. Apr\u00e8s avoir \u00e9t\u00e9 interpell\u00e9 et plac\u00e9 en cellule de d\u00e9grisement, il a pu \u00eatre auditionn\u00e9 par les enqu\u00eateurs sous le r\u00e9gime de la garde \u00e0 vue.<\/p>\n<p>\u00c0 l\u2019issue, il s\u2019est vu signifier une convocation devant les services de la justice au cours des prochaines semaines.<\/p>\n","protected":false},"excerpt":{"rendered":"Les policiers de la brigade canine de la police nationale de la Loire ont l\u2019habitude de proc\u00e9der r\u00e9guli\u00e8rement&hellip;\n","protected":false},"author":2,"featured_media":542483,"comment_status":"","ping_status":"","sticky":false,"template":"","format":"standard","meta":{"footnotes":""},"categories":[9653],"tags":[1111,11,2430,271,272,7539,1777,674,274,1011,27,3367,12,25,4001,7538,104,2803],"class_list":{"0":"post-542482","1":"post","2":"type-post","3":"status-publish","4":"format-standard","5":"has-post-thumbnail","7":"category-saint-etienne","8":"tag-actu","9":"tag-actualites","10":"tag-auvergne-rhone-alpes","11":"tag-crime","12":"tag-delit-et-contravention","13":"tag-edition-loire-sud","14":"tag-eu","15":"tag-europe","16":"tag-faits-divers-justice","17":"tag-fr","18":"tag-france","19":"tag-loire","20":"tag-news","21":"tag-republique-francaise","22":"tag-saint-etienne","23":"tag-saint-etienne-ville","24":"tag-societe","25":"tag-transport"},"share_on_mastodon":{"url":"https:\/\/pubeurope.com\/@fr\/115570775666163783","error":""},"_links":{"self":[{"href":"https:\/\/www.europesays.com\/fr\/wp-json\/wp\/v2\/posts\/542482","targetHints":{"allow":["GET"]}}],"collection":[{"href":"https:\/\/www.europesays.com\/fr\/wp-json\/wp\/v2\/posts"}],"about":[{"href":"https:\/\/www.europesays.com\/fr\/wp-json\/wp\/v2\/types\/post"}],"author":[{"embeddable":true,"href":"https:\/\/www.europesays.com\/fr\/wp-json\/wp\/v2\/users\/2"}],"replies":[{"embeddable":true,"href":"https:\/\/www.europesays.com\/fr\/wp-json\/wp\/v2\/comments?post=542482"}],"version-history":[{"count":0,"href":"https:\/\/www.europesays.com\/fr\/wp-json\/wp\/v2\/posts\/542482\/revisions"}],"wp:featuredmedia":[{"embeddable":true,"href":"https:\/\/www.europesays.com\/fr\/wp-json\/wp\/v2\/media\/542483"}],"wp:attachment":[{"href":"https:\/\/www.europesays.com\/fr\/wp-json\/wp\/v2\/media?parent=542482"}],"wp:term":[{"taxonomy":"category","embeddable":true,"href":"https:\/\/www.europesays.com\/fr\/wp-json\/wp\/v2\/categories?post=542482"},{"taxonomy":"post_tag","embeddable":true,"href":"https:\/\/www.europesays.com\/fr\/wp-json\/wp\/v2\/tags?post=542482"}],"curies":[{"name":"wp","href":"https:\/\/api.w.org\/{rel}","templated":true}]}}