{"id":542492,"date":"2025-11-18T12:53:11","date_gmt":"2025-11-18T12:53:11","guid":{"rendered":"https:\/\/www.europesays.com\/fr\/542492\/"},"modified":"2025-11-18T12:53:11","modified_gmt":"2025-11-18T12:53:11","slug":"succes-pour-la-10e-edition-de-coeur-de-ville-en-lumieres","status":"publish","type":"post","link":"https:\/\/www.europesays.com\/fr\/542492\/","title":{"rendered":"succ\u00e8s pour la 10e \u00e9dition de Coeur de Ville en Lumi\u00e8res"},"content":{"rendered":"<p>                    Par<br \/>\n        <strong><br \/>\n            <a href=\"https:\/\/actu.fr\/auteur\/metropoop\" title=\"Consulter tous les articles de R\u00e9daction M\u00e9tropolitain\" rel=\"nofollow noopener\" target=\"_blank\">R\u00e9daction M\u00e9tropolitain<\/a><br \/>\n                    <\/strong><\/p>\n<p>        Publi\u00e9 le<\/p>\n<p>            18 nov. 2025 \u00e0 13h19        <\/p>\n<p>D\u00e9roul\u00e9e du jeudi 13 au samedi 15 novembre, <strong>la 10e \u00e9dition de Coeur de Ville en Lumi\u00e8res<\/strong> a \u00e9t\u00e9 une nouvelle fois <strong>un succ\u00e8s<\/strong>. Selon la municipalit\u00e9, <strong>plus de 400 000 personnes<\/strong> se sont press\u00e9es durant ces trois jours dans <strong>le centre de Montpellier<\/strong> pour assister aux projections sur les fa\u00e7ades.<\/p>\n<p class=\" wall-content\"><a href=\"https:\/\/www.instagram.com\/p\/DRAtBVAjO8F\/embed\" title=\"Ouvrir le lien sur Instagram\" rel=\"nofollow noopener\" target=\"_blank\">Visualiser le contenu sur Instagram<\/a><\/p>\n<p class=\" wall-content\">D\u00e8s jeudi soir, la foule \u00e9tait au rendez-vous de cette 10e \u00e9dition de Coeur de Ville en Lumi\u00e8res. Une nouvelle invitation \u00e0 red\u00e9couvrir le patrimoine montpelli\u00e9rain \u00e0 travers treize sites de projection et 22 sc\u00e9nographies con\u00e7ues autour d\u2019une th\u00e9matique : \u00ab\u00a0Montpellier\u00a0\u00bb.\u00a0 Des sc\u00e9nographies tour \u00e0 tour produites par cinq artistes de renom de la projection monumentale et <a href=\"https:\/\/actu.fr\/occitanie\/montpellier_34172\/objectif-3d-et-coeur-de-ville-en-lumieres-sept-annees-d-innovation-et-de-creativite-a-montpellier_63427722.html\" rel=\"nofollow noopener\" target=\"_blank\">par plus de 200 \u00e9tudiants issus de huit \u00e9coles cr\u00e9atives du territoire<\/a>. Plusieurs comit\u00e9s de quartier se sont \u00e9galement joints \u00e0 la f\u00eate.<\/p>\n<p class=\" wall-content\">Le public \u00e9tait \u00e0 nouveau pr\u00e9sent vendredi malgr\u00e9 la pluie qui \u00e9pargna ceux venus tr\u00e8s nombreux le samedi. Ainsi, grosse satisfaction du c\u00f4t\u00e9 de la municipalit\u00e9 avec plus de 400 000 visiteurs et un record de fr\u00e9quentation battu. Cette \u00e9dition \u00e0 peine dans les m\u00e9moires, le rendez-vous est d\u2019ores et d\u00e9j\u00e0 donn\u00e9 pour la 11e \u00e9dition de Coeur de Ville en Lumi\u00e8res les 12, 13 et 14 novembre 2026.<\/p>\n<p class=\" wall-content\">Personnalisez votre actualit\u00e9 en ajoutant vos villes et m\u00e9dias en favori avec <a href=\"https:\/\/moncompte.actu.fr\" title=\"D\u00e9couvez Mon Actu\" rel=\"nofollow noopener\" data-trk=\"{&quot;cta&quot;:{&quot;action&quot;:&quot;https:\\\/\\\/moncompte.actu.fr&quot;,&quot;category&quot;:&quot;mon compte&quot;,&quot;from&quot;:&quot;article footer&quot;,&quot;name&quot;:&quot;Mon actu&quot;,&quot;type&quot;:&quot;cta&quot;}}\" target=\"_blank\">Mon Actu<\/a>.<\/p>\n<p>                    <script async src=\"\/\/www.instagram.com\/embed.js\"><\/script><\/p>\n","protected":false},"excerpt":{"rendered":"Par R\u00e9daction M\u00e9tropolitain Publi\u00e9 le 18 nov. 2025 \u00e0 13h19 D\u00e9roul\u00e9e du jeudi 13 au samedi 15 novembre,&hellip;\n","protected":false},"author":2,"featured_media":542493,"comment_status":"","ping_status":"","sticky":false,"template":"","format":"standard","meta":{"footnotes":""},"categories":[9599],"tags":[1111,11,1777,674,1011,27,1652,2208,12,2680,25],"class_list":{"0":"post-542492","1":"post","2":"type-post","3":"status-publish","4":"format-standard","5":"has-post-thumbnail","7":"category-montpellier","8":"tag-actu","9":"tag-actualites","10":"tag-eu","11":"tag-europe","12":"tag-fr","13":"tag-france","14":"tag-loisirs-culture","15":"tag-montpellier","16":"tag-news","17":"tag-occitanie","18":"tag-republique-francaise"},"share_on_mastodon":{"url":"","error":""},"_links":{"self":[{"href":"https:\/\/www.europesays.com\/fr\/wp-json\/wp\/v2\/posts\/542492","targetHints":{"allow":["GET"]}}],"collection":[{"href":"https:\/\/www.europesays.com\/fr\/wp-json\/wp\/v2\/posts"}],"about":[{"href":"https:\/\/www.europesays.com\/fr\/wp-json\/wp\/v2\/types\/post"}],"author":[{"embeddable":true,"href":"https:\/\/www.europesays.com\/fr\/wp-json\/wp\/v2\/users\/2"}],"replies":[{"embeddable":true,"href":"https:\/\/www.europesays.com\/fr\/wp-json\/wp\/v2\/comments?post=542492"}],"version-history":[{"count":0,"href":"https:\/\/www.europesays.com\/fr\/wp-json\/wp\/v2\/posts\/542492\/revisions"}],"wp:featuredmedia":[{"embeddable":true,"href":"https:\/\/www.europesays.com\/fr\/wp-json\/wp\/v2\/media\/542493"}],"wp:attachment":[{"href":"https:\/\/www.europesays.com\/fr\/wp-json\/wp\/v2\/media?parent=542492"}],"wp:term":[{"taxonomy":"category","embeddable":true,"href":"https:\/\/www.europesays.com\/fr\/wp-json\/wp\/v2\/categories?post=542492"},{"taxonomy":"post_tag","embeddable":true,"href":"https:\/\/www.europesays.com\/fr\/wp-json\/wp\/v2\/tags?post=542492"}],"curies":[{"name":"wp","href":"https:\/\/api.w.org\/{rel}","templated":true}]}}