{"id":542503,"date":"2025-11-18T13:05:17","date_gmt":"2025-11-18T13:05:17","guid":{"rendered":"https:\/\/www.europesays.com\/fr\/542503\/"},"modified":"2025-11-18T13:05:17","modified_gmt":"2025-11-18T13:05:17","slug":"un-automobiliste-renverse-une-cycliste-puis-tente-de-la-violer","status":"publish","type":"post","link":"https:\/\/www.europesays.com\/fr\/542503\/","title":{"rendered":"un automobiliste renverse une cycliste puis tente de la violer"},"content":{"rendered":"<p>\n    Les faits ont eu lieu mardi 11 novembre. En attendant son proc\u00e8s, pr\u00e9vu le 12 janvier prochain, le suspect a \u00e9t\u00e9 plac\u00e9 en d\u00e9tention provisoire.<\/p>\n<p class=\"fig-paragraph\">Une jeune femme qui circulait \u00e0 v\u00e9lo a \u00e9t\u00e9 volontairement renvers\u00e9e par un automobiliste puis victime d\u2019une tentative de viol le 11 novembre \u00e0\u00a0<a href=\"http:\/\/www.lefigaro.fr\/faits-divers\/rennes-un-adolescent-de-14-ans-mis-en-examen-pour-viol-et-extorsion-sous-la-menace-d-une-arme-20250922\" target=\"_blank\" data-fig-type=\"Article\" rel=\"noopener\" data-gtm-custom-categorie=\"navigation\" data-gtm-custom-action=\"crossclick\" data-gtm-custom-label=\"Contextuel\" data-gtm-event=\"customEventSPE\" data-fig-domain=\"LEFIGARO\">Rennes<\/a>\u00a0(Ille-et-Vilaine), indique le parquet au Figaro ce mardi, confirmant\u00a0<a href=\"https:\/\/www.rennes-infos-autrement.fr\/un-homme-renverse-une-cycliste-et-tente-de-la-violer-info-ria\/\" target=\"_blank\" rel=\"noopener\" data-gtm-custom-categorie=\"navigation\" data-gtm-custom-action=\"crossclick\" data-gtm-custom-label=\"Contextuel\" data-gtm-event=\"customEventSPE\">une information<\/a>\u00a0du m\u00e9dia Rennes Info Autrement.<\/p>\n<p class=\"fig-paragraph\">La victime a enfourch\u00e9 son v\u00e9lo apr\u00e8s son cours de th\u00e9\u00e2tre avant d\u2019\u00eatre agress\u00e9e sur le trajet du retour. Apr\u00e8s avoir fait chuter la jeune femme avec son v\u00e9hicule, le conducteur s\u2019est approch\u00e9 d\u2019elle, \u00abl\u2019a pouss\u00e9e, mise par terre et s\u2019est mis sur elle en la tenant avec une main, en essayant de lui arracher son collant avec l\u2019autre main\u00bb, d\u00e9taille le parquet de Rennes. L\u2019homme a alors tent\u00e9 de violer la jeune femme avec ses doigts.<\/p>\n<p>                                    <a class=\"fig-a11y-skip a11y-hidden\" href=\"#fig-a11y-skip-main-inarticle\"><br \/>\n        Passer la publicit\u00e9<br \/>\n    <\/a><\/p>\n<p>Le suspect \u00e9crou\u00e9<\/p>\n<p class=\"fig-paragraph\">Les cris de la victime, qui s\u2019est d\u00e9battue, et l\u2019intervention de plusieurs t\u00e9moins ont mis en fuite l\u2019auteur. Ce dernier a tent\u00e9, en vain, de s\u2019enfuir avec le v\u00e9lo de la victime avant de finalement repartir \u00e0 pied. Le fuyard a rapidement \u00e9t\u00e9 interpell\u00e9 par les policiers de la brigade anticriminalit\u00e9 (BAC). En \u00e9tat de choc, la jeune cycliste s\u2019est vue d\u00e9livrer 4 jours d\u2019ITT (incapacit\u00e9 totale de travail).<\/p>\n<p class=\"fig-paragraph\">Entendu, le suspect, sous curatelle, a reconnu les faits, pr\u00e9cise le parquet. Selon nos informations, cet individu de 33 ans \u00e9tait inconnu des services de police mais en revanche connu pour avoir d\u2019importants troubles psychiatriques.\u00a0Il aurait eu \u00abune pulsion\u00bb en voyant la jeune femme \u00e0 v\u00e9lo.<\/p>\n<p class=\"fig-paragraph\">\u00abLe 13 novembre, le parquet de Rennes a ordonn\u00e9 son d\u00e9ferrement au palais de justice \u00e0 l\u2019issue de sa garde \u00e0 vue pour lui notifier une convocation pour \u00eatre jug\u00e9 dans le cadre d\u2019une comparution \u00e0 d\u00e9lai diff\u00e9r\u00e9 \u00e0 l\u2019audience du 12 janvier 2026, une expertise psychiatrique devant \u00eatre r\u00e9alis\u00e9e d\u2019ici \u00e0 cette date\u00bb, d\u00e9taille le minist\u00e8re public. En attendant cette date, un juge des libert\u00e9s et de la d\u00e9tention (JLD) a plac\u00e9 le suspect en d\u00e9tention provisoire conform\u00e9ment aux r\u00e9quisitions du parquet.<\/p>\n","protected":false},"excerpt":{"rendered":"Les faits ont eu lieu mardi 11 novembre. En attendant son proc\u00e8s, pr\u00e9vu le 12 janvier prochain, le&hellip;\n","protected":false},"author":2,"featured_media":542504,"comment_status":"","ping_status":"","sticky":false,"template":"","format":"standard","meta":{"footnotes":""},"categories":[2821],"tags":[1111,11,829,1777,674,1011,27,12,584,25,208,1265],"class_list":{"0":"post-542503","1":"post","2":"type-post","3":"status-publish","4":"format-standard","5":"has-post-thumbnail","7":"category-rennes","8":"tag-actu","9":"tag-actualites","10":"tag-bretagne","11":"tag-eu","12":"tag-europe","13":"tag-fr","14":"tag-france","15":"tag-news","16":"tag-rennes","17":"tag-republique-francaise","18":"tag-velo","19":"tag-viol"},"share_on_mastodon":{"url":"https:\/\/pubeurope.com\/@fr\/115570850193551560","error":""},"_links":{"self":[{"href":"https:\/\/www.europesays.com\/fr\/wp-json\/wp\/v2\/posts\/542503","targetHints":{"allow":["GET"]}}],"collection":[{"href":"https:\/\/www.europesays.com\/fr\/wp-json\/wp\/v2\/posts"}],"about":[{"href":"https:\/\/www.europesays.com\/fr\/wp-json\/wp\/v2\/types\/post"}],"author":[{"embeddable":true,"href":"https:\/\/www.europesays.com\/fr\/wp-json\/wp\/v2\/users\/2"}],"replies":[{"embeddable":true,"href":"https:\/\/www.europesays.com\/fr\/wp-json\/wp\/v2\/comments?post=542503"}],"version-history":[{"count":0,"href":"https:\/\/www.europesays.com\/fr\/wp-json\/wp\/v2\/posts\/542503\/revisions"}],"wp:featuredmedia":[{"embeddable":true,"href":"https:\/\/www.europesays.com\/fr\/wp-json\/wp\/v2\/media\/542504"}],"wp:attachment":[{"href":"https:\/\/www.europesays.com\/fr\/wp-json\/wp\/v2\/media?parent=542503"}],"wp:term":[{"taxonomy":"category","embeddable":true,"href":"https:\/\/www.europesays.com\/fr\/wp-json\/wp\/v2\/categories?post=542503"},{"taxonomy":"post_tag","embeddable":true,"href":"https:\/\/www.europesays.com\/fr\/wp-json\/wp\/v2\/tags?post=542503"}],"curies":[{"name":"wp","href":"https:\/\/api.w.org\/{rel}","templated":true}]}}