{"id":542505,"date":"2025-11-18T13:06:13","date_gmt":"2025-11-18T13:06:13","guid":{"rendered":"https:\/\/www.europesays.com\/fr\/542505\/"},"modified":"2025-11-18T13:06:13","modified_gmt":"2025-11-18T13:06:13","slug":"krutenau-jazz-a-saint-guillaume-pour-feter-la-presidence-moldave","status":"publish","type":"post","link":"https:\/\/www.europesays.com\/fr\/542505\/","title":{"rendered":"Krutenau. Jazz \u00e0 Saint-Guillaume pour f\u00eater la pr\u00e9sidence moldave"},"content":{"rendered":"<p>  Le m\u00e9tissage au service d\u2019un univers envo\u00fbtant<\/p>\n<p>Le Vali Boghean &amp; Band propose un m\u00e9tissage de jazz saupoudr\u00e9 de folk, de musiques classiques, tziganes et des Balkans, qui cr\u00e9e un univers singulier et envo\u00fbtant. Au nombre de six, les musiciens professionnels du groupe ont tous une grande exp\u00e9rience, \u00e9voluant sur la sc\u00e8ne nationale et internationale.<\/p>\n<p>Valentin Boghean, alias Vali, le leader du groupe, est le cadet d\u2019une famille de 14 enfants, dont une majorit\u00e9 de musiciens. Consid\u00e9r\u00e9 comme l\u2019un des musiciens les plus talentueux de Moldavie, il joue de six instruments\u00a0: fl\u00fbte, trompette, clarinette, saxophone, bugle et guitare acoustique. Il a commenc\u00e9 sa carri\u00e8re d\u2019artiste professionnel au c\u00f4t\u00e9 de ses fr\u00e8res, dans le groupe Aghelia (1993-1995), puis a int\u00e9gr\u00e9 les collectifs Panoramic et X-Band. En 2002, il devient membre du groupe d\u2019ethno-jazz Trigon. En 2009, il joue avec la troupe de Georgie Shin et participe \u00e0 divers festivals internationaux de musique du monde.<\/p>\n<p class=\"note\">Jeudi 20\u00a0novembre \u00e0 20\u00a0h \u00e0 l\u2019\u00e9glise Saint-Guillaume. Tarif\u00a0: 20\u00a0\u20ac, placement libre. R\u00e9servations\u00a0: www.passions-croisees.com<\/p>\n","protected":false},"excerpt":{"rendered":"Le m\u00e9tissage au service d\u2019un univers envo\u00fbtant Le Vali Boghean &amp; Band propose un m\u00e9tissage de jazz saupoudr\u00e9&hellip;\n","protected":false},"author":2,"featured_media":542506,"comment_status":"","ping_status":"","sticky":false,"template":"","format":"standard","meta":{"footnotes":""},"categories":[2820],"tags":[1111,11,1687,2880,1777,674,107,1011,27,775,873,12,25,104,640,2879,1631],"class_list":{"0":"post-542505","1":"post","2":"type-post","3":"status-publish","4":"format-standard","5":"has-post-thumbnail","7":"category-strasbourg","8":"tag-actu","9":"tag-actualites","10":"tag-culture-loisirs","11":"tag-edition-strasbourg","12":"tag-eu","13":"tag-europe","14":"tag-fil-info","15":"tag-fr","16":"tag-france","17":"tag-grand-est","18":"tag-musique","19":"tag-news","20":"tag-republique-francaise","21":"tag-societe","22":"tag-strasbourg","23":"tag-strasbourg-ville","24":"tag-vie-associative"},"share_on_mastodon":{"url":"https:\/\/pubeurope.com\/@fr\/115570854166423557","error":""},"_links":{"self":[{"href":"https:\/\/www.europesays.com\/fr\/wp-json\/wp\/v2\/posts\/542505","targetHints":{"allow":["GET"]}}],"collection":[{"href":"https:\/\/www.europesays.com\/fr\/wp-json\/wp\/v2\/posts"}],"about":[{"href":"https:\/\/www.europesays.com\/fr\/wp-json\/wp\/v2\/types\/post"}],"author":[{"embeddable":true,"href":"https:\/\/www.europesays.com\/fr\/wp-json\/wp\/v2\/users\/2"}],"replies":[{"embeddable":true,"href":"https:\/\/www.europesays.com\/fr\/wp-json\/wp\/v2\/comments?post=542505"}],"version-history":[{"count":0,"href":"https:\/\/www.europesays.com\/fr\/wp-json\/wp\/v2\/posts\/542505\/revisions"}],"wp:featuredmedia":[{"embeddable":true,"href":"https:\/\/www.europesays.com\/fr\/wp-json\/wp\/v2\/media\/542506"}],"wp:attachment":[{"href":"https:\/\/www.europesays.com\/fr\/wp-json\/wp\/v2\/media?parent=542505"}],"wp:term":[{"taxonomy":"category","embeddable":true,"href":"https:\/\/www.europesays.com\/fr\/wp-json\/wp\/v2\/categories?post=542505"},{"taxonomy":"post_tag","embeddable":true,"href":"https:\/\/www.europesays.com\/fr\/wp-json\/wp\/v2\/tags?post=542505"}],"curies":[{"name":"wp","href":"https:\/\/api.w.org\/{rel}","templated":true}]}}