{"id":542509,"date":"2025-11-18T13:08:14","date_gmt":"2025-11-18T13:08:14","guid":{"rendered":"https:\/\/www.europesays.com\/fr\/542509\/"},"modified":"2025-11-18T13:08:14","modified_gmt":"2025-11-18T13:08:14","slug":"iconic-a-nice-500-panneaux-solaires-installes-sur-le-toit-pour-une","status":"publish","type":"post","link":"https:\/\/www.europesays.com\/fr\/542509\/","title":{"rendered":"Iconic \u00e0 Nice : 500 panneaux solaires install\u00e9s sur le toit pour une (\u2026)"},"content":{"rendered":"<p>                    <img loading=\"lazy\" decoding=\"async\" src=\"https:\/\/www.europesays.com\/fr\/wp-content\/uploads\/2025\/11\/65383f6c5378d1239ab7a9e6cb8347.png\" class=\"img-responsive post-image\" width=\"680\" height=\"510\" alt=\"Iconic \u00e0 Nice : 500 (\u2026)\" title=\"Iconic \u00e0 Nice : 500 panneaux solaires install\u00e9s sur le toit pour une promenade autonome et un h\u00f4tel plus vert \"\/><\/p>\n<p class=\"chapo\">La Compagnie de Phalsbourg annonce une nouvelle \u00e9tape dans son plan de transition environnementale avec la mise en service d\u2019un projet photovolta\u00efque en autoconsommation au sein de son immeuble-ville Iconic, situ\u00e9 \u00e0 Nice.<\/p>\n<p>Plus de 500 panneaux solaires, r\u00e9partis sur 1 000 m\u00b2 de surface, ont \u00e9t\u00e9 install\u00e9s sur le toit de ce b\u00e2timent embl\u00e9matique, permettant d\u2019assurer l\u2019autonomie \u00e9nerg\u00e9tique de la promenade priv\u00e9e et s\u00e9curis\u00e9e, ainsi que de couvrir jusqu\u2019\u00e0 20\u00a0% des besoins \u00e9nerg\u00e9tiques annuels de l\u2019H\u00f4tel Hilton de 105 chambres, int\u00e9gr\u00e9 \u00e0 Iconic.<\/p>\n<p>Une innovation au service de la durabilit\u00e9<\/p>\n<p>Ce projet s\u2019inscrit dans la volont\u00e9 du groupe de concilier architecture d\u2019exception, design innovant et solutions \u00e9nerg\u00e9tiques responsables. En optant pour l\u2019autoconsommation, la Compagnie de Phalsbourg renforce la performance \u00e9nerg\u00e9tique de ses b\u00e2timents tout en r\u00e9duisant leur empreinte carbone, illustrant ainsi sa capacit\u00e9 \u00e0 cr\u00e9er des espaces durables et tourn\u00e9s vers l\u2019avenir.<br class=\"autobr\"\/><br \/>\nLa mise en service de cette installation photovolta\u00efque marque une avanc\u00e9e significative dans la strat\u00e9gie environnementale du groupe, qui multiplie les initiatives pour int\u00e9grer des \u00e9nergies renouvelables dans ses projets immobiliers. Iconic, avec son mix \u00e9nerg\u00e9tique optimis\u00e9, devient ainsi un exemple concret de la transformation du secteur vers des pratiques plus vertueuses.<\/p>\n<p>Visuels de Une \u00a9Compagnie de Phalsbourg<\/p>\n","protected":false},"excerpt":{"rendered":"La Compagnie de Phalsbourg annonce une nouvelle \u00e9tape dans son plan de transition environnementale avec la mise en&hellip;\n","protected":false},"author":2,"featured_media":542510,"comment_status":"","ping_status":"","sticky":false,"template":"","format":"standard","meta":{"footnotes":""},"categories":[2819],"tags":[1111,11,2408,1777,674,1011,27,12,2401,882,25],"class_list":{"0":"post-542509","1":"post","2":"type-post","3":"status-publish","4":"format-standard","5":"has-post-thumbnail","7":"category-nice","8":"tag-actu","9":"tag-actualites","10":"tag-appels-d","11":"tag-eu","12":"tag-europe","13":"tag-fr","14":"tag-france","15":"tag-news","16":"tag-nice","17":"tag-provence-alpes-cote-dazur","18":"tag-republique-francaise"},"share_on_mastodon":{"url":"https:\/\/pubeurope.com\/@fr\/115570862813314274","error":""},"_links":{"self":[{"href":"https:\/\/www.europesays.com\/fr\/wp-json\/wp\/v2\/posts\/542509","targetHints":{"allow":["GET"]}}],"collection":[{"href":"https:\/\/www.europesays.com\/fr\/wp-json\/wp\/v2\/posts"}],"about":[{"href":"https:\/\/www.europesays.com\/fr\/wp-json\/wp\/v2\/types\/post"}],"author":[{"embeddable":true,"href":"https:\/\/www.europesays.com\/fr\/wp-json\/wp\/v2\/users\/2"}],"replies":[{"embeddable":true,"href":"https:\/\/www.europesays.com\/fr\/wp-json\/wp\/v2\/comments?post=542509"}],"version-history":[{"count":0,"href":"https:\/\/www.europesays.com\/fr\/wp-json\/wp\/v2\/posts\/542509\/revisions"}],"wp:featuredmedia":[{"embeddable":true,"href":"https:\/\/www.europesays.com\/fr\/wp-json\/wp\/v2\/media\/542510"}],"wp:attachment":[{"href":"https:\/\/www.europesays.com\/fr\/wp-json\/wp\/v2\/media?parent=542509"}],"wp:term":[{"taxonomy":"category","embeddable":true,"href":"https:\/\/www.europesays.com\/fr\/wp-json\/wp\/v2\/categories?post=542509"},{"taxonomy":"post_tag","embeddable":true,"href":"https:\/\/www.europesays.com\/fr\/wp-json\/wp\/v2\/tags?post=542509"}],"curies":[{"name":"wp","href":"https:\/\/api.w.org\/{rel}","templated":true}]}}