{"id":542518,"date":"2025-11-18T13:13:16","date_gmt":"2025-11-18T13:13:16","guid":{"rendered":"https:\/\/www.europesays.com\/fr\/542518\/"},"modified":"2025-11-18T13:13:16","modified_gmt":"2025-11-18T13:13:16","slug":"girondins-socios-a-rencontre-la-direction-des-girondins-de-bordeaux-pour-entrer-au-capital","status":"publish","type":"post","link":"https:\/\/www.europesays.com\/fr\/542518\/","title":{"rendered":"Girondins Socios a rencontr\u00e9 la direction des Girondins de Bordeaux pour entrer au capital"},"content":{"rendered":"<p><img decoding=\"async\" src=\"https:\/\/www.europesays.com\/fr\/wp-content\/uploads\/2025\/11\/671_2bddcf92181138eb4b2e45d6eeeaba81.jpg\" alt=\"Girondins Socios a rencontr\u00e9 la direction des Girondins de Bordeaux pour entrer au capital\" class=\"img-responsive mt-3\"\/><\/p>\n<p class=\"text-center mb-3\" style=\"font-size: 14px\">\u00a9 Iconsport<\/p>\n<p>      <strong>Les Girondins de Bordeaux face \u00e0 la volont\u00e9 d\u2019int\u00e9gration de Girondins Socios<\/strong><\/p>\n<p style=\"text-align: justify;\">C&rsquo;est un article de Sud-Ouest qui relate les contacts entre Girondins Socios et la direction des Girondins de Bordeaux. L&rsquo;association, qui compte moins de 3 000 membres aujourd&rsquo;hui, a rencontr\u00e9 la direction des Girondins de Bordeaux, \u00e0 savoir le directeur g\u00e9n\u00e9ral Arnaud Saint-Andr\u00e9 et le vice-pr\u00e9sident Arnaud De Carli.<\/p>\n<p style=\"text-align: justify;\">Le groupement de supporters souhaite profiter de l&rsquo;entr\u00e9e au capital d&rsquo;investisseurs locaux (annonc\u00e9e en ao\u00fbt 2024) pour que Girondins Socios soit de la partie.<\/p>\n<p style=\"text-align: justify;\">\u00c0 ce sujet, le quotidien r\u00e9gional nous indique que cette entr\u00e9e au capital d&rsquo;investisseurs locaux serait toujours d&rsquo;actualit\u00e9. Pourtant, plus d&rsquo;un an apr\u00e8s cette annonce en ao\u00fbt 2024, rien n&rsquo;a boug\u00e9, mais ce serait entre les mains des avocats. Rencontr\u00e9s par WebGirondins, certains d&rsquo;entre eux ne pr\u00e9f\u00e8rent pas s&rsquo;exprimer sur ce sujet.<\/p>\n<p style=\"text-align: justify;\">Les adh\u00e9rents de Girondins Socios pourront voter en f\u00e9vrier 2026 sur la suite \u00e0 donner au capital financier de 250 000\u20ac : le laisser en banque ou le r\u00e9cup\u00e9rer.<\/p>\n<p style=\"text-align: justify;\">\u00c0 lire : <strong><a href=\"https:\/\/www.webgirondins.com\/actualite-girondins-girondins-la-fifa-oblige-bordeaux-a-payer-l-integralite-du-transfert-de-pedro-d-az-131193\" target=\"_blank\" rel=\"noopener\">la FIFA oblige Bordeaux \u00e0 payer l\u2019int\u00e9gralit\u00e9 du transfert de Pedro D\u00edaz<\/a><\/strong><\/p>\n<p style=\"text-align: justify;\">Notre podcast court \u00e0 \u00e9couter :<\/p>\n","protected":false},"excerpt":{"rendered":"\u00a9 Iconsport Les Girondins de Bordeaux face \u00e0 la volont\u00e9 d\u2019int\u00e9gration de Girondins Socios C&rsquo;est un article de&hellip;\n","protected":false},"author":2,"featured_media":542519,"comment_status":"","ping_status":"","sticky":false,"template":"","format":"standard","meta":{"footnotes":""},"categories":[2817],"tags":[1111,11,4077,3232,1997,17362,5244,1446,13635,11594,18507,1777,674,66090,14034,1011,27,1987,12,2219,66088,471,66089,5486,25,21462,37624],"class_list":{"0":"post-542518","1":"post","2":"type-post","3":"status-publish","4":"format-standard","5":"has-post-thumbnail","7":"category-bordeaux","8":"tag-actu","9":"tag-actualites","10":"tag-association","11":"tag-avenir","12":"tag-bordeaux","13":"tag-capital","14":"tag-club","15":"tag-dans","16":"tag-direction","17":"tag-entree","18":"tag-entrer","19":"tag-eu","20":"tag-europe","21":"tag-eventuelle","22":"tag-evoquer","23":"tag-fr","24":"tag-france","25":"tag-girondins","26":"tag-news","27":"tag-nouvelle-aquitaine","28":"tag-peser","29":"tag-pour","30":"tag-recemment","31":"tag-rencontre","32":"tag-republique-francaise","33":"tag-socios","34":"tag-souhaite"},"share_on_mastodon":{"url":"https:\/\/pubeurope.com\/@fr\/115570882945658180","error":""},"_links":{"self":[{"href":"https:\/\/www.europesays.com\/fr\/wp-json\/wp\/v2\/posts\/542518","targetHints":{"allow":["GET"]}}],"collection":[{"href":"https:\/\/www.europesays.com\/fr\/wp-json\/wp\/v2\/posts"}],"about":[{"href":"https:\/\/www.europesays.com\/fr\/wp-json\/wp\/v2\/types\/post"}],"author":[{"embeddable":true,"href":"https:\/\/www.europesays.com\/fr\/wp-json\/wp\/v2\/users\/2"}],"replies":[{"embeddable":true,"href":"https:\/\/www.europesays.com\/fr\/wp-json\/wp\/v2\/comments?post=542518"}],"version-history":[{"count":0,"href":"https:\/\/www.europesays.com\/fr\/wp-json\/wp\/v2\/posts\/542518\/revisions"}],"wp:featuredmedia":[{"embeddable":true,"href":"https:\/\/www.europesays.com\/fr\/wp-json\/wp\/v2\/media\/542519"}],"wp:attachment":[{"href":"https:\/\/www.europesays.com\/fr\/wp-json\/wp\/v2\/media?parent=542518"}],"wp:term":[{"taxonomy":"category","embeddable":true,"href":"https:\/\/www.europesays.com\/fr\/wp-json\/wp\/v2\/categories?post=542518"},{"taxonomy":"post_tag","embeddable":true,"href":"https:\/\/www.europesays.com\/fr\/wp-json\/wp\/v2\/tags?post=542518"}],"curies":[{"name":"wp","href":"https:\/\/api.w.org\/{rel}","templated":true}]}}