{"id":542529,"date":"2025-11-18T13:20:41","date_gmt":"2025-11-18T13:20:41","guid":{"rendered":"https:\/\/www.europesays.com\/fr\/542529\/"},"modified":"2025-11-18T13:20:41","modified_gmt":"2025-11-18T13:20:41","slug":"expos-lyon-georges-adilon-libere-le-noir-par-jed","status":"publish","type":"post","link":"https:\/\/www.europesays.com\/fr\/542529\/","title":{"rendered":"Expos Lyon &#8211; Georges Adilon lib\u00e8re le noir par JED"},"content":{"rendered":"<p itemprop=\"description\" style=\"font-weight: 600;\">    Art contemporain \/ La galerie Houg rassemble un magnifique ensemble de dessins de Georges Adilon, datant de 1983 \u00e0 1984, d\u00e9but de son grand \u0153uvre au noir.<\/p>\n<p><img decoding=\"async\" src=\"https:\/\/www.europesays.com\/fr\/wp-content\/uploads\/2025\/11\/2025-11-16-17-09-55_IMG8930.jpg\" alt=\"\"\/><\/p>\n<p style=\"font-size:12px;\">Photo : Georges Adilon<\/p>\n<p>Au milieu de la galerie Houg, on se retrouve cern\u00e9s de noir et de blanc, de laque industrielle noire (et d&rsquo;encre de Chine) sur de grandes feuilles \u00e0 dessins. On se retrouve d\u00e9bord\u00e9s, perdus, fascin\u00e9s. Il n&rsquo;y a aucune figure humaine ni m\u00eame g\u00e9om\u00e9trique, rien ne semble stable, tout est gestes, mouvements, tourbillons, volutes, spirales. Cela ne veut rien dire ni ne repr\u00e9sente rien, mais cela d\u00e9gage une \u00e9nergie ph\u00e9nom\u00e9nale, avec des intensit\u00e9s variables : du noir le plus clair au noir le plus dense, du trait le plus esquiss\u00e9 au trait le plus dur et \u00e9pais. Il y a certaines r\u00e9p\u00e9titions de gestes qui stabilisent des ensembles, des s\u00e9ries, mais qui s&rsquo;accompagnent toujours de variations, d&rsquo;\u00e9volutions graphiques, d&rsquo;un devenir incessant. C&rsquo;est un monde d&rsquo;avant ou d&rsquo;apr\u00e8s l&rsquo;\u00e9criture.<\/p>\n<p>Pinceau nullement inf\u00e9od\u00e9<\/p>\n<p>Avec ces \u0153uvres sur papier, Georges Adilon (1928-2009), rompt brutalement avec sa longue p\u00e9riode figurative et paysagiste. Dipl\u00f4m\u00e9 de l&rsquo;\u00c9cole des Beaux-arts de Lyon en 1949, il commence \u00e0 exposer avec succ\u00e8s d\u00e8s le milieu des ann\u00e9es 1950. L&rsquo;exposition de la galerie Houg se focalise sur 1983 et 1984, ann\u00e9es de sa grande bascule dans une \u0153uvre au noir abstraite et expressionniste. <a href=\"https:\/\/www.petit-bulletin.fr\/..\/article-39397-georges-adilon-la-vie-des-formes.html\" target=\"_blank\" rel=\"noopener nofollow\">C&rsquo;est en 1984 aussi qu&rsquo;il \u00ab\u00a0jettera\u00a0\u00bb 800 kg de peinture noire<\/a> sur une surface blanche de 52 m\u00e8tres sur 16 m\u00e8tres, peignant pendant trois jours avec un balai ! \u00c0 56 ans, l&rsquo;artiste est alors en qu\u00eate de libert\u00e9 : plus d&rsquo;image, plus de cadre, plus de tableau, mais l&rsquo;expansion infinie des gestes. Dans ses entretiens, Georges Adilon se r\u00e9clame surtout de la musique (il cite quand m\u00eame aussi Goya et Yves Klein), cette sph\u00e8re artistique qui n&rsquo;a nulle limite pr\u00e9cise dans l&rsquo;espace et qui n&rsquo;est inf\u00e9od\u00e9e \u00e0 aucune fonction repr\u00e9sentative.<\/p>\n<p><img loading=\"lazy\" decoding=\"async\" class=\"img-responsive\" src=\"https:\/\/www.europesays.com\/fr\/wp-content\/uploads\/2025\/11\/2025-11-16-17-10-48_IMG0999.jpeg\" alt=\"\" width=\"768\" height=\"576\"\/>Georges Adilon<\/p>\n<p><strong><a href=\"https:\/\/galeriehoug.com\/georges-adilon\/\" target=\"_blank\" rel=\"noopener nofollow\">Georges Adilon, <\/a><a href=\"https:\/\/galeriehoug.com\/georges-adilon\/\" target=\"_blank\" rel=\"noopener nofollow\">\u00c0 l&rsquo;aube du noir<\/a><a href=\"https:\/\/galeriehoug.com\/georges-adilon\/\" target=\"_blank\" rel=\"noopener nofollow\"><br \/><\/a><\/strong><a href=\"https:\/\/galeriehoug.com\/georges-adilon\/\" target=\"_blank\" rel=\"noopener nofollow\">Jusqu&rsquo;au 27 d\u00e9cembre 2025 \u00e0 la Galerie Houg (Lyon 2<\/a><a href=\"https:\/\/galeriehoug.com\/georges-adilon\/\" target=\"_blank\" rel=\"noopener nofollow\">e) ; entr\u00e9e libre<\/a><\/p>\n","protected":false},"excerpt":{"rendered":"Art contemporain \/ La galerie Houg rassemble un magnifique ensemble de dessins de Georges Adilon, datant de 1983&hellip;\n","protected":false},"author":2,"featured_media":542530,"comment_status":"","ping_status":"","sticky":false,"template":"","format":"standard","meta":{"footnotes":""},"categories":[1889],"tags":[1111,11,2430,1777,674,8202,1011,27,66092,66091,2428,12,25],"class_list":{"0":"post-542529","1":"post","2":"type-post","3":"status-publish","4":"format-standard","5":"has-post-thumbnail","7":"category-lyon","8":"tag-actu","9":"tag-actualites","10":"tag-auvergne-rhone-alpes","11":"tag-eu","12":"tag-europe","13":"tag-expos","14":"tag-fr","15":"tag-france","16":"tag-galerie-houg","17":"tag-georges-adilon","18":"tag-lyon","19":"tag-news","20":"tag-republique-francaise"},"share_on_mastodon":{"url":"https:\/\/pubeurope.com\/@fr\/115570910019162419","error":""},"_links":{"self":[{"href":"https:\/\/www.europesays.com\/fr\/wp-json\/wp\/v2\/posts\/542529","targetHints":{"allow":["GET"]}}],"collection":[{"href":"https:\/\/www.europesays.com\/fr\/wp-json\/wp\/v2\/posts"}],"about":[{"href":"https:\/\/www.europesays.com\/fr\/wp-json\/wp\/v2\/types\/post"}],"author":[{"embeddable":true,"href":"https:\/\/www.europesays.com\/fr\/wp-json\/wp\/v2\/users\/2"}],"replies":[{"embeddable":true,"href":"https:\/\/www.europesays.com\/fr\/wp-json\/wp\/v2\/comments?post=542529"}],"version-history":[{"count":0,"href":"https:\/\/www.europesays.com\/fr\/wp-json\/wp\/v2\/posts\/542529\/revisions"}],"wp:featuredmedia":[{"embeddable":true,"href":"https:\/\/www.europesays.com\/fr\/wp-json\/wp\/v2\/media\/542530"}],"wp:attachment":[{"href":"https:\/\/www.europesays.com\/fr\/wp-json\/wp\/v2\/media?parent=542529"}],"wp:term":[{"taxonomy":"category","embeddable":true,"href":"https:\/\/www.europesays.com\/fr\/wp-json\/wp\/v2\/categories?post=542529"},{"taxonomy":"post_tag","embeddable":true,"href":"https:\/\/www.europesays.com\/fr\/wp-json\/wp\/v2\/tags?post=542529"}],"curies":[{"name":"wp","href":"https:\/\/api.w.org\/{rel}","templated":true}]}}