{"id":542531,"date":"2025-11-18T13:21:15","date_gmt":"2025-11-18T13:21:15","guid":{"rendered":"https:\/\/www.europesays.com\/fr\/542531\/"},"modified":"2025-11-18T13:21:15","modified_gmt":"2025-11-18T13:21:15","slug":"un-proces-aux-assises-renvoye-car-lavocat-est-en-garde-a-vue-apres-des-accusations-de-viols","status":"publish","type":"post","link":"https:\/\/www.europesays.com\/fr\/542531\/","title":{"rendered":"Un proc\u00e8s aux assises renvoy\u00e9 car l\u2019avocat est en garde \u00e0 vue apr\u00e8s des accusations de viols"},"content":{"rendered":"<p>Un avocat absent aux assises pour raisons \u00ab\u00a0insurmontables\u00a0\u00bb. Le proc\u00e8s de Kevin Kimuina Kumbni, accus\u00e9 de complicit\u00e9 d\u2019assassinat sur Hac\u00e8ne Rouag en mai\u00a02014, vient d\u2019\u00eatre report\u00e9 par la cour d\u2019assises du <a href=\"https:\/\/www.20minutes.fr\/societe\/vaucluse\/\" class=\"c-link c-link--is-underlined\" target=\"_blank\" rel=\"noopener\">Vaucluse<\/a>, \u00e9voque <a href=\"https:\/\/www.ledauphine.com\/faits-divers-justice\/2025\/11\/17\/meurtre-d-hacene-rouag-le-proces-de-l-accuse-de-complicite-d-assassinat-reporte\" target=\"_blank\" class=\"c-link c-link--is-underlined\" rel=\"noopener\">Vaucluse matin<\/a>.<\/p>\n<\/p>\n<p>Son avocat, David Metaxas, a \u00e9t\u00e9 plac\u00e9 ce lundi en garde \u00e0 vue dans le cadre d\u2019une information judiciaire ouverte par le parquet de Chamb\u00e9ry, selon <a href=\"https:\/\/c.leprogres.fr\/faits-divers-justice\/2025\/11\/17\/l-avocat-david-metaxas-en-garde-a-vue-des-anciennes-stagiaires-l-accusent-de-viols-et-agressions-sexuelles?login=1\" target=\"_blank\" class=\"c-link c-link--is-underlined\" rel=\"noopener\">Le Progr\u00e8s<\/a>. Les plaintes concernent des faits de viols aggrav\u00e9s, viols et agressions sexuelles. Il est auditionn\u00e9 \u00e0 ce sujet par la gendarmerie, confirme le parquet de <a href=\"https:\/\/www.20minutes.fr\/dossier\/chambery\" class=\"c-link c-link--is-underlined\" target=\"_blank\" rel=\"noopener\">Chamb\u00e9ry<\/a>.<\/p>\n<p>Les accusions \u00e9maneraient de cinq anciennes stagiaires de son cabinet pour des faits pr\u00e9sum\u00e9s remontant \u00e0 plusieurs ann\u00e9es. David Metaxas conteste les faits. \u00ab\u00a0Cela fait plusieurs mois qu\u2019il se dit victime d\u2019un complot #MeToo, explique au quotidien r\u00e9gional un p\u00e9naliste lyonnais. Il n\u2019attendait qu\u2019une chose\u00a0: se d\u00e9fendre\u00a0\u00bb.<\/p>\n","protected":false},"excerpt":{"rendered":"Un avocat absent aux assises pour raisons \u00ab\u00a0insurmontables\u00a0\u00bb. Le proc\u00e8s de Kevin Kimuina Kumbni, accus\u00e9 de complicit\u00e9 d\u2019assassinat&hellip;\n","protected":false},"author":2,"featured_media":542532,"comment_status":"","ping_status":"","sticky":false,"template":"","format":"standard","meta":{"footnotes":""},"categories":[1889],"tags":[1111,47,11,2430,20933,1777,674,1011,27,7774,303,2428,12,883,882,25,2429,2431,4520,1265],"class_list":{"0":"post-542531","1":"post","2":"type-post","3":"status-publish","4":"format-standard","5":"has-post-thumbnail","7":"category-lyon","8":"tag-actu","9":"tag-actualite","10":"tag-actualites","11":"tag-auvergne-rhone-alpes","12":"tag-avocat","13":"tag-eu","14":"tag-europe","15":"tag-fr","16":"tag-france","17":"tag-garde-a-vue","18":"tag-justice","19":"tag-lyon","20":"tag-news","21":"tag-paca","22":"tag-provence-alpes-cote-dazur","23":"tag-republique-francaise","24":"tag-rhone","25":"tag-rhone-alpes","26":"tag-vaucluse","27":"tag-viol"},"share_on_mastodon":{"url":"https:\/\/pubeurope.com\/@fr\/115570912979255987","error":""},"_links":{"self":[{"href":"https:\/\/www.europesays.com\/fr\/wp-json\/wp\/v2\/posts\/542531","targetHints":{"allow":["GET"]}}],"collection":[{"href":"https:\/\/www.europesays.com\/fr\/wp-json\/wp\/v2\/posts"}],"about":[{"href":"https:\/\/www.europesays.com\/fr\/wp-json\/wp\/v2\/types\/post"}],"author":[{"embeddable":true,"href":"https:\/\/www.europesays.com\/fr\/wp-json\/wp\/v2\/users\/2"}],"replies":[{"embeddable":true,"href":"https:\/\/www.europesays.com\/fr\/wp-json\/wp\/v2\/comments?post=542531"}],"version-history":[{"count":0,"href":"https:\/\/www.europesays.com\/fr\/wp-json\/wp\/v2\/posts\/542531\/revisions"}],"wp:featuredmedia":[{"embeddable":true,"href":"https:\/\/www.europesays.com\/fr\/wp-json\/wp\/v2\/media\/542532"}],"wp:attachment":[{"href":"https:\/\/www.europesays.com\/fr\/wp-json\/wp\/v2\/media?parent=542531"}],"wp:term":[{"taxonomy":"category","embeddable":true,"href":"https:\/\/www.europesays.com\/fr\/wp-json\/wp\/v2\/categories?post=542531"},{"taxonomy":"post_tag","embeddable":true,"href":"https:\/\/www.europesays.com\/fr\/wp-json\/wp\/v2\/tags?post=542531"}],"curies":[{"name":"wp","href":"https:\/\/api.w.org\/{rel}","templated":true}]}}