{"id":542533,"date":"2025-11-18T13:23:12","date_gmt":"2025-11-18T13:23:12","guid":{"rendered":"https:\/\/www.europesays.com\/fr\/542533\/"},"modified":"2025-11-18T13:23:12","modified_gmt":"2025-11-18T13:23:12","slug":"les-deputes-votent-une-taxe-sur-les-jets-pour-financer-les-transports-en-ile-de-france","status":"publish","type":"post","link":"https:\/\/www.europesays.com\/fr\/542533\/","title":{"rendered":"Les d\u00e9put\u00e9s votent une taxe sur les jets pour financer les transports en Ile-de-France"},"content":{"rendered":"<p>Les d\u00e9put\u00e9s ont adopt\u00e9 lundi un amendement visant \u00e0 financer les transports en commun en Ile-de-France par l\u2019introduction d\u2019une taxe sur les jets, jug\u00e9e \u201cmirifique\u201d par le gouvernement.<\/p>\n<p>Le gouvernement doit trouver en urgence 88 millions d\u2019euros pour s\u00e9curiser les ressources financi\u00e8res d\u2019\u00cele-de-France Mobilit\u00e9s, \u00e0 la suite de la suppression \u00e0 compter du 1er janvier 2026 de la majoration d\u2019accise sur les carburants qui lui \u00e9tait affect\u00e9e. Pour rappel, les droits d\u2019accises sur les \u00e9nergies sont des\u00a0imp\u00f4ts indirects per\u00e7us sur la vente ou l\u2019utilisation des produits \u00e9nerg\u00e9tiques.<\/p>\n<p>Pour compenser cela, le gouvernement proposait une majoration de la taxe r\u00e9gionale \u00e0 l\u2019immatriculation (la carte grise) de 12 euros. Mais les d\u00e9put\u00e9s, sur presque tous les bancs, n\u2019ont pas voulu faire payer les automobilistes franciliens. A la place ils ont vot\u00e9 un amendement qui supprime l\u2019exon\u00e9ration d\u2019accise qui existe actuellement sur les carburants d\u2019aviation utilis\u00e9s par les jets priv\u00e9s.<\/p>\n<p>\u201cC\u2019est une base taxable un peu mirifique puisque les jets en g\u00e9n\u00e9ral, ils ne font pas le tour du monde. Le plus gros du trafic se fait intra europ\u00e9en, donc simplement les gens iront faire leur plein de l\u2019autre c\u00f4t\u00e9 de la fronti\u00e8re, viendront en France et repartiront\u201d, a d\u00e9plor\u00e9 la ministre des Comptes publics Am\u00e9lie de Montchalin.<\/p>\n<p>\u201cCela veut donc dire qu\u2019on a un imp\u00f4t sans base. Cela veut dire que ces 80 millions d\u2019euros, ils n\u2019existent pas. Ce qui a \u00e9t\u00e9 vot\u00e9 ne correspond \u00e0 aucun rendement\u201d, a-t-elle ajout\u00e9, promettant de continuer \u00e0 travailler le sujet pendant la navette parlementaire.<\/p>\n<p>Lire aussi :<\/p><\/p>\n","protected":false},"excerpt":{"rendered":"Les d\u00e9put\u00e9s ont adopt\u00e9 lundi un amendement visant \u00e0 financer les transports en commun en Ile-de-France par l\u2019introduction&hellip;\n","protected":false},"author":2,"featured_media":121725,"comment_status":"","ping_status":"","sticky":false,"template":"","format":"standard","meta":{"footnotes":""},"categories":[1592],"tags":[1111,11,13850,7182,4996,1777,674,1011,27,418,662,10883,1137,12,626,25,2216],"class_list":{"0":"post-542533","1":"post","2":"type-post","3":"status-publish","4":"format-standard","5":"has-post-thumbnail","7":"category-ile-de-france","8":"tag-actu","9":"tag-actualites","10":"tag-amelie-de-montchalin","11":"tag-aviation","12":"tag-carburants","13":"tag-eu","14":"tag-europe","15":"tag-fr","16":"tag-france","17":"tag-gouvernement","18":"tag-ile-de-france","19":"tag-ile-de-france-mobilites","20":"tag-mobilite","21":"tag-news","22":"tag-paris","23":"tag-republique-francaise","24":"tag-transports-en-commun"},"share_on_mastodon":{"url":"https:\/\/pubeurope.com\/@fr\/115570921151837448","error":""},"_links":{"self":[{"href":"https:\/\/www.europesays.com\/fr\/wp-json\/wp\/v2\/posts\/542533","targetHints":{"allow":["GET"]}}],"collection":[{"href":"https:\/\/www.europesays.com\/fr\/wp-json\/wp\/v2\/posts"}],"about":[{"href":"https:\/\/www.europesays.com\/fr\/wp-json\/wp\/v2\/types\/post"}],"author":[{"embeddable":true,"href":"https:\/\/www.europesays.com\/fr\/wp-json\/wp\/v2\/users\/2"}],"replies":[{"embeddable":true,"href":"https:\/\/www.europesays.com\/fr\/wp-json\/wp\/v2\/comments?post=542533"}],"version-history":[{"count":0,"href":"https:\/\/www.europesays.com\/fr\/wp-json\/wp\/v2\/posts\/542533\/revisions"}],"wp:featuredmedia":[{"embeddable":true,"href":"https:\/\/www.europesays.com\/fr\/wp-json\/wp\/v2\/media\/121725"}],"wp:attachment":[{"href":"https:\/\/www.europesays.com\/fr\/wp-json\/wp\/v2\/media?parent=542533"}],"wp:term":[{"taxonomy":"category","embeddable":true,"href":"https:\/\/www.europesays.com\/fr\/wp-json\/wp\/v2\/categories?post=542533"},{"taxonomy":"post_tag","embeddable":true,"href":"https:\/\/www.europesays.com\/fr\/wp-json\/wp\/v2\/tags?post=542533"}],"curies":[{"name":"wp","href":"https:\/\/api.w.org\/{rel}","templated":true}]}}