{"id":542538,"date":"2025-11-18T13:26:17","date_gmt":"2025-11-18T13:26:17","guid":{"rendered":"https:\/\/www.europesays.com\/fr\/542538\/"},"modified":"2025-11-18T13:26:17","modified_gmt":"2025-11-18T13:26:17","slug":"soudain-plus-rien-juste-le-son-on-a-vu-le-spectacle-de-valerie-lemercier-sans-la-voir","status":"publish","type":"post","link":"https:\/\/www.europesays.com\/fr\/542538\/","title":{"rendered":"\u00ab\u00a0Soudain, plus rien, juste le son\u00a0\u00bb\u00a0: on a vu le spectacle de Val\u00e9rie Lemercier sans la voir"},"content":{"rendered":"<p class=\"paragraph text_align_left lp-f-body-02\">Ce sont les places les moins ch\u00e8res et les seules qui restent, et encore seulement pour de tr\u00e8s rares dates. Cat\u00e9gorie 4, \u00ab sans visibilit\u00e9 \u00bb, encore en dessous de la cat\u00e9gorie 3, \u00ab visibilit\u00e9 r\u00e9duite \u00bb. Un peu les bas-fonds, ou plut\u00f4t le poulailler du th\u00e9\u00e2tre Marigny (Paris VIIIe). Ces deux cat\u00e9gories semblent lunaires, mais un ami nous a invit\u00e9, sa compagne ne pouvant plus l\u2019accompagner ce jeudi 13 novembre.<\/p>\n<p class=\"paragraph text_align_left lp-f-body-02\">C\u2019est elle qui avait choisi ces places \u00e0 15 euros. <a href=\"https:\/\/www.leparisien.fr\/culture-loisirs\/humour\/cetait-une-famille-ou-on-ne-la-ramene-pas-comment-valerie-lemercier-a-passe-son-enfance-a-la-ferme-12-10-2025-HVAOFX6YSJDOZDW6WBFVL2N5JI.php\" target=\"_self\" rel=\"nofollow noopener\">Val\u00e9rie Lemercier<\/a>, pour son grand retour en one-woman-show apr\u00e8s dix ans d\u2019absence, fait salle comble depuis le 15 octobre et jusqu\u2019au 3 janvier prochain. Autant en \u00eatre. M\u00eame sans rien voir ?<\/p>\n<p class=\"paragraph text_align_left lp-f-body-02\">Deuxi\u00e8me \u00e9tage droite. Places G38-G40. Nous avons eu un pressentiment en passant la porte. Non, pas ces deux places tout au bout, coll\u00e9es au mur, quand m\u00eame ? Si. \u00c9tranges ces places \u00e0 part : rien devant ni \u00e0 c\u00f4t\u00e9. \u00c0 droite la porte, \u00e0 gauche quatre si\u00e8ges donc, puis du vide, et devant nous, c\u2019est le passage pour les \u00ab vrais \u00bb spectateurs qui rejoignent leurs fauteuils un peu plus loin et beaucoup plus bas.<\/p>\n<p class=\"paragraph text_align_left lp-f-body-02\">\u00ab C\u2019est complet complet complet \u00bb, philosophe notre voisin, un peu surpris lui aussi, et qui a pris ces si\u00e8ges fautes de mieux, <a href=\"https:\/\/www.leparisien.fr\/culture-loisirs\/humour\/etre-moi-est-ce-qui-minteresse-le-moins-valerie-lemercier-la-grande-dame-de-lhumour-remonte-sur-scene-26-09-2025-M5EEPUAHDVBHXOBBM7SF6JJK7A.php\" target=\"_self\" rel=\"nofollow noopener\">passion Lemercier<\/a> oblige. \u00c7a a un sens de vendre ces places ? \u00ab \u00c7a a un sens de faire du fric \u00bb, soupire le fan. Lui se d\u00e9cide pour un rehausseur. Il y en a toute une pile \u00e0 nos pieds, sur la droite. \u00ab C\u2019est pas pour les spectacles enfants ? \u00bb. L\u2019ouvreuse n\u2019est pas trop s\u00fbre. \u00ab Au Ch\u00e2telet, j\u2019avais une place plus proche, mais avec un poteau juste devant \u00bb, sourit l\u2019autre compagnon de gal\u00e8re, lui aussi incollable sur les personnages de l\u2019humoriste qu\u2019il ne rate jamais.<\/p>\n<p>Au moins, on \u00e9tale les jambes comme chez soi<\/p>\n<p class=\"paragraph text_align_left lp-f-body-02\">\u00c0 20h45, le noir se fait et cette derni\u00e8re entre en sc\u00e8ne. Ses premiers mots pour accueillir le public : \u00ab Profite avec tes beaux yeux et tes belles oreilles de tout ce qui va t\u2019arriver. \u00bb Avec les oreilles, d\u2019accord, les yeux, pas s\u00fbr. Puis pas du tout. Au d\u00e9but, nous distinguons bien parfois, au gr\u00e9 de ses d\u00e9placements, le visage de Val\u00e9rie Lemercier uniquement, pas le reste du corps, et en tout petit comme une photo d\u2019identit\u00e9.<\/p>\n<p class=\"paragraph text_align_left lp-f-body-02\">Mais quelques minutes plus tard, une retardataire arrive. Et l\u00e0 nous d\u00e9couvrons qu\u2019il y restait une place vide dans notre champ oculaire. Soudain plus rien. Juste le son. Surtout que la dame arriv\u00e9e en retard, qui elle-m\u00eame voit mal &#8211; \u00ab place \u00e0 visibilit\u00e9 r\u00e9duite ? \u00bb- a d\u00e9cid\u00e9 de s\u2019asseoir sur le haut du fauteuil, \u00e0 moiti\u00e9 debout, nous masquant les quelques centim\u00e8tres carr\u00e9s qui faisaient notre bonheur. Noir, c\u2019est noir. Il n\u2019y a plus d\u2019espoir. Au moins, on \u00e9tale nos jambes comme chez soi.<\/p>\n<p class=\"paragraph text_align_left lp-f-body-02\">Lors des entr\u00e9es en sc\u00e8ne avant chaque sketch, les gens rient et on ne sait pas pourquoi. Pour nous c\u2019est de la radio. Au bout de trente minutes, mon voisin enl\u00e8ve son rehausseur d\u00e9pos\u00e9 devant lui, trop inconfortable \u2013 un adulte est trop lourd pour y garder durablement l\u2019\u00e9quilibre, on a essay\u00e9 \u2014 et le jette en d\u00e9sordre dans l\u2019all\u00e9e, comme \u00e0 un \u00ab pestacle \u00bb.<\/p>\n<p class=\"paragraph text_align_left lp-f-body-02\">On se dit que des enfants eux n\u2019accepteraient jamais de voir un spectacle dans ces conditions. Ils se ficheraient bien que \u00e7a co\u00fbte 15 ou 50 euros. On voit ou on voit pas ? \u00ab Vrai ou pas vrai ? \u00bb, comme dit l\u2019agricultrice normande interpr\u00e9t\u00e9e par l\u2019actrice dans son d\u00e9sopilant sketch d\u2019ouverture.<\/p>\n<p>Le son, par contre, est formidable<\/p>\n<p class=\"paragraph text_align_left lp-f-body-02\">Entre les sc\u00e8nes, parfois une vague de cous se haussent devant nous. Val\u00e9rie Lemercier, imagine-t-on, s\u2019est d\u00e9plac\u00e9e et ils ne la voient plus, eux non plus. Au royaume des places aveugles, d\u2019autres sont borgnes. Une personne est encore moins bien install\u00e9e que nous. L\u2019ouvreuse, assise sur une marche pendant tout le spectacle, et qui surveille la porte.<\/p>\n<p class=\"paragraph text_align_left lp-f-body-02\">\u00c0 quoi ressemble vraiment Val\u00e9rie Lemercier ? On finit par se mettre debout et tenter une incursion plus centrale, toujours coll\u00e9 au mur, pour d\u00e9couvrir sa tenue de sc\u00e8ne tout en noir. Et mettre un visage sur cette voix extraordinaire qui module ses accents d\u2019une s\u00e9quence \u00e0 l\u2019autre. Le son, par contre, est formidable, digne d\u2019une acoustique de concert. On ne perd pas une miette de chaque inflexion vocale, du vieux Belge veuf racontant \u00e0 son fils ses \u00e9bats conjugaux, un de ses classiques, \u00e0 cette voisine que chaque bruit rend folle. Nous, c\u2019est l\u2019invisible qui nous rend marteau.<\/p>\n<p class=\"paragraph text_align_left lp-f-body-02\">Pourtant, on ne part pas. La voix nous tient. Et on en est, de <a href=\"https:\/\/www.leparisien.fr\/culture-loisirs\/humour\/sarko-et-carlita-cocaine-dans-le-pre-et-voisine-penible-on-a-vu-le-nouveau-spectacle-de-valerie-lemercier-04-10-2025-PHDSMCDO6NFLTMWMD2EMZ6KDX4.php\" target=\"_self\" rel=\"nofollow noopener\">ce show qui ne sera capt\u00e9 par aucune cam\u00e9ra<\/a>, comme l\u2019impose l\u2019artiste depuis ses d\u00e9buts. Au rappel, on se l\u00e8ve. Allez, comme au concert. Surtout qu\u2019assise au piano, la star chante comme une bluette romantique ce refrain hilarant : \u00ab N\u2019envoie jamais, jamais, jamais, de photos de ta bite \u00e0 personne. Garde les bien cach\u00e9es, cach\u00e9es, cach\u00e9es dans ton t\u00e9l\u00e9phone. \u00bb C\u2019est tellement vrai, mieux vaut en rire.<\/p>\n","protected":false},"excerpt":{"rendered":"Ce sont les places les moins ch\u00e8res et les seules qui restent, et encore seulement pour de tr\u00e8s&hellip;\n","protected":false},"author":2,"featured_media":542539,"comment_status":"","ping_status":"","sticky":false,"template":"","format":"standard","meta":{"footnotes":""},"categories":[1888],"tags":[11,1687,1777,674,1011,27,708,12,626,25],"class_list":{"0":"post-542538","1":"post","2":"type-post","3":"status-publish","4":"format-standard","5":"has-post-thumbnail","7":"category-paris","8":"tag-actualites","9":"tag-culture-loisirs","10":"tag-eu","11":"tag-europe","12":"tag-fr","13":"tag-france","14":"tag-humour","15":"tag-news","16":"tag-paris","17":"tag-republique-francaise"},"share_on_mastodon":{"url":"https:\/\/pubeurope.com\/@fr\/115570932770170203","error":""},"_links":{"self":[{"href":"https:\/\/www.europesays.com\/fr\/wp-json\/wp\/v2\/posts\/542538","targetHints":{"allow":["GET"]}}],"collection":[{"href":"https:\/\/www.europesays.com\/fr\/wp-json\/wp\/v2\/posts"}],"about":[{"href":"https:\/\/www.europesays.com\/fr\/wp-json\/wp\/v2\/types\/post"}],"author":[{"embeddable":true,"href":"https:\/\/www.europesays.com\/fr\/wp-json\/wp\/v2\/users\/2"}],"replies":[{"embeddable":true,"href":"https:\/\/www.europesays.com\/fr\/wp-json\/wp\/v2\/comments?post=542538"}],"version-history":[{"count":0,"href":"https:\/\/www.europesays.com\/fr\/wp-json\/wp\/v2\/posts\/542538\/revisions"}],"wp:featuredmedia":[{"embeddable":true,"href":"https:\/\/www.europesays.com\/fr\/wp-json\/wp\/v2\/media\/542539"}],"wp:attachment":[{"href":"https:\/\/www.europesays.com\/fr\/wp-json\/wp\/v2\/media?parent=542538"}],"wp:term":[{"taxonomy":"category","embeddable":true,"href":"https:\/\/www.europesays.com\/fr\/wp-json\/wp\/v2\/categories?post=542538"},{"taxonomy":"post_tag","embeddable":true,"href":"https:\/\/www.europesays.com\/fr\/wp-json\/wp\/v2\/tags?post=542538"}],"curies":[{"name":"wp","href":"https:\/\/api.w.org\/{rel}","templated":true}]}}