{"id":542540,"date":"2025-11-18T13:27:13","date_gmt":"2025-11-18T13:27:13","guid":{"rendered":"https:\/\/www.europesays.com\/fr\/542540\/"},"modified":"2025-11-18T13:27:13","modified_gmt":"2025-11-18T13:27:13","slug":"garde-a-vue-a-lhopital-prolongee-pour-lhomme-au-couteau-de-la-gare-montparnasse","status":"publish","type":"post","link":"https:\/\/www.europesays.com\/fr\/542540\/","title":{"rendered":"garde \u00e0 vue \u00e0 l&rsquo;h\u00f4pital prolong\u00e9e pour l&rsquo;homme au couteau de la gare Montparnasse"},"content":{"rendered":"<p>\n    Le suspect, qui s\u2019\u00e9tait mutil\u00e9 avec un couteau sur un quai de la gare vendredi 14 novembre, avait \u00e9t\u00e9 bless\u00e9 par tir d\u2019un policier. Sa garde \u00e0 vue \u00e0 l\u2019h\u00f4pital, d\u00e9but\u00e9e lundi matin, a \u00e9t\u00e9 prolong\u00e9e mardi matin.<\/p>\n<p class=\"fig-paragraph\">L&rsquo;homme qui s&rsquo;est mutil\u00e9 au couteau et a \u00e9t\u00e9\u00a0<a href=\"http:\/\/www.lefigaro.fr\/faits-divers\/paris-un-homme-arme-d-un-couteau-neutralise-par-les-forces-de-l-ordre-a-la-gare-montparnasse-20251114\" target=\"_blank\" data-fig-type=\"NewsFlash\" rel=\"noopener nofollow\" data-gtm-custom-categorie=\"navigation\" data-gtm-custom-action=\"crossclick\" data-gtm-custom-label=\"Contextuel\" data-gtm-event=\"customEventSPE\" data-fig-domain=\"LEFIGARO\">bless\u00e9 par le tir d&rsquo;un policier<\/a>\u00a0vendredi \u00e0 la gare Montparnasse \u00e0 Paris est toujours \u00e0 l&rsquo;h\u00f4pital et sa garde \u00e0 vue a \u00e9t\u00e9 prolong\u00e9e mardi, a indiqu\u00e9 le parquet sollicit\u00e9 par l&rsquo;AFP. Cet homme, \u00e2g\u00e9 de 44 ans, est \u00absoign\u00e9 pour une plaie \u00e0 la gorge li\u00e9e aux coups de couteau auto-inflig\u00e9s et une plaie traversante \u00e0 la cuisse\u00bb li\u00e9e au tir policier, a-t-on pr\u00e9cis\u00e9 de m\u00eame source.<\/p>\n<p class=\"fig-paragraph\">Dans son sac, ont \u00e9t\u00e9 retrouv\u00e9s \u00abun couteau de cuisine, un cutter, une bouteille d&rsquo;alcool et un pistolet \u00e0 billes sans munitions\u00bb, a d\u00e9taill\u00e9 le parquet. Sa garde \u00e0 vue \u00e0 l&rsquo;h\u00f4pital, d\u00e9but\u00e9e lundi matin, a \u00e9t\u00e9 prolong\u00e9e mardi matin.<\/p>\n<p>                                    <a class=\"fig-a11y-skip a11y-hidden\" href=\"#fig-a11y-skip-main-inarticle\"><br \/>\n        Passer la publicit\u00e9<br \/>\n    <\/a><\/p>\n<p class=\"fig-paragraph\">Le quadrag\u00e9naire arrivait en train de Rennes \u00e0 la gare parisienne, o\u00f9 il \u00e9tait attendu par les forces de l&rsquo;ordre dans le cadre d&rsquo;une enqu\u00eate pour violences conjugales, apr\u00e8s avoir d\u00e9j\u00e0 \u00e9t\u00e9 condamn\u00e9 en septembre, avait pr\u00e9c\u00e9demment indiqu\u00e9 le parquet.<\/p>\n<p>\u00ab\u00c9tat de choc\u00bb<\/p>\n<p class=\"fig-paragraph\">Les membres de sa famille ont indiqu\u00e9 qu&rsquo;il avait envoy\u00e9 des messages \u00abd&rsquo;adieu avant de prendre le train\u00bb, a d\u00e9velopp\u00e9 le minist\u00e8re public mardi. Son ex-compagne avait d\u00e9pos\u00e9 plainte le 9 novembre \u00e0 la suite de messages \u00abdans lesquels il avait menac\u00e9 de les tuer, elle et ses enfants, avant de mettre fin \u00e0 ses jours\u00bb. Un passant, quinquag\u00e9naire, bless\u00e9 \u00e0 un pied par un tir policier, n&rsquo;avait pas encore \u00abpu \u00eatre entendu \u00e0 la fin du week-end\u00bb, a poursuivi le parquet.<\/p>\n<p class=\"fig-paragraph\">Le policier qui a fait usage de son arme a d&rsquo;abord \u00e9t\u00e9 transport\u00e9 \u00ab\u00e0 l&rsquo;h\u00f4pital en \u00e9tat de choc\u00bb. Entendu en garde \u00e0 vue, il a expliqu\u00e9 avoir vu \u00abl&rsquo;homme arriver face \u00e0 lui\u00bb et lui avoir \u00abintim\u00e9 \u00e0 quatre reprises de l\u00e2cher son arme\u00bb. Lorsqu&rsquo;il l&rsquo;a vu commencer \u00e0 s&rsquo;auto-mutiler, il lui a encore demand\u00e9 \u00abdeux fois d&rsquo;arr\u00eater avant de tirer en direction de ses jambes\u00bb, d\u00e9roule encore le minist\u00e8re public.<\/p>\n<p class=\"fig-paragraph\">Ses d\u00e9clarations ont \u00e9t\u00e9 \u00abcorrobor\u00e9es par l&rsquo;exploitation de sa cam\u00e9ra-pi\u00e9ton\u00bb. Sa garde \u00e0 vue a \u00e9t\u00e9 lev\u00e9e \u00e0 l&rsquo;issue de l&rsquo;audition, son arme a \u00e9t\u00e9 saisie. L&rsquo;exploitation des vid\u00e9osurveillances de la gare a notamment montr\u00e9 l&rsquo;homme \u00abcourir sur le quai parmi les voyageurs, effectuer de grands gestes\u00bb. Les auditions de t\u00e9moins ont confirm\u00e9 qu&rsquo;il avait refus\u00e9 d&rsquo;obtemp\u00e9rer devant les policiers, selon le parquet.<\/p>\n","protected":false},"excerpt":{"rendered":"Le suspect, qui s\u2019\u00e9tait mutil\u00e9 avec un couteau sur un quai de la gare vendredi 14 novembre, avait&hellip;\n","protected":false},"author":2,"featured_media":542541,"comment_status":"","ping_status":"","sticky":false,"template":"","format":"standard","meta":{"footnotes":""},"categories":[1888],"tags":[11,5264,1777,674,1011,27,7774,8037,12,626,25],"class_list":{"0":"post-542540","1":"post","2":"type-post","3":"status-publish","4":"format-standard","5":"has-post-thumbnail","7":"category-paris","8":"tag-actualites","9":"tag-couteau","10":"tag-eu","11":"tag-europe","12":"tag-fr","13":"tag-france","14":"tag-garde-a-vue","15":"tag-gare-montparnasse","16":"tag-news","17":"tag-paris","18":"tag-republique-francaise"},"share_on_mastodon":{"url":"https:\/\/pubeurope.com\/@fr\/115570936812721119","error":""},"_links":{"self":[{"href":"https:\/\/www.europesays.com\/fr\/wp-json\/wp\/v2\/posts\/542540","targetHints":{"allow":["GET"]}}],"collection":[{"href":"https:\/\/www.europesays.com\/fr\/wp-json\/wp\/v2\/posts"}],"about":[{"href":"https:\/\/www.europesays.com\/fr\/wp-json\/wp\/v2\/types\/post"}],"author":[{"embeddable":true,"href":"https:\/\/www.europesays.com\/fr\/wp-json\/wp\/v2\/users\/2"}],"replies":[{"embeddable":true,"href":"https:\/\/www.europesays.com\/fr\/wp-json\/wp\/v2\/comments?post=542540"}],"version-history":[{"count":0,"href":"https:\/\/www.europesays.com\/fr\/wp-json\/wp\/v2\/posts\/542540\/revisions"}],"wp:featuredmedia":[{"embeddable":true,"href":"https:\/\/www.europesays.com\/fr\/wp-json\/wp\/v2\/media\/542541"}],"wp:attachment":[{"href":"https:\/\/www.europesays.com\/fr\/wp-json\/wp\/v2\/media?parent=542540"}],"wp:term":[{"taxonomy":"category","embeddable":true,"href":"https:\/\/www.europesays.com\/fr\/wp-json\/wp\/v2\/categories?post=542540"},{"taxonomy":"post_tag","embeddable":true,"href":"https:\/\/www.europesays.com\/fr\/wp-json\/wp\/v2\/tags?post=542540"}],"curies":[{"name":"wp","href":"https:\/\/api.w.org\/{rel}","templated":true}]}}