{"id":542542,"date":"2025-11-18T13:28:17","date_gmt":"2025-11-18T13:28:17","guid":{"rendered":"https:\/\/www.europesays.com\/fr\/542542\/"},"modified":"2025-11-18T13:28:17","modified_gmt":"2025-11-18T13:28:17","slug":"des-dizaines-de-journalistes-ukrainiens-et-russes-croupissent-dans-les-geoles-du-kremlin-ils-doivent-etre-liberes","status":"publish","type":"post","link":"https:\/\/www.europesays.com\/fr\/542542\/","title":{"rendered":"\u00ab\u00a0Des dizaines de journalistes ukrainiens et russes croupissent dans les ge\u00f4les du Kremlin\u00a0: ils doivent \u00eatre lib\u00e9r\u00e9s\u00a0\u00bb"},"content":{"rendered":"\n<p class=\"article__paragraph  \">Des informations alarmantes nous parviennent sur la situation de la journaliste ukrainienne Anastasia Hloukhovska, originaire de Melitopol, ville ukrainienne occup\u00e9e par la Russie depuis\u00a02022. Cela fait plus de deux ans que nous sommes sans nouvelles d\u2019elle, d\u00e9tenue par la Russie dans un lieu d\u2019incarc\u00e9ration inconnu, sans charge ni m\u00eame confirmation de son emprisonnement par le Kremlin. Elle a \u00e9t\u00e9 aspir\u00e9e par le syst\u00e8me p\u00e9nitentiaire russe. Ses coll\u00e8gues et sa famille la cherchent sans rel\u00e2che.<\/p>\n<p class=\"article__paragraph  \">Le 20\u00a0ao\u00fbt\u00a02023, des agents du FSB russe ont fait irruption dans son appartement, se sont saisis de tous ses documents, ordinateurs, t\u00e9l\u00e9phone, et l\u2019ont emmen\u00e9e vers une destination inconnue. Elle fait partie des sept journalistes et professionnels des m\u00e9dias travaillant pour des cha\u00eenes Telegram locales, RIA-Melitopol et Melitopol is Ukraine, qui ont \u00e9t\u00e9 arr\u00eat\u00e9s ce jour-l\u00e0 par les forces russes d\u2019occupation \u00e0 Melitopol. Tous sont encore d\u00e9tenus.<\/p>\n<p class=\"article__paragraph  \">Depuis, les autorit\u00e9s de la F\u00e9d\u00e9ration de Russie retiennent Anastasia Hloukhovska prisonni\u00e8re. Une <a href=\"https:\/\/www.slidstvo.info\/warnews\/bulo-chuty-kryky-ii-katuvaly-strumom-zhurnalistku-hlukhovsku-iaku-rosiiany-trymaiut-u-nevoli-ponad-2-roky-piddavaly-torturam-rozsliduvannia\/\" target=\"_blank\" rel=\"noopener nofollow\" title=\"Nouvelle fen\u00eatre\">r\u00e9cente enqu\u00eate<\/a> du m\u00e9dia d\u2019investigation ukrainien Slidstvo.info r\u00e9v\u00e8le qu\u2019apr\u00e8s avoir \u00e9t\u00e9 d\u00e9tenue \u00e0 Melitopol, elle a \u00e9t\u00e9 incarc\u00e9r\u00e9e dans <a href=\"https:\/\/www.lemonde.fr\/international\/article\/2025\/04\/30\/soyez-cruels-n-ayez-pas-pitie-d-eux-dans-la-prison-de-taganrog-haut-lieu-de-torture-russe_6601991_3210.html\" target=\"_blank\" rel=\"noopener nofollow\" title=\"Nouvelle fen\u00eatre\">la prison de Taganrog<\/a>, tristement c\u00e9l\u00e8bre pour avoir \u00e9t\u00e9 transform\u00e9e en lieu de torture pour des milliers de prisonniers ukrainiens. Elle se trouverait actuellement dans la sinistre prison n\u00b0\u00a03 de Kizel, dans le territoire de Perm, en Russie, \u00e0 plus de 2\u00a0700\u00a0km de Melitopol.<\/p>\n<p>           S\u00e9vices et privations           <\/p>\n<p class=\"article__paragraph  \">C\u2019est dans cet \u00e9tablissement que sont notamment d\u00e9tenus le maire de Dnipro-Roudny, Yevhen Matveyev, et qu\u2019une autre journaliste ukrainienne, Viktoria Rochtchyna, aurait \u00e9t\u00e9 tortur\u00e9e et assassin\u00e9e en septembre\u00a02024, apr\u00e8s avoir \u00e9t\u00e9 elle aussi enferm\u00e9e \u00e0 Taganrog. L\u2019ancien prisonnier de guerre Yevhen Sholudko confirme la pr\u00e9sence de Hloukhovska dans la prison de Kizel, d\u00e9crite par d\u2019anciens prisonniers ukrainiens comme un \u00ab\u00a0camp de torture\u00a0\u00bb.<\/p>\n<p>                              Voir aussi |  Article r\u00e9serv\u00e9 \u00e0 nos abonn\u00e9s  <a href=\"https:\/\/www.lemonde.fr\/international\/visuel\/2025\/04\/29\/viktoria-rochtchyna-journaliste-ukrainienne-disparue-dans-l-enfer-carceral-russe_6601554_3210.html\" class=\"js-article-read-also catcher--favoris__link\" data-premium=\"1\" id=\"article-title-3419739\" rel=\"nofollow noopener\" target=\"_blank\">Viktoria Rochtchyna, journaliste ukrainienne disparue dans l\u2019enfer carc\u00e9ral russe<\/a>    <\/p>\n<p>   Lire plus tard  <\/p>\n<p class=\"article__paragraph  \">Nous sommes inquiets de la situation dramatique dans laquelle se trouve cette journaliste, soumise \u00e0 de multiples s\u00e9vices et privations. Reporters sans fronti\u00e8res s\u2019est adress\u00e9 \u00e0 plusieurs reprises aux autorit\u00e9s russes, au minist\u00e8re russe de la d\u00e9fense, au Service f\u00e9d\u00e9ral russe des p\u00e9nalit\u00e9s et aux autorit\u00e9s p\u00e9nitentiaires de Kizel afin d\u2019obtenir des nouvelles d\u2019Anastasia et de ses confr\u00e8res et cons\u0153urs d\u00e9tenus. Aucune r\u00e9ponse n\u2019a \u00e9t\u00e9 re\u00e7ue \u00e0 ce jour.<\/p>\n<p class=\"reading-mode-only \"><strong>Il vous reste 45% de cet article \u00e0 lire. La suite est r\u00e9serv\u00e9e aux abonn\u00e9s.<\/strong><\/p>\n","protected":false},"excerpt":{"rendered":"Des informations alarmantes nous parviennent sur la situation de la journaliste ukrainienne Anastasia Hloukhovska, originaire de Melitopol, ville&hellip;\n","protected":false},"author":2,"featured_media":522991,"comment_status":"","ping_status":"","sticky":false,"template":"","format":"standard","meta":{"footnotes":""},"categories":[1591],"tags":[11,1887,12,1885,1886,132],"class_list":{"0":"post-542542","1":"post","2":"type-post","3":"status-publish","4":"format-standard","5":"has-post-thumbnail","7":"category-russie","8":"tag-actualites","9":"tag-federation-de-russie","10":"tag-news","11":"tag-russia","12":"tag-russian-federation","13":"tag-russie"},"share_on_mastodon":{"url":"https:\/\/pubeurope.com\/@fr\/115570940668015668","error":""},"_links":{"self":[{"href":"https:\/\/www.europesays.com\/fr\/wp-json\/wp\/v2\/posts\/542542","targetHints":{"allow":["GET"]}}],"collection":[{"href":"https:\/\/www.europesays.com\/fr\/wp-json\/wp\/v2\/posts"}],"about":[{"href":"https:\/\/www.europesays.com\/fr\/wp-json\/wp\/v2\/types\/post"}],"author":[{"embeddable":true,"href":"https:\/\/www.europesays.com\/fr\/wp-json\/wp\/v2\/users\/2"}],"replies":[{"embeddable":true,"href":"https:\/\/www.europesays.com\/fr\/wp-json\/wp\/v2\/comments?post=542542"}],"version-history":[{"count":0,"href":"https:\/\/www.europesays.com\/fr\/wp-json\/wp\/v2\/posts\/542542\/revisions"}],"wp:featuredmedia":[{"embeddable":true,"href":"https:\/\/www.europesays.com\/fr\/wp-json\/wp\/v2\/media\/522991"}],"wp:attachment":[{"href":"https:\/\/www.europesays.com\/fr\/wp-json\/wp\/v2\/media?parent=542542"}],"wp:term":[{"taxonomy":"category","embeddable":true,"href":"https:\/\/www.europesays.com\/fr\/wp-json\/wp\/v2\/categories?post=542542"},{"taxonomy":"post_tag","embeddable":true,"href":"https:\/\/www.europesays.com\/fr\/wp-json\/wp\/v2\/tags?post=542542"}],"curies":[{"name":"wp","href":"https:\/\/api.w.org\/{rel}","templated":true}]}}