{"id":542545,"date":"2025-11-18T13:30:34","date_gmt":"2025-11-18T13:30:34","guid":{"rendered":"https:\/\/www.europesays.com\/fr\/542545\/"},"modified":"2025-11-18T13:30:34","modified_gmt":"2025-11-18T13:30:34","slug":"une-victoire-diplomatique-pour-le-prince-heritier-avec-des-enjeux-commerciaux-a-la-cle","status":"publish","type":"post","link":"https:\/\/www.europesays.com\/fr\/542545\/","title":{"rendered":"une victoire diplomatique pour le prince h\u00e9ritier, avec des enjeux commerciaux \u00e0 la cl\u00e9"},"content":{"rendered":"\n<p class=\"c-chapo \">\n  Le pr\u00e9sident am\u00e9ricain accueille le prince h\u00e9ritier d&rsquo;Arabie saoudite \u00e0 la Maison Blanche, mardi. Une visite in\u00e9dite depuis l&rsquo;assassinat du journaliste Jamal Khashoggi et qui doit aboutir \u00e0 la signature d&rsquo;accords militaires et \u00e9conomiques.\n<\/p>\n<p>      lire plus tard<\/p>\n<p id=\"dialog__title\" class=\"dialog__title\">Pour sauvegarder cet article, connectez-vous ou cr\u00e9ez un compte franceinfo<\/p>\n<p class=\"dialog__description\">Sans paiement. Sans abonnement.<\/p>\n<p>        Fermer la fen\u00eatre d\u2019activation des notifications France Info<\/p>\n<p>      cr\u00e9er votre compte<\/p>\n<p>      se connecter<\/p>\n<p>        Fermer la fen\u00eatre de pr\u00e9sentation<\/p>\n<p>    <img loading=\"lazy\" decoding=\"async\" class=\"signature__image lazyload\" width=\"100\" height=\"100\" data- alt=\"\" src=\"https:\/\/www.europesays.com\/fr\/wp-content\/uploads\/2025\/05\/64a7df4c5fe71_placeholder-36b69ec8.png\"\/><\/p>\n<p>    Publi\u00e9 le 18\/11\/2025 12:33<\/p>\n<p>      Mis \u00e0 jour le 18\/11\/2025 12:34<\/p>\n<p>        Temps de lecture : 1min<\/p>\n<p>    <img decoding=\"async\"  alt=\"Le pr\u00e9sident am\u00e9ricain Donald Trump et le prince h\u00e9ritier saoudien Mohammed ben Salmane, le 13 mai 2025 \u00e0 Riyad (Arabie saoudite). (FAYEZ NURELDINE \/ AFP)\" width=\"432\" height=\"243\" src=\"https:\/\/www.europesays.com\/fr\/wp-content\/uploads\/2025\/11\/000-46jg7jx-1-691c36458c46f583031605.jpg\" fetchpriority=\"high\"\/><\/p>\n<p>      Le pr\u00e9sident am\u00e9ricain Donald Trump et le prince h\u00e9ritier saoudien Mohammed ben Salmane, le 13 mai 2025 \u00e0 Riyad (Arabie saoudite). (FAYEZ NURELDINE \/ AFP)<\/p>\n<p>Donald Trump re\u00e7oit mardi 18 novembre le prince h\u00e9ritier d\u2019Arabie saoudite, Mohammed ben Salmane. C\u2019est la premi\u00e8re visite \u00e0 la Maison Blanche du dirigeant de facto du royaume depuis <a href=\"https:\/\/www.franceinfo.fr\/monde\/proche-orient\/disparition-d-un-journaliste-saoudien\/\" target=\"_blank\" rel=\"noopener\" data-tooltip-url=\"https:\/\/www.franceinfo.fr\/monde\/proche-orient\/disparition-d-un-journaliste-saoudien\/\">l\u2019assassinat en 2018 du journaliste Jamal Khashoggi<\/a> par des agents saoudiens.\u00a0\u00ab\u00a0MBS\u00a0\u00bb n\u2019est plus un paria depuis plusieurs ann\u00e9es et il vient d\u2019abord aux Etats-Unis pour signer des accords militaires et \u00e9conomiques.<\/p>\n<p>Cette visite est en soi une victoire pour Mohammed ben Salmane, devenu sans doute le dirigeant arabe le plus influent. Impossible pour Washington de l\u2019ignorer. Mais il est possible de lui faire passer des messages sur les droits de l&rsquo;Homme, estime Bernard Haykel, de l\u2019universit\u00e9 de Princeton, qui termine un livre sur l\u2019histoire de l\u2019Arabie saoudite :\u00a0\u00ab\u00a0Le d\u00e9fi pour nous, Am\u00e9ricains, est de convaincre quelqu\u2019un comme MBS que la r\u00e9pression des opposants politiques n\u2019est pas bonne pour les affaires, pour attirer des investissements, pour votre image si vous \u00eates une destination touristique. En clair : vous n\u2019\u00eates pas la Chine, vous devriez \u00eatre plus comme nous.\u00a0\u00bb<\/p>\n<p>Donald Trump adore faire des affaires avec Mohammed ben Salmane. \u00ab\u00a0Il est tr\u00e8s transparent, ajoute Bernard Haykel. Il veut la stabilit\u00e9, l\u2019ordre, un mod\u00e8le \u00e9conomique capitaliste et une domination am\u00e9ricaine du Moyen-Orient en termes de s\u00e9curit\u00e9. Ce qu\u2019il veut sont des choses claires et \u00e9videntes.\u00a0\u00bb<\/p>\n<p>Il faudra encore attendre pour la normalisation avec Isra\u00ebl ou un trait\u00e9 majeur de d\u00e9fense. Mais Am\u00e9ricains et Saoudiens vont signer une s\u00e9rie de contrats : la vente d\u2019avions de combat F-35, un accord sur le nucl\u00e9aire civil, l\u2019intelligence artificielle. Et MBS pourrait \u00e9voquer avec son h\u00f4te un \u00e9norme projet immobilier de luxe dans son pays avec la Trump Organization, \u00e0 60 milliards de dollars.<\/p>\n","protected":false},"excerpt":{"rendered":"Le pr\u00e9sident am\u00e9ricain accueille le prince h\u00e9ritier d&rsquo;Arabie saoudite \u00e0 la Maison Blanche, mardi. Une visite in\u00e9dite depuis&hellip;\n","protected":false},"author":2,"featured_media":542546,"comment_status":"","ping_status":"","sticky":false,"template":"","format":"standard","meta":{"footnotes":""},"categories":[1589],"tags":[11,73,1866,12,1864,1865,1863,308],"class_list":{"0":"post-542545","1":"post","2":"type-post","3":"status-publish","4":"format-standard","5":"has-post-thumbnail","7":"category-etats-unis","8":"tag-actualites","9":"tag-etats-unis","10":"tag-etats-unis-damerique","11":"tag-news","12":"tag-united-states","13":"tag-united-states-of-america","14":"tag-us","15":"tag-usa"},"share_on_mastodon":{"url":"https:\/\/pubeurope.com\/@fr\/115570949377366454","error":""},"_links":{"self":[{"href":"https:\/\/www.europesays.com\/fr\/wp-json\/wp\/v2\/posts\/542545","targetHints":{"allow":["GET"]}}],"collection":[{"href":"https:\/\/www.europesays.com\/fr\/wp-json\/wp\/v2\/posts"}],"about":[{"href":"https:\/\/www.europesays.com\/fr\/wp-json\/wp\/v2\/types\/post"}],"author":[{"embeddable":true,"href":"https:\/\/www.europesays.com\/fr\/wp-json\/wp\/v2\/users\/2"}],"replies":[{"embeddable":true,"href":"https:\/\/www.europesays.com\/fr\/wp-json\/wp\/v2\/comments?post=542545"}],"version-history":[{"count":0,"href":"https:\/\/www.europesays.com\/fr\/wp-json\/wp\/v2\/posts\/542545\/revisions"}],"wp:featuredmedia":[{"embeddable":true,"href":"https:\/\/www.europesays.com\/fr\/wp-json\/wp\/v2\/media\/542546"}],"wp:attachment":[{"href":"https:\/\/www.europesays.com\/fr\/wp-json\/wp\/v2\/media?parent=542545"}],"wp:term":[{"taxonomy":"category","embeddable":true,"href":"https:\/\/www.europesays.com\/fr\/wp-json\/wp\/v2\/categories?post=542545"},{"taxonomy":"post_tag","embeddable":true,"href":"https:\/\/www.europesays.com\/fr\/wp-json\/wp\/v2\/tags?post=542545"}],"curies":[{"name":"wp","href":"https:\/\/api.w.org\/{rel}","templated":true}]}}