{"id":542551,"date":"2025-11-18T13:34:30","date_gmt":"2025-11-18T13:34:30","guid":{"rendered":"https:\/\/www.europesays.com\/fr\/542551\/"},"modified":"2025-11-18T13:34:30","modified_gmt":"2025-11-18T13:34:30","slug":"orange-va-connecter-nos-smartphones-directement-aux-satellites-une-premiere-en-europe","status":"publish","type":"post","link":"https:\/\/www.europesays.com\/fr\/542551\/","title":{"rendered":"Orange va connecter nos smartphones directement aux satellites, une premi\u00e8re en Europe"},"content":{"rendered":"<p><a href=\"https:\/\/www.latribune.fr\/article\/tech\/telecoms\/50926592441828\/en-espagne-comme-en-france-orange-profite-de-la-consolidation-des-telecoms\" target=\"_blank\" rel=\"noopener\">Orange<\/a> va devenir le premier op\u00e9rateur europ\u00e9en \u00e0 proposer une offre de SMS connectant nos smartphones directement \u00e0 des satellites g\u00e9ostationnaires \u00e0 partir du 11 d\u00e9cembre. L\u2019offre s\u2019appelle \u00ab\u2009Message Satellite\u2009\u00bb et permettra d\u2019envoyer et de recevoir des SMS, ainsi que sa localisation dans les zones non couvertes par les antennes mobiles, soit environ 4% du territoire fran\u00e7ais, comme en mer ou en montagne, par exemple. \u00ab\u2009Les utilisateurs\u00a0 correspondent plut\u00f4t \u00e0 des clients voyageurs ou randonneurs. Ce ne sera donc pas un produit de masse. Mais il r\u00e9pond \u00e0 un vrai besoin pour un segment important de notre pays\u2009\u00bb, nous a pr\u00e9cis\u00e9 <a href=\"https:\/\/www.latribune.fr\/technos-medias\/telecoms\/les-dossiers-chauds-de-jerome-henique-nouveau-patron-d-orange-france-1024309.html\" target=\"_blank\" rel=\"noopener\">J\u00e9r\u00f4me H\u00e9nique<\/a>, le patron d\u2019Orange France.\u00a0<\/p>\n<p>37 pays seront couverts dont l\u2019Europe, les DOM, les Etats-Unis, le Canada, le Br\u00e9sil, Ta\u00efwan, l\u2019Australie, et la Nouvelle-Z\u00e9lande. Mais seuls les abonn\u00e9s fran\u00e7ais auront acc\u00e8s au service dans un premier temps. L\u2019offre sera propos\u00e9e gratuitement les six premiers mois, puis \u00e0 5 euros par mois. Pour \u00eatre \u00e9ligible, il faut avoir souscrit un abonnement 5G ou 5G + et utiliser un smartphone de la gamme Pixel 9 ou 10.<strong>\u00a0<\/strong><strong\/><\/p>\n<p>Quelle diff\u00e9rence avec l\u2019iPhone ?<strong\/>&#13;\n<\/p>\n<p>Certes, depuis l\u2019iPhone 14, <a href=\"https:\/\/www.latribune.fr\/technos-medias\/informatique\/au-coeur-du-site-secret-d-apple-berceau-des-puces-de-l-iphone-air-1032740.html\" target=\"_blank\" rel=\"noopener\">Apple<\/a> propose d\u00e9j\u00e0 la fonctionnalit\u00e9 \u00ab\u2009SOS d\u2019urgence par satellite\u2009\u00bb mais il s\u2019agit uniquement d\u2019un service de secours. \u00ab\u2009Ce que nous lan\u00e7ons est diff\u00e9rent : rester dans une exp\u00e9rience classique en utilisant l\u2019interface SMS pour envoyer le texte que vous souhaitez ou votre localisation, m\u00eame \u00e0 vos proches\u2009\u00bb, d\u00e9taille encore J\u00e9r\u00f4me H\u00e9nique. Le Pixel 10, jug\u00e9 embl\u00e9matique par Orange, co\u00fbte 899 euros \u00e0 l\u2019achat mais il b\u00e9n\u00e9ficiera d\u2019une promotion \u00e0 549 euros lors du lancement de l\u2019offre, au moment des promotions de No\u00ebl de l\u2019op\u00e9rateur. Il fait toutefois l\u2019objet de grosses r\u00e9ductions via d\u2019autres canaux d\u2019achat actuellement avec le Black Friday.\u00a0<\/p>\n<p>\u00ab\u2009Tous les appareils ne sont effectivement pas compatibles : ils doivent \u00eatre \u00e9quip\u00e9s d\u2019une puce et d\u2019un logiciel adapt\u00e9s pour se connecter aux fr\u00e9quences des op\u00e9rateurs satellites et non celles des op\u00e9rateurs mobiles. Mais les deux sont assez proches\u2009\u00bb, fait observer Micha\u00ebl Trabbia, le patron d\u2019Orange Wholesale, l\u2019activit\u00e9 de vente en gros de l\u2019op\u00e9rateur. Il n\u2019y a donc pas de difficult\u00e9 technique pour les constructeurs qui ont tout int\u00e9r\u00eat \u00e0 s\u2019adapter.\u00a0 D\u2019ailleurs, d\u2019autres mod\u00e8les de smartphones pourraient suivre dans les mois qui viennent, Samsung commercialisant d\u00e9j\u00e0 un appareil compatible sur le march\u00e9 am\u00e9ricain.\u00a0<\/p>\n<p>Un partenariat avec l\u2019Am\u00e9ricain Skylo&#13;\n<\/p>\n<p>Surprise, Orange n\u2019a pas opt\u00e9 pour le Fran\u00e7ais Eutelsat-One Web comme partenaire, alors que ce dernier lui fournit d\u00e9j\u00e0 de la connectivit\u00e9 par satellite tr\u00e8s haut d\u00e9bit. \u00ab\u2009Eutelsat ne propose pas aujourd\u2019hui de solution direct-to-device et n\u2019a pas pr\u00e9vu de le faire \u00e0 court terme en lan\u00e7ant des satellites\u2009\u00bb,\u00a0justifie J\u00e9r\u00f4me H\u00e9nique. Orange a donc pr\u00e9f\u00e9r\u00e9 l\u2019int\u00e9grateur am\u00e9ricain Skylo qui fournit d\u00e9j\u00e0 le m\u00eame service \u00e0 l\u2019op\u00e9rateur Verizon aux Etats-Unis et a \u00e9galement sign\u00e9 avec Deutsche Telekom pour un lancement prochain en Allemagne. Skylo permettra \u00e0 Orange d\u2019acc\u00e9der aux constellations satellitaires des Am\u00e9ricains Viasat et Echostar, ainsi que du Britannique Inmarsat.\u00a0<\/p>\n<p>\u00c0 ce stade, l\u2019op\u00e9rateur historique \u00e9carte deux autres solutions existantes. Celle de la constellation en orbite basse <a href=\"https:\/\/www.latribune.fr\/technos-medias\/quand-elon-musk-s-installe-a-la-maison-blanche-via-starlink-1021393.html\" target=\"_blank\" rel=\"noopener\">Starlink<\/a>, choisie par T-Mobile, et la constellation d\u2019AST Space Mobile retenue par Vodafone mais qui n\u2019est pas encore pleinement op\u00e9rationnelle. Toutes deux reposent sur la technologie du Direct to Cell et donc sur des fr\u00e9quences d\u2019op\u00e9rateurs t\u00e9l\u00e9com, une technologie diff\u00e9rente du Direct to Device qui s\u2019appuie sur des fr\u00e9quences satellitaires. \u00ab\u2009Le choix qu\u2019on a fait, c\u2019est de pouvoir lancer un vrai service disponible aujourd\u2019hui sur tout le territoire, non seulement fran\u00e7ais, mais aussi \u00e0 l\u2019international, sans probl\u00e9matique d\u2019interf\u00e9rence aux fronti\u00e8res ou r\u00e9glementaire et sans non plus mobiliser nos propres fr\u00e9quences\u2009\u00bb, r\u00e9sume Micha\u00ebl Trabbia. \u00ab\u2009Mais nous n\u2019avons pas d\u2019exclusivit\u00e9 avec Skylo, ni dans le temps, ni dans le p\u00e9rim\u00e8tre g\u00e9ographique. Nous ne nous interdisons rien \u00e0 l\u2019avenir\u2009\u00bb.<\/p>\n<p>Cette offre \u00ab\u2009Message satellite\u2009\u00bb devrait \u00eatre \u00e9tendue dans les mois qui viennent \u00e0 d\u2019autres pays, aux clients professionnels, ainsi qu\u2019\u00e0 d\u2019autres smartphones compatibles. \u00c0 plus long terme, Orange compte \u00e9galement int\u00e9grer la voix et l\u2019Internet mobile au service.<\/p>\n","protected":false},"excerpt":{"rendered":"Orange va devenir le premier op\u00e9rateur europ\u00e9en \u00e0 proposer une offre de SMS connectant nos smartphones directement \u00e0&hellip;\n","protected":false},"author":2,"featured_media":542552,"comment_status":"","ping_status":"","sticky":false,"template":"","format":"standard","meta":{"footnotes":""},"categories":[1586],"tags":[17,11,64532,19561,1777,674,1011,27,12,738,25,6361,30891,57271],"class_list":{"0":"post-542551","1":"post","2":"type-post","3":"status-publish","4":"format-standard","5":"has-post-thumbnail","7":"category-europe","8":"tag-17","9":"tag-actualites","10":"tag-connecter","11":"tag-directement","12":"tag-eu","13":"tag-europe","14":"tag-fr","15":"tag-france","16":"tag-news","17":"tag-orange","18":"tag-republique-francaise","19":"tag-satellites","20":"tag-smartphones","21":"tag-tech-ia"},"share_on_mastodon":{"url":"https:\/\/pubeurope.com\/@fr\/115570964249985091","error":""},"_links":{"self":[{"href":"https:\/\/www.europesays.com\/fr\/wp-json\/wp\/v2\/posts\/542551","targetHints":{"allow":["GET"]}}],"collection":[{"href":"https:\/\/www.europesays.com\/fr\/wp-json\/wp\/v2\/posts"}],"about":[{"href":"https:\/\/www.europesays.com\/fr\/wp-json\/wp\/v2\/types\/post"}],"author":[{"embeddable":true,"href":"https:\/\/www.europesays.com\/fr\/wp-json\/wp\/v2\/users\/2"}],"replies":[{"embeddable":true,"href":"https:\/\/www.europesays.com\/fr\/wp-json\/wp\/v2\/comments?post=542551"}],"version-history":[{"count":0,"href":"https:\/\/www.europesays.com\/fr\/wp-json\/wp\/v2\/posts\/542551\/revisions"}],"wp:featuredmedia":[{"embeddable":true,"href":"https:\/\/www.europesays.com\/fr\/wp-json\/wp\/v2\/media\/542552"}],"wp:attachment":[{"href":"https:\/\/www.europesays.com\/fr\/wp-json\/wp\/v2\/media?parent=542551"}],"wp:term":[{"taxonomy":"category","embeddable":true,"href":"https:\/\/www.europesays.com\/fr\/wp-json\/wp\/v2\/categories?post=542551"},{"taxonomy":"post_tag","embeddable":true,"href":"https:\/\/www.europesays.com\/fr\/wp-json\/wp\/v2\/tags?post=542551"}],"curies":[{"name":"wp","href":"https:\/\/api.w.org\/{rel}","templated":true}]}}