{"id":542565,"date":"2025-11-18T13:41:15","date_gmt":"2025-11-18T13:41:15","guid":{"rendered":"https:\/\/www.europesays.com\/fr\/542565\/"},"modified":"2025-11-18T13:41:15","modified_gmt":"2025-11-18T13:41:15","slug":"marti-dement-la-rumeur-de-larrivee-dun-champion-du-monde-piste-par-toulouse","status":"publish","type":"post","link":"https:\/\/www.europesays.com\/fr\/542565\/","title":{"rendered":"Marti d\u00e9ment la rumeur de l\u2019arriv\u00e9e d\u2019un champion du monde, pist\u00e9 par Toulouse"},"content":{"rendered":"<p>Info ou intox de la part de <a href=\"https:\/\/www.quinzemondial.com\/top-14\/ubb-marti-revient-sur-le-cas-giroud-et-son-probable-depart-a-bayonne-820528\" target=\"_blank\" rel=\"noopener\">Laurent Marti\u00a0<\/a>? En marge de la reprise du Top 14 ce week-end, le pr\u00e9sident de l<a href=\"https:\/\/www.quinzemondial.com\/top-14\/ubb-jalibert-deja-de-retour-et-en-place-pour-pau-malgre-son-forfait-avec-le-xv-de-france-820532\" target=\"_blank\" rel=\"noopener\">\u2019Union Bordeaux-B\u00e8gles<\/a> a accord\u00e9 une longue entrevue \u00e0<a href=\"https:\/\/www.sudouest.fr\/sport\/rugby\/bordeaux-begles\/entretien-laurent-marti-ubb-on-est-a-l-arret-sur-le-salary-cap-on-ne-peut-plus-recruter-26751107.php\" target=\"_blank\" rel=\"noopener\"> Sud-Ouest<\/a>. L\u2019occasion pour lui de revenir sur le d\u00e9but de saison de son \u00e9quipe mais \u00e9galement d\u2019aborder le futur, et notamment la question du recrutement.<\/p>\n<p>\u00ab\u00a0Jean Kleyn, c\u2019est totalement faux\u00a0\u00bb<\/p>\n<p>Sur ce sujet-l\u00e0, Marti a expliqu\u00e9 que <a href=\"https:\/\/www.quinzemondial.com\/top-14\/ubb-marti-lassure-le-club-est-bloque-par-le-salary-cap-et-ne-peut-plus-recruter-820524\" target=\"_blank\" rel=\"noopener\">le club \u00e9tait bloqu\u00e9 par le salary-cap<\/a> et ne pourrait pas recruter de joueurs suppl\u00e9mentaires, en mettant de c\u00f4t\u00e9 les arriv\u00e9es annonc\u00e9es d\u2019Hugo Reus et Tom Willis. Pourtant ces derniers jours, la presse se faisait l\u2019\u00e9cho d\u2019un int\u00e9r\u00eat pour Jean Kleyn. Le deuxi\u00e8me-ligne du Munster, champion du monde avec l\u2019Afrique du Sud, <a href=\"https:\/\/www.quinzemondial.com\/top-14\/top-14-stade-toulousain-ubb-choc-en-vue-pour-un-champion-du-monde-820382\" target=\"_blank\" rel=\"noopener\">serait aussi dans le viseur du Stade Toulousain<\/a>. Un int\u00e9r\u00eat que d\u00e9ment Laurent Marti pour l\u2019UBB.<\/p>\n<blockquote>\n<p>\u00ab\u00a0Sur le cinq de devant, trouver des joueurs de tr\u00e8s haut niveau est plus compliqu\u00e9 que tous les autres postes. La concurrence est mondiale. Jean Kleyn, c&rsquo;est totalement faux. On n&rsquo;en a jamais parl\u00e9 en interne, il n&rsquo;y a aucun contact.\u00a0\u00bb<\/p>\n<\/blockquote>\n<p>Partagez cette info avec vos amis et vos proches en cliquant ici<br \/>Pour r\u00e9sumer<\/p>\n<p>Laurent Marti s\u2019est exprim\u00e9 sur la rumeur autour de l\u2019int\u00e9r\u00eat de l\u2019Union Bordeaux-B\u00e8gles pour un champion du monde sud-africain. Le pr\u00e9sident du club girondin assure qu\u2019il n\u2019y a eu aucun contact avec Jean Kleyn ces derniers mois.<\/p>\n<p> <img decoding=\"async\" width=\"76\" height=\"76\" loading=\"lazy\" src=\"https:\/\/www.europesays.com\/fr\/wp-content\/uploads\/2025\/04\/avatar-quinze.png\" alt=\"Arnaud D\u00e9chelotte\"\/><\/p>\n","protected":false},"excerpt":{"rendered":"Info ou intox de la part de Laurent Marti\u00a0? En marge de la reprise du Top 14 ce&hellip;\n","protected":false},"author":2,"featured_media":542566,"comment_status":"","ping_status":"","sticky":false,"template":"","format":"standard","meta":{"footnotes":""},"categories":[1416],"tags":[1011,27,479,1468,60,476,478],"class_list":{"0":"post-542565","1":"post","2":"type-post","3":"status-publish","4":"format-standard","5":"has-post-thumbnail","7":"category-rugby","8":"tag-fr","9":"tag-france","10":"tag-rugby","11":"tag-rugby-football","12":"tag-sports","13":"tag-stade-toulousain","14":"tag-top-14"},"share_on_mastodon":{"url":"https:\/\/pubeurope.com\/@fr\/115570992580625915","error":""},"_links":{"self":[{"href":"https:\/\/www.europesays.com\/fr\/wp-json\/wp\/v2\/posts\/542565","targetHints":{"allow":["GET"]}}],"collection":[{"href":"https:\/\/www.europesays.com\/fr\/wp-json\/wp\/v2\/posts"}],"about":[{"href":"https:\/\/www.europesays.com\/fr\/wp-json\/wp\/v2\/types\/post"}],"author":[{"embeddable":true,"href":"https:\/\/www.europesays.com\/fr\/wp-json\/wp\/v2\/users\/2"}],"replies":[{"embeddable":true,"href":"https:\/\/www.europesays.com\/fr\/wp-json\/wp\/v2\/comments?post=542565"}],"version-history":[{"count":0,"href":"https:\/\/www.europesays.com\/fr\/wp-json\/wp\/v2\/posts\/542565\/revisions"}],"wp:featuredmedia":[{"embeddable":true,"href":"https:\/\/www.europesays.com\/fr\/wp-json\/wp\/v2\/media\/542566"}],"wp:attachment":[{"href":"https:\/\/www.europesays.com\/fr\/wp-json\/wp\/v2\/media?parent=542565"}],"wp:term":[{"taxonomy":"category","embeddable":true,"href":"https:\/\/www.europesays.com\/fr\/wp-json\/wp\/v2\/categories?post=542565"},{"taxonomy":"post_tag","embeddable":true,"href":"https:\/\/www.europesays.com\/fr\/wp-json\/wp\/v2\/tags?post=542565"}],"curies":[{"name":"wp","href":"https:\/\/api.w.org\/{rel}","templated":true}]}}