{"id":542569,"date":"2025-11-18T13:46:19","date_gmt":"2025-11-18T13:46:19","guid":{"rendered":"https:\/\/www.europesays.com\/fr\/542569\/"},"modified":"2025-11-18T13:46:19","modified_gmt":"2025-11-18T13:46:19","slug":"titouan-fontaine-promu-en-worldtour-actualite","status":"publish","type":"post","link":"https:\/\/www.europesays.com\/fr\/542569\/","title":{"rendered":"Titouan Fontaine promu en WorldTour &#8211; Actualit\u00e9"},"content":{"rendered":"<p style=\"text-align: justify;\">Apr\u00e8s deux ann\u00e9es au sein de l&rsquo;\u00e9quipe Continentale,\u00a0<strong><a href=\"https:\/\/www.directvelo.com\/coureur\/41901\/titouan-fontaine\" target=\"_blank\" rel=\"noopener\">Titouan Fontaine<\/a><\/strong> va faire le bond dans la WorldTeam en 2026, annonce la structure fran\u00e7aise. Il a sign\u00e9 un contrat de deux ans.<\/p>\n<p>Titouan Fontaine, 20 ans, a termin\u00e9 7e du prologue du Tour de Boh\u00e8me Occidentale, 13e du Championnat de France Espoirs de contre-la-montre, 19e d&rsquo;\u00e9tape au Tour de Bretagne ou encore 24e du Grand Prix de P\u00e9renchies. L&rsquo;an dernier, il avait pris la 18e place du Chrono des Nations Espoirs.<\/p>\n<p>C&rsquo;est chez les Juniors que l&rsquo;ancien coureur du VC Villefranche Beaujolais s&rsquo;\u00e9tait distingu\u00e9, notamment en remportant La Bernaudeau, une \u00e9tape du Troph\u00e9e Centre Morbihan en Coupe des Nations (2e du g\u00e9n\u00e9ral), ou encore avec une victoire d&rsquo;\u00e9tape au Tour du Beaujolais.<\/p>\n<p>Retrouvez tous les transferts du peloton professionnel <strong><a href=\"https:\/\/www.directvelo.com\/mutations\/2026#teams-pro\" target=\"_blank\" rel=\"noopener\">en cliquant ici<\/a><\/strong>.<\/p>\n","protected":false},"excerpt":{"rendered":"Apr\u00e8s deux ann\u00e9es au sein de l&rsquo;\u00e9quipe Continentale,\u00a0Titouan Fontaine va faire le bond dans la WorldTeam en 2026,&hellip;\n","protected":false},"author":2,"featured_media":542570,"comment_status":"","ping_status":"","sticky":false,"template":"","format":"standard","meta":{"footnotes":""},"categories":[1411],"tags":[834,828,836,829,837,827,83,826,824,823,1154,207,814,817,815,816,822,821,832,211,839,1011,27,820,818,819,835,831,830,833,838,60,212,208,825],"class_list":{"0":"post-542569","1":"post","2":"type-post","3":"status-publish","4":"format-standard","5":"has-post-thumbnail","7":"category-cyclisme","8":"tag-attaque","9":"tag-belgique","10":"tag-braquet","11":"tag-bretagne","12":"tag-chute","13":"tag-competition","14":"tag-coupe-de-france","15":"tag-coureur","16":"tag-course-cyclisme","17":"tag-course-cycliste","18":"tag-cycling","19":"tag-cyclisme","20":"tag-direct","21":"tag-direct-velo","22":"tag-directvelo","23":"tag-directvelo-com","24":"tag-epreuve","25":"tag-epreuve-cycliste","26":"tag-federation-francaise-de-cyclisme","27":"tag-ffc","28":"tag-flandres","29":"tag-fr","30":"tag-france","31":"tag-live","32":"tag-live-course","33":"tag-live-epreuve","34":"tag-peloton","35":"tag-radio-peloton","36":"tag-radio-tour","37":"tag-ravitaillement","38":"tag-relance","39":"tag-sports","40":"tag-uci","41":"tag-velo","42":"tag-velos"},"share_on_mastodon":{"url":"https:\/\/pubeurope.com\/@fr\/115571011725628201","error":""},"_links":{"self":[{"href":"https:\/\/www.europesays.com\/fr\/wp-json\/wp\/v2\/posts\/542569","targetHints":{"allow":["GET"]}}],"collection":[{"href":"https:\/\/www.europesays.com\/fr\/wp-json\/wp\/v2\/posts"}],"about":[{"href":"https:\/\/www.europesays.com\/fr\/wp-json\/wp\/v2\/types\/post"}],"author":[{"embeddable":true,"href":"https:\/\/www.europesays.com\/fr\/wp-json\/wp\/v2\/users\/2"}],"replies":[{"embeddable":true,"href":"https:\/\/www.europesays.com\/fr\/wp-json\/wp\/v2\/comments?post=542569"}],"version-history":[{"count":0,"href":"https:\/\/www.europesays.com\/fr\/wp-json\/wp\/v2\/posts\/542569\/revisions"}],"wp:featuredmedia":[{"embeddable":true,"href":"https:\/\/www.europesays.com\/fr\/wp-json\/wp\/v2\/media\/542570"}],"wp:attachment":[{"href":"https:\/\/www.europesays.com\/fr\/wp-json\/wp\/v2\/media?parent=542569"}],"wp:term":[{"taxonomy":"category","embeddable":true,"href":"https:\/\/www.europesays.com\/fr\/wp-json\/wp\/v2\/categories?post=542569"},{"taxonomy":"post_tag","embeddable":true,"href":"https:\/\/www.europesays.com\/fr\/wp-json\/wp\/v2\/tags?post=542569"}],"curies":[{"name":"wp","href":"https:\/\/api.w.org\/{rel}","templated":true}]}}