{"id":542581,"date":"2025-11-18T13:53:17","date_gmt":"2025-11-18T13:53:17","guid":{"rendered":"https:\/\/www.europesays.com\/fr\/542581\/"},"modified":"2025-11-18T13:53:17","modified_gmt":"2025-11-18T13:53:17","slug":"23-films-a-redecouvrir-en-salles-du-21-au-27-janvier","status":"publish","type":"post","link":"https:\/\/www.europesays.com\/fr\/542581\/","title":{"rendered":"23 films \u00e0 (re)d\u00e9couvrir en salles du 21 au 27\u00a0janvier"},"content":{"rendered":"\n<p class=\"article__chapeau\">Demandez le programme\u00a0! Le Festival cin\u00e9ma T\u00e9l\u00e9rama revient en janvier, l\u2019occasion de revoir nos films pr\u00e9f\u00e9r\u00e9s de l\u2019ann\u00e9e 2025, projet\u00e9s dans plus de cinq cent salles. Vous pourrez \u00e9galement d\u00e9couvrir sept longs m\u00e9trages en avant-premi\u00e8re.<\/p>\n<p>              <a href=\"https:\/\/www.europesays.com\/fr\/wp-content\/uploads\/2025\/11\/2b45baa_upload-1-s9duayn7auiy-fct-principal.png\" data-pswp-width=\"\" data-pswp-height=\"\" class=\"media__hd\" target=\"_blank\">      <img decoding=\"async\" fetchpriority=\"high\" src=\"https:\/\/www.europesays.com\/fr\/wp-content\/uploads\/2025\/11\/2b45baa_upload-1-s9duayn7auiy-fct-principal.png\" class=\"media__picture js-media-zoom-main \" alt=\"\" title=\"\"\/>       <\/a>                    <\/p>\n<p class=\"author author--simple\">Par  <a class=\"author author--link\" href=\"https:\/\/www.telerama.fr\/recherche\/articles?q=Le+service+Cin%C3%A9ma\" rel=\"nofollow noopener\" target=\"_blank\"> Le service Cin\u00e9ma <\/a>    <\/p>\n<p class=\"publication__date\">Publi\u00e9 le 18 novembre 2025 \u00e0 13h00<\/p>\n<p>   Partager   <\/p>\n<ul class=\"sharing-popin--results\">\n<li class=\"sharing-popin--item sharing-popin--item-container\"> Partage  <\/li>\n<li data-share=\"linkedin\" class=\"sharing-popin--item\">  LinkedIn <\/li>\n<li data-share=\"facebook\" class=\"sharing-popin--item\">  Facebook <\/li>\n<li data-share=\"mail\" data-social=\"mail\" class=\"sharing-popin--item\">  Envoyer par email <\/li>\n<li data-share=\"copy\" class=\"sharing-popin--item\">  Copier le lien <\/li>\n<\/ul>\n<p>        Favoris       <\/p>\n<p>                <a class=\"openapp__link\" data-event=\"click-open-app\" data-deep-link=\"tlrm:\/\/element?id=\/cinema\/festival-cinema-telerama-2026-23-films-a-re-decouvrir-en-salles-du-21-au-27-janvier-7028351.php&amp;source=deeplink_site\">  Lire dans l&rsquo;application<br \/>\n  <\/a>                               <\/p>\n<p class=\"paragraph\">T\u00e9l\u00e9rama\u00a0et l\u2019Association fran\u00e7aise des cin\u00e9mas d\u2019art et d\u2019essai (Afcae) organisent, du 21 au 27\u00a0janvier 2026, la 28\u1d49\u00a0\u00e9dition du\u00a0Festival cin\u00e9ma T\u00e9l\u00e9rama, en partenariat avec BNP Paribas et France T\u00e9l\u00e9visions. Une s\u00e9lection des seize meilleurs films de l\u2019ann\u00e9e\u00a02025 choisis par la r\u00e9daction de\u00a0T\u00e9l\u00e9rama\u00a0sera propos\u00e9e dans plus de cinq cents salles d\u2019art et essai au tarif de 4\u00a0euros la place, sur pr\u00e9sentation du pass pour la manifestation, valable pour deux personnes, \u00e0 retrouver dans les num\u00e9ros de\u00a0T\u00e9l\u00e9rama\u00a0des 14 et\u00a021\u00a0janvier 2026 ainsi que\u00a0sur T\u00e9l\u00e9rama.fr et l\u2019application T\u00e9l\u00e9rama. Depuis neuf ans s\u2019ajoutent \u00e0 cette s\u00e9lection des films pr\u00e9sent\u00e9s en avant-premi\u00e8re, choisis en concertation avec l\u2019Afcae.<\/p>\n<p class=\"paragraph\">Mi-octobre, un appel au vote a \u00e9t\u00e9 lanc\u00e9 par\u00a0T\u00e9l\u00e9rama aupr\u00e8s des moins de\u00a026\u00a0ans pour \u00e9lire leur film pr\u00e9f\u00e9r\u00e9 de l\u2019ann\u00e9e int\u00e9gr\u00e9 \u00e0 la programmation du festival. Pr\u00e8s de sept mille\u00a0jeunes ont vot\u00e9\u2026 et bien vot\u00e9 puisque leur gagnant est Une bataille apr\u00e8s l\u2019autre, de Paul Thomas Anderson, \u00e9galement pl\u00e9biscit\u00e9 par les journalistes cin\u00e9ma de T\u00e9l\u00e9rama. Voici la s\u00e9lection compl\u00e8te.<\/p>\n<p>                                    Les meilleurs films de\u00a02025                                    <\/p>\n<p class=\"paragraph\"><strong>Une bataille apr\u00e8s l\u2019autre, de Paul Thomas Anderson<\/strong><\/p>\n<p class=\"paragraph\">La course d\u2019un ex-r\u00e9volutionnaire (Leonardo DiCaprio, g\u00e9nial) pour sauver sa fille enlev\u00e9e par un soldat fascisant. Le r\u00e9alisateur de <a target=\"_blank\" href=\"https:\/\/www.telerama.fr\/cinema\/films\/there-will-be-blood,333777.php\" rel=\"nofollow noopener\">There Will Be Blood<\/a> adapte Thomas Pynchon pour regarder l\u2019Am\u00e9rique dans les yeux. Et signer un divertissement splendide et profond, alarmant et dr\u00f4le.<\/p>\n<p class=\"edito__prefixe\">   Lire notre critique   <\/p>\n<p class=\"edito__text-container\">   r    <a alt=\"Lire notre critique\" href=\"https:\/\/www.telerama.fr\/cinema\/une-bataille-apres-l-autre-de-paul-thomas-anderson-un-spectacle-ebouriffant-et-truffe-de-clins-d-il-5817_cri-7040699.php\" class=\"article__title--edito\" rel=\"nofollow noopener\" target=\"_blank\">\u201cUne bataille apr\u00e8s l\u2019autre\u201d, de Paul Thomas Anderson\u00a0: un spectacle \u00e9bouriffant et truff\u00e9 de clins d\u2019\u0153il<\/a>  <\/p>\n<p class=\"paragraph\"><strong>La Petite Derni\u00e8re, de Hafsia Herzi<\/strong><\/p>\n<p class=\"paragraph\">Hafsia Herzi adapte le premier roman de Fatima Daas, r\u00e9cit \u00e9mouvant de l\u2019\u00e9mancipation d\u2019une adolescente lesbienne et musulmane. Un film d\u2019apprentissage tendre et tourbillonnant, qui r\u00e9v\u00e8le une jeune actrice remarquable, Nadia Melliti, Prix d\u2019interpr\u00e9tation \u00e0 Cannes\u00a02025.<\/p>\n<p class=\"edito__prefixe\">   Lire la critique   <\/p>\n<p class=\"edito__text-container\">   r    <a alt=\"Lire la critique\" href=\"https:\/\/www.telerama.fr\/cinema\/la-petite-derniere-d-hafsia-herzi-le-bouleversant-recit-de-l-emancipation-d-une-ado-lesbienne-et-musulmane-0621_cri-7041166.php\" class=\"article__title--edito\" rel=\"nofollow noopener\" target=\"_blank\">\u201cLa Petite Derni\u00e8re\u201d, d\u2019Hafsia Herzi\u00a0: le bouleversant r\u00e9cit de l\u2019\u00e9mancipation d\u2019une ado lesbienne et musulmane<\/a>  <\/p>\n<p class=\"paragraph\"><strong>Valeur sentimentale, de Joachim Trier<\/strong><\/p>\n<p class=\"paragraph\">Le r\u00e9alisateur de Julie (en douze chapitres) signe cette histoire puissante et subtile d\u2019une famille d\u00e9sunie, dont une com\u00e9dienne (Renate Reinsve) et son p\u00e8re, cin\u00e9aste (Stellan Skarsgard). Grand Prix au festival de Cannes.<\/p>\n<p class=\"edito__prefixe\">   Lire la critique   <\/p>\n<p class=\"edito__text-container\">   s    <a alt=\"Lire aussi\" href=\"https:\/\/www.telerama.fr\/cinema\/valeur-sentimentale-de-joachim-trier-une-bouleversante-histoire-de-famille-cruellement-desunie-1151_cri-7040234.php\" class=\"article__title--edito\" rel=\"nofollow noopener\" target=\"_blank\">\u201cValeur sentimentale\u201d, de Joachim Trier\u00a0: une bouleversante histoire de famille cruellement d\u00e9sunie<\/a>  <\/p>\n<p class=\"paragraph\"><strong>Sir\u00e2t, d\u2019Oliver Laxe<\/strong><\/p>\n<p class=\"paragraph\">Un p\u00e8re (Sergi Lopez) et son fils cherchent leur fille et s\u0153ur dans une free-party au pied de l\u2019Atlas. Le p\u00e9riple se mue en \u00e9lectrisant road-trip. Une aventure physique et m\u00e9taphysique, r\u00e9compens\u00e9e du Prix du jury \u00e0 Cannes.<\/p>\n<p class=\"edito__prefixe\">   Lire la critique   <\/p>\n<p class=\"edito__text-container\">   r    <a alt=\"Lire aussi\" href=\"https:\/\/www.telerama.fr\/cinema\/sirat-d-oliver-laxe-une-experience-hallucinante-entre-les-rave-partys-du-desert-marocain_cri-7040516.php\" class=\"article__title--edito\" rel=\"nofollow noopener\" target=\"_blank\">\u201cSir\u00e2t\u201d, d\u2019Oliver Laxe\u00a0: une exp\u00e9rience hallucinante entre les rave partys du d\u00e9sert marocain<\/a>  <\/p>\n<p class=\"paragraph\"><strong>The Brutalist, de Brady Corbet<\/strong><\/p>\n<p class=\"paragraph\">Un Juif rescap\u00e9 des camps (Adrian Brody) \u00e9migre aux \u00c9tats-Unis et se r\u00eave en h\u00e9raut de l\u2019architecture am\u00e9ricaine. Une fresque monumentale (trois heures trente-cinq, entracte compris), passionnante et d\u2019une ambition folle, tant sur le plan narratif qu\u2019esth\u00e9tique.<\/p>\n<p class=\"edito__prefixe\">   Lire la critique   <\/p>\n<p class=\"edito__text-container\">   s    <a alt=\"Lire la critique\" href=\"https:\/\/www.telerama.fr\/cinema\/the-brutalist-fresque-stupefiante-ou-assommante-demonstration-de-force-3306_cri-7036757.php\" class=\"article__title--edito\" rel=\"nofollow noopener\" target=\"_blank\">\u201cThe Brutalist\u201d, sur Canal+ : fresque stup\u00e9fiante ou assommante d\u00e9monstration de force\u00a0?<\/a>  <\/p>\n<p class=\"paragraph\"><strong>L\u2019Inconnu de la Grande Arche, de St\u00e9phane Demoustier<\/strong><\/p>\n<p class=\"paragraph\">Le r\u00e9alisateur de Borgo propose un \u00e9tonnant suspense architectural et existentiel \u00e0 travers le destin de l\u2019architecte danois qui a dessin\u00e9 l\u2019Arche de la D\u00e9fense, l\u2019un des grands travaux embl\u00e9matiques de la pr\u00e9sidence Mitterrand. Avec une reconstitution piquante du pouvoir \u00e0 l\u2019\u00e9poque.<\/p>\n<p class=\"edito__prefixe\">   Lire la critique   <\/p>\n<p class=\"edito__text-container\">   r    <a alt=\"Lire aussi\" href=\"https:\/\/www.telerama.fr\/cinema\/l-inconnu-de-la-grande-arche-de-stephane-demoustier-un-etonnant-suspense-architectural-et-existentiel-sous-mitterrand-4557_cri-7041357.php\" class=\"article__title--edito\" rel=\"nofollow noopener\" target=\"_blank\">\u201cL\u2019Inconnu de la Grande Arche\u201d, de St\u00e9phane Demoustier\u00a0: un \u00e9tonnant suspense architectural et existentiel sous Mitterrand<\/a>  <\/p>\n<p class=\"paragraph\"><strong>Amour \u2014 La Trilogie d\u2019Oslo, de Dag Johan Haugerud<\/strong><\/p>\n<p class=\"paragraph\">Dans ce deuxi\u00e8me volet de sa s\u00e9duisante \u00ab\u00a0Trilogie d\u2019Oslo\u00a0\u00bb, Dag Johan Haugerud explore les questions d\u2019amours, au pluriel, au pr\u00e9sent et au conditionnel. Et la capitale norv\u00e9gienne s\u2019inscrit en beaut\u00e9 sur la carte du Tendre.<\/p>\n<p class=\"edito__prefixe\">   Lire la critique   <\/p>\n<p class=\"edito__text-container\">   s    <a alt=\"Lire la critique\" href=\"https:\/\/www.telerama.fr\/cinema\/amour-le-rohmer-norvegien-poursuit-sa-trilogie-d-oslo-avec-un-conte-d-ete-solaire-et-choral_cri-7039775.php\" class=\"article__title--edito\" rel=\"nofollow noopener\" target=\"_blank\">\u201cAmour\u201d\u00a0: le Rohmer norv\u00e9gien poursuit sa \u201cTrilogie d\u2019Oslo\u201d avec un conte d\u2019\u00e9t\u00e9 solaire et choral<\/a>  <\/p>\n<p class=\"paragraph\"><strong>Un simple accident, de Jafar Panahi<\/strong><\/p>\n<p class=\"paragraph\">En Iran, un banal trajet en voiture m\u00e8ne \u00e0 un vertigineux engrenage quand Vahid enl\u00e8ve celui qu\u2019il croit \u00eatre son ex-bourreau, puis en doute\u2026 Un film politique haletant, tourn\u00e9 clandestinement, Palme d\u2019or m\u00e9rit\u00e9e au festival de Cannes.<\/p>\n<p class=\"edito__prefixe\">   Lire la critique   <\/p>\n<p class=\"edito__text-container\">   r    <a alt=\"Lire la critique\" href=\"https:\/\/www.telerama.fr\/cinema\/un-simple-accident-de-jafar-panahi-une-palme-d-or-a-la-portee-politique-essentielle-0139_cri-7040823.php\" class=\"article__title--edito\" rel=\"nofollow noopener\" target=\"_blank\">\u201cUn simple accident\u201d, de Jafar Panahi\u00a0: une Palme d\u2019or \u00e0 la port\u00e9e politique essentielle<\/a>  <\/p>\n<p class=\"paragraph\"><strong>Miroirs n\u00b03, de Christian Petzold<\/strong><\/p>\n<p class=\"paragraph\">Une jeune accident\u00e9e (Paula Beer, fascinante) est recueillie par une inconnue dans sa maison, havre de paix. \u00c9motions subtiles, rires fous\u00a0: un r\u00e9cit de r\u00e9paration, entre r\u00e9bus et po\u00e8me, qui reste dans le c\u0153ur.<\/p>\n<p class=\"edito__prefixe\">   Lire la critique   <\/p>\n<p class=\"edito__text-container\">   r    <a alt=\"Lire aussi\" href=\"https:\/\/www.telerama.fr\/cinema\/miroirs-no-3-de-christian-petzold-un-beau-conte-allemand-qui-reste-dans-le-c-ur-3556_cri-7040312.php\" class=\"article__title--edito\" rel=\"nofollow noopener\" target=\"_blank\">\u201cMiroirs no. 3\u201d, de\u00a0Christian Petzold\u00a0: un beau conte allemand qui reste dans le c\u0153ur<\/a>  <\/p>\n<p class=\"paragraph\"><strong>Black Dog, de Hu Guan<\/strong><\/p>\n<p class=\"paragraph\">Ce m\u00e9lange de satire sociale et de western apocalyptique dans le nord de la Chine \u00ab\u00a0nettoy\u00e9\u00a0\u00bb par les autorit\u00e9s r\u00e9invente le Far West dans le d\u00e9sert de Gobi. Impressionnant.<\/p>\n<p class=\"edito__prefixe\">   Lire la critique   <\/p>\n<p class=\"edito__text-container\">   r    <a alt=\"Lire la critique\" href=\"https:\/\/www.telerama.fr\/cinema\/avec-black-dog-hu-guan-reinvente-le-far-west-dans-le-desert-chinois_cri-7037157.php\" class=\"article__title--edito\" rel=\"nofollow noopener\" target=\"_blank\">Avec \u201cBlack Dog\u201d, Guan Hu r\u00e9invente le Far West dans le d\u00e9sert chinois<\/a>  <\/p>\n<p class=\"paragraph\"><strong>Nino, de Pauline Loqu\u00e8s<\/strong><\/p>\n<p class=\"paragraph\">Un jeune homme (Th\u00e9odore Pellerin, magn\u00e9tique) apprend qu\u2019il est atteint d\u2019un cancer. Puis d\u00e9ambule dans Paris, voit sa m\u00e8re, ses amis\u2026 Un beau portrait doubl\u00e9 d\u2019une poignante ode \u00e0 la vie.<\/p>\n<p class=\"edito__prefixe\">   Lire la critique   <\/p>\n<p class=\"edito__text-container\">   r    <a alt=\"Lire aussi\" href=\"https:\/\/www.telerama.fr\/cinema\/nino-de-pauline-loques-une-poignante-ode-a-la-vie-4026_cri-7040607.php\" class=\"article__title--edito\" rel=\"nofollow noopener\" target=\"_blank\">\u201cNino\u201d, de Pauline Loqu\u00e8s\u00a0: une poignante ode \u00e0 la vie<\/a>  <\/p>\n<p class=\"paragraph\"><strong>M\u00e9moires d\u2019un escargot, d\u2019Adam Elliot<\/strong><\/p>\n<p class=\"paragraph\">Grace l\u2019orpheline australienne sortira-t-elle un jour de sa coquille\u00a0? Ce film d\u2019animation poignant (qui ne s\u2019adresse pas aux enfants), porte haut son esth\u00e9tique de la d\u00e9pression. Un conte en p\u00e2te \u00e0 modeler p\u00e9tri d\u2019humanit\u00e9.<\/p>\n<p class=\"edito__prefixe\">   Lire la critique   <\/p>\n<p class=\"edito__text-container\">   s    <a alt=\"Lire la critique\" href=\"https:\/\/www.telerama.fr\/cinema\/memoires-d-un-escargot-d-adam-elliot-un-conte-en-pate-a-modeler-petri-d-humanite_cri-7036294.php\" class=\"article__title--edito\" rel=\"nofollow noopener\" target=\"_blank\">\u201cM\u00e9moires d\u2019un escargot\u201d d\u2019Adam Elliot\u00a0: un conte en p\u00e2te \u00e0 modeler p\u00e9tri d\u2019humanit\u00e9<\/a>  <\/p>\n<p class=\"paragraph\"><strong>L\u2019Agent secret, de Kleber Mendon\u00e7a Filho<\/strong><\/p>\n<p class=\"paragraph\">Le cin\u00e9aste br\u00e9silien raconte l\u2019\u00e9poque t\u00e9n\u00e9breuse de la dictature militaire comme dans un film d\u2019espionnage, \u00e0 travers le parcours tragique d\u2019un superbe h\u00e9ros. Cette fresque puissante est repartie de Cannes avec un prix d\u2019interpr\u00e9tation pour Wagner Moura et un prix de la mise en sc\u00e8ne incontestables.<\/p>\n<p class=\"edito__prefixe\">   \u00c0 lire aussi :   <\/p>\n<p class=\"edito__text-container\">   <a alt=\"Lire aussi\" href=\"https:\/\/www.telerama.fr\/cinema\/cannes-2025-avec-le-puissant-l-agent-secret-kleber-mendonca-filho-explore-le-passe-et-le-present-du-bresil-7025721.php\" class=\"article__title--edito\" rel=\"nofollow noopener\" target=\"_blank\">Cannes\u00a0: avec le puissant \u201cL\u2019Agent secret\u201d, Kleber Mendon\u00e7a Filho explore le pass\u00e9 et le pr\u00e9sent du Br\u00e9sil<\/a>  <\/p>\n<p class=\"paragraph\"><strong>Nouvelle Vague, de Richard Linklater<\/strong><\/p>\n<p class=\"paragraph\">Godard, Truffaut, Jean Seberg et les autres, tr\u00e8s justement incarn\u00e9s, reprennent vie dans ce film a\u00e9rien sur le tournage d\u2019\u00c0 bout de souffle. Une histoire dont la magie nous revient avec libert\u00e9 et l\u00e9g\u00e8ret\u00e9, \u00e9l\u00e9gance et intelligence.<\/p>\n<p class=\"edito__prefixe\">   Lire la critique   <\/p>\n<p class=\"edito__text-container\">   r    <a alt=\"Lire la critique\" href=\"https:\/\/www.telerama.fr\/cinema\/nouvelle-vague-de-richard-linklater-hommage-vibrant-a-godard-ou-reconstitution-depourvue-d-imagination-5106_cri-7040933.php\" class=\"article__title--edito\" rel=\"nofollow noopener\" target=\"_blank\">\u201cNouvelle Vague\u201d, de Richard Linklater\u00a0: hommage vibrant \u00e0 Godard ou reconstitution d\u00e9pourvue d\u2019imagination\u00a0?<\/a>  <\/p>\n<p class=\"paragraph\"><strong>Je suis toujours l\u00e0, de Walter Salles<\/strong><\/p>\n<p class=\"paragraph\">Au Br\u00e9sil, sous la dictature militaire, le combat contre l\u2019oubli d\u2019Eunice Paiva apr\u00e8s l\u2019enl\u00e8vement de son mari, ex-d\u00e9put\u00e9 progressiste. Avec son parti pris classiquement sentimental, cette chronique familiale a boulevers\u00e9 tout un pays et, au-del\u00e0, le monde entier.<\/p>\n<p class=\"edito__prefixe\">   Lire la critique   <\/p>\n<p class=\"edito__text-container\">   r    <a alt=\"Lire la critique\" href=\"https:\/\/www.telerama.fr\/cinema\/je-suis-toujours-la-bouleversante-chronique-familiale-de-walter-salles_cri-7036293.php\" class=\"article__title--edito\" rel=\"nofollow noopener\" target=\"_blank\">\u201cJe suis toujours l\u00e0\u201d, bouleversante chronique familiale de Walter Salles<\/a>  <\/p>\n<p class=\"paragraph\"><strong>Partir un jour, d\u2019Am\u00e9lie Bonnin<\/strong><\/p>\n<p class=\"paragraph\">Une cheffe cuisini\u00e8re retrouve sa petite ville d\u2019ado, son p\u00e8re fatigu\u00e9, son premier amour\u2026 L\u2019intensit\u00e9 affleure sous la cocasserie et \u00e0 travers les chansons populaires dans cette com\u00e9die douce-am\u00e8re o\u00f9 Juliette Armanet et Bastien Bouillon composent un duo irr\u00e9sistible.<\/p>\n<p class=\"edito__prefixe\">   Lire notre critique   <\/p>\n<p class=\"edito__text-container\">   r    <a alt=\"Lire notre critique\" href=\"https:\/\/www.telerama.fr\/cinema\/partir-un-jour-bastien-bouillon-et-juliette-armanet-duo-irresistible-dans-une-comedie-douce-amere-1340_cri-7038743.php\" class=\"article__title--edito\" rel=\"nofollow noopener\" target=\"_blank\">\u201cPartir un jour\u201d\u00a0: Bastien Bouillon et Juliette Armanet, duo irr\u00e9sistible dans une com\u00e9die douce-am\u00e8re<\/a>  <\/p>\n<p>                                        Le coup de c\u0153ur des moins de 26\u00a0ans                                    <\/p>\n<p class=\"paragraph\"><strong>Une bataille apr\u00e8s l\u2019autre, de Paul Thomas Anderson<\/strong><\/p>\n<p>                   APPLICATION     L&rsquo;application T\u00e9l\u00e9rama   <\/p>\n<p>Articles, critiques, guide plateformes ou programme TV, am\u00e9liorez votre exp\u00e9rience en t\u00e9l\u00e9chargeant l&rsquo;application<\/p>\n<p class=\"paragraph\">La course d\u2019un ex-r\u00e9volutionnaire (Leonardo DiCaprio, g\u00e9nial) pour sauver sa fille enlev\u00e9e par un soldat fascisant. Le r\u00e9alisateur de There Will Be Blood adapte Thomas Pynchon pour regarder l\u2019Am\u00e9rique dans les yeux. Et signer un divertissement splendide et profond, alarmant et dr\u00f4le.<\/p>\n<p>                                    Les films en avant-premi\u00e8re                                    <\/p>\n<p class=\"paragraph\"><strong>\u00c0 pied d\u2019\u0153uvre, de Val\u00e9rie Donzelli<\/strong><\/p>\n<p class=\"paragraph\">rUn photographe gagnant bien sa vie d\u00e9cide tout arr\u00eater pour se consacrer \u00e0 l\u2019\u00e9criture, au risque de la pr\u00e9carit\u00e9 sociale. Une adaptation sensible et \u00e9mouvante du roman autobiographique de Franck Court\u00e8s, port\u00e9e par le toujours impeccable Bastien Bouillon.<\/p>\n<p class=\"paragraph\"><strong>Baise-en-ville, de Martin Jauvat<\/strong><\/p>\n<p class=\"paragraph\">rUn jeune \u00ab\u00a0Tanguy\u00a0\u00bb trouve un travail de nettoyeur de soir\u00e9es en grande banlieue parisienne. Probl\u00e8me\u00a0: il n\u2019a pas le permis de conduire\u2026 Avec un beau casting (Emmanuelle Bercot en monitrice d\u2019auto-\u00e9cole franche du collier, S\u00e9bastien Chassagne, William Lebghil ou encore Michel Hazanavicius), Martin Jauvat nous r\u00e9gale de ses trouvailles d\u00e9sopilantes.<\/p>\n<p class=\"edito__prefixe\">   \u00c0 lire aussi :   <\/p>\n<p class=\"edito__text-container\">   <a alt=\"Lire aussi\" href=\"https:\/\/www.telerama.fr\/cinema\/avant-premiere-decouvrez-les-bandes-annonces-de-baise-en-ville-comedie-stylee-de-martin-jauvat-7026656.php\" class=\"article__title--edito\" rel=\"nofollow noopener\" target=\"_blank\">Avant-premi\u00e8re\u00a0: d\u00e9couvrez les bandes-annonces de \u201cBaise-en-ville\u201d, com\u00e9die styl\u00e9e de Martin Jauvat<\/a>  <\/p>\n<p class=\"paragraph\"><strong>Le G\u00e2teau du pr\u00e9sident, de Hasan Hadi<\/strong><\/p>\n<p class=\"paragraph\">rEn Irak, dans les ann\u00e9es\u00a01990, une coutume obligeait des \u00e9coliers tir\u00e9s au sort \u00e0 pr\u00e9parer un g\u00e2teau en l\u2019honneur de Saddam Hussein. Cela tombe sur une petite fille de 9\u00a0ans, sans le sou, qui part en ville pour tenter de trouver les ingr\u00e9dients\u2026 Dans l\u2019esprit d\u2019<a target=\"_blank\" href=\"https:\/\/www.telerama.fr\/cinema\/films\/ou-est-la-maison-de-mon-ami,17248.php\" rel=\"nofollow noopener\">O\u00f9 est la maison de mon ami\u00a0?<\/a>\u00a0(1987), d\u2019Abbas Kiarostami, cette belle fable sociale, Cam\u00e9ra d\u2019or \u00e0 Cannes, d\u00e9crit la terrible r\u00e9alit\u00e9 du r\u00e9gime avec une vivacit\u00e9 \u00e9cartant tout mis\u00e9rabilisme.<\/p>\n<p class=\"paragraph\"><strong>Promis le ciel, d\u2019Erige\u00a0Sehiri<\/strong><\/p>\n<p class=\"paragraph\">rTrois Ivoiriennes\u00a0\u2014 une pasteure \u00e9vang\u00e9lique, une \u00e9tudiante, une jeune m\u00e8re contrainte de laisser sa fille au pays\u00a0\u2014 tentent de trouver leur place dans une Tunisie de plus en plus hostile aux immigr\u00e9s venus d\u2019Afrique noire. Trois beaux portraits de femmes, superbement incarn\u00e9s par A\u00efssa Ma\u00efga, L\u00e6titia Ky et la r\u00e9v\u00e9lation Deborah Lobe Naney, dans un film choral plein de vitalit\u00e9 et d\u2019\u00e9motion.<\/p>\n<p class=\"edito__prefixe\">   \u00c0 lire aussi :   <\/p>\n<p class=\"edito__text-container\">   <a alt=\"Lire aussi\" href=\"https:\/\/www.telerama.fr\/cinema\/aissa-maiga-dans-promis-le-ciel-a-cannes-c-etait-un-tournage-discret-l-evangelisme-n-est-pas-autorise-en-tunisie-7025674.php\" class=\"article__title--edito\" rel=\"nofollow noopener\" target=\"_blank\">A\u00efssa Ma\u00efga dans \u201cPromis le ciel\u201d, \u00e0 Cannes\u00a0: \u201cC\u2019\u00e9tait un tournage discret, l\u2019\u00e9vang\u00e9lisme n\u2019est pas autoris\u00e9 en Tunisie\u201d<\/a>  <\/p>\n<p class=\"paragraph\"><strong>The Mastermind, de Kelly Reichardt<\/strong><\/p>\n<p class=\"paragraph\">rDans les \u00c9tats-Unis tourment\u00e9s du d\u00e9but des ann\u00e9es\u00a01970, un ancien \u00e9tudiant en art devenu menuisier monte un plan pour cambrioler un mus\u00e9e. Josh O\u2019Connor pr\u00eate son charme magique \u00e0 cet antih\u00e9ros \u00e9go\u00efste, dans un r\u00e9cit qui prend le temps de surprendre. Et d\u00e9construit <a target=\"_blank\" href=\"https:\/\/www.telerama.fr\/cinema\/cannes-2025-kelly-reichardt-s-amuse-a-deconstruire-le-film-de-casse-avec-the-mastermind-7025840.php\" rel=\"nofollow noopener\">avec malice le film de casse<\/a>.<\/p>\n<p class=\"paragraph\"><strong>Urchin, de Harris Dickinson<\/strong><\/p>\n<p class=\"paragraph\">rPour son premier long m\u00e9trage derri\u00e8re la cam\u00e9ra, l\u2019acteur <a target=\"_blank\" href=\"https:\/\/www.telerama.fr\/cinema\/de-sans-filtre-a-babygirl-harris-dickinson-un-fichu-beau-gosse-mais-pas-que-0043-7023939.php\" rel=\"nofollow noopener\">Harris Dickinson<\/a> (Sans filtre, Babygirl) impose, d\u2019embl\u00e9e, un talent de mise en sc\u00e8ne immersive pour suivre, \u00e0 la mani\u00e8re d\u2019un Ken Loach ou d\u2019un Mike Leigh en herbe, les tentatives d\u00e9sesp\u00e9r\u00e9es d\u2019un jeune SDF toxico pour sortir de la pauvret\u00e9. Frank Dillane, qui l\u2019incarne, n\u2019a pas vol\u00e9 son prix d\u2019interpr\u00e9tation \u00e0 Un certain regard.<\/p>\n<p class=\"paragraph\"><strong>La Vie apr\u00e8s Siham, de Namir Abdel-Messeeh<\/strong><\/p>\n<p class=\"paragraph\">r\u00c0 la mort de sa m\u00e8re, le r\u00e9alisateur part \u00e0 la d\u00e9couverte de l\u2019histoire de ses parents \u00e9gyptiens, venus en France dans les ann\u00e9es\u00a01970. Un documentaire sensible et dr\u00f4le sur la m\u00e9moire familiale et sur l\u2019exil, qui fait joliment \u00e9cho au cin\u00e9ma du regrett\u00e9 Youssef Chahine, dont on c\u00e9l\u00e9brera le centenaire le\u00a025\u00a0janvier 2026.<\/p>\n<p>                                    Les s\u00e9ances sp\u00e9ciales                                    <\/p>\n<p class=\"paragraph\">Certains cin\u00e9mas proposent des s\u00e9ances suivies de la retransmission d\u2019une rencontre avec l\u2019\u00e9quipe du film et un\u00b7e journaliste de T\u00e9l\u00e9rama, qui se tient en direct au cin\u00e9ma Le Balzac, \u00e0 Paris. Ces s\u00e9ances offrent aux spectateurs la possibilit\u00e9 de poser aux \u00e9quipes du film des questions par SMS.<\/p>\n<p class=\"paragraph\"><strong>Baise-en-ville, de Martin Jauvat\u00a0: <\/strong>mercredi 21\u00a0janvier \u00e0 20h30, en pr\u00e9sence de Martin Jauvat, Michel Hazanavicius, Ana\u00efde Rozam et, sous r\u00e9serve, Emmanuelle Bercot.<\/p>\n<p class=\"paragraph\"><strong>The Mastermind, de Kelly Reichardt\u00a0: <\/strong>jeudi 22\u00a0janvier \u00e0 20h, en pr\u00e9sence de Kelly Reichardt.<\/p>\n<p class=\"paragraph\"><strong>Promis le ciel, d\u2019Erige Sehiri\u00a0: <\/strong>vendredi 23\u00a0janvier \u00e0 20h30, en pr\u00e9sence d\u2019A\u00efssa Ma\u00efga et Erige Sehiri.<\/p>\n<p class=\"paragraph\"><strong>La Vie apr\u00e8s Siham, <\/strong>de Namir Abdel-Messeeh\u00a0:<strong> <\/strong>samedi 24\u00a0janvier \u00e0 17h, en pr\u00e9sence de\u00a0Namir Abdel-Messeeh.<\/p>\n<p class=\"paragraph\"><strong>Urchin, de Harris Dickinson\u00a0: <\/strong>samedi 24\u00a0janvier \u00e0 20h, en pr\u00e9sence de Megan Northam et Harris Dickinson.<\/p>\n<p class=\"paragraph\"><strong>\u00c0 pied d\u2019\u0153uvre, de Val\u00e9rie Donzelli\u00a0:<\/strong> dimanche 25\u00a0janvier \u00e0 16h, en pr\u00e9sence de Val\u00e9rie Donzelli et Bastien Bouillon.<\/p>\n<p class=\"paragraph\"><strong>Le G\u00e2teau du pr\u00e9sident, de Hasan Hadi\u00a0: <\/strong>mardi 27\u00a0janvier \u00e0 20h, en pr\u00e9sence de Hasan Hadi.<\/p>\n<p>        <img decoding=\"async\" class=\"snippet-generic__img\" src=\"https:\/\/www.europesays.com\/fr\/wp-content\/uploads\/2025\/11\/fcc1d12_upload-1-4iakgcnwux6o-sbipetfct.png\"\/><\/p>\n<p class=\"snippet-generic__title\">Festival Cin\u00e9ma T\u00e9l\u00e9rama 2026<\/p>\n<p class=\"snippet-generic__text\">Du 21 au 27 janvier, T\u00e9l\u00e9rama vous invite \u00e0 (re)voir les meilleurs films de 2025, ainsi que sept films en avant-premi\u00e8re, pour 4 euros. <\/p>\n<p>    <a href=\"https:\/\/festivals.telerama.fr\/\" rel=\"nofollow noopener\" target=\"_blank\"><\/p>\n<p>            Toutes les informations ici<\/p>\n<p>    <\/a><\/p>\n","protected":false},"excerpt":{"rendered":"Demandez le programme\u00a0! Le Festival cin\u00e9ma T\u00e9l\u00e9rama revient en janvier, l\u2019occasion de revoir nos films pr\u00e9f\u00e9r\u00e9s de l\u2019ann\u00e9e&hellip;\n","protected":false},"author":2,"featured_media":542582,"comment_status":"","ping_status":"","sticky":false,"template":"","format":"standard","meta":{"footnotes":""},"categories":[1354],"tags":[58,59,1346,1011,27,1360],"class_list":{"0":"post-542581","1":"post","2":"type-post","3":"status-publish","4":"format-standard","5":"has-post-thumbnail","7":"category-films","8":"tag-divertissement","9":"tag-entertainment","10":"tag-films","11":"tag-fr","12":"tag-france","13":"tag-movies"},"share_on_mastodon":{"url":"https:\/\/pubeurope.com\/@fr\/115571039259806312","error":""},"_links":{"self":[{"href":"https:\/\/www.europesays.com\/fr\/wp-json\/wp\/v2\/posts\/542581","targetHints":{"allow":["GET"]}}],"collection":[{"href":"https:\/\/www.europesays.com\/fr\/wp-json\/wp\/v2\/posts"}],"about":[{"href":"https:\/\/www.europesays.com\/fr\/wp-json\/wp\/v2\/types\/post"}],"author":[{"embeddable":true,"href":"https:\/\/www.europesays.com\/fr\/wp-json\/wp\/v2\/users\/2"}],"replies":[{"embeddable":true,"href":"https:\/\/www.europesays.com\/fr\/wp-json\/wp\/v2\/comments?post=542581"}],"version-history":[{"count":0,"href":"https:\/\/www.europesays.com\/fr\/wp-json\/wp\/v2\/posts\/542581\/revisions"}],"wp:featuredmedia":[{"embeddable":true,"href":"https:\/\/www.europesays.com\/fr\/wp-json\/wp\/v2\/media\/542582"}],"wp:attachment":[{"href":"https:\/\/www.europesays.com\/fr\/wp-json\/wp\/v2\/media?parent=542581"}],"wp:term":[{"taxonomy":"category","embeddable":true,"href":"https:\/\/www.europesays.com\/fr\/wp-json\/wp\/v2\/categories?post=542581"},{"taxonomy":"post_tag","embeddable":true,"href":"https:\/\/www.europesays.com\/fr\/wp-json\/wp\/v2\/tags?post=542581"}],"curies":[{"name":"wp","href":"https:\/\/api.w.org\/{rel}","templated":true}]}}