{"id":542583,"date":"2025-11-18T13:54:13","date_gmt":"2025-11-18T13:54:13","guid":{"rendered":"https:\/\/www.europesays.com\/fr\/542583\/"},"modified":"2025-11-18T13:54:13","modified_gmt":"2025-11-18T13:54:13","slug":"les-industriels-jurent-quil-est-inoffensif-pourtant-cet-aliment-adore-des-francais-peut-detruire-la-sante","status":"publish","type":"post","link":"https:\/\/www.europesays.com\/fr\/542583\/","title":{"rendered":"Les industriels jurent qu\u2019il est inoffensif\u2026 Pourtant, cet aliment ador\u00e9 des Fran\u00e7ais peut d\u00e9truire la sant\u00e9"},"content":{"rendered":"<p><strong>Symbole de l&rsquo;enfance, compagnon des petits-d\u00e9jeuners d&rsquo;hiver et star incontest\u00e9e de la tartine, le lait occupe une place de choix dans la culture fran\u00e7aise. Pourtant, derri\u00e8re ce liquide immacul\u00e9 que l&rsquo;on croit inoffensif, le doute s&rsquo;insinue peu \u00e0 peu. Le temps est-il venu de lever le voile sur les v\u00e9ritables effets du lait sur la sant\u00e9 des Fran\u00e7ais ?<\/strong><\/p>\n<p>La France, terre de lait : une idylle s\u00e9culaire menac\u00e9e<\/p>\n<p>Impossible de parler alimentation tricolore sans \u00e9voquer <strong>le lait et ses innombrables avatars<\/strong> \u2013 yaourts, fromages, cr\u00e8mes ou simples verres de lait chaud les soirs de novembre. Qu&rsquo;il s&rsquo;agisse de pommes dauphine, de fondue savoyarde ou de riz au lait, cet aliment repr\u00e9sente une toile de fond essentielle de la gastronomie hexagonale.<\/p>\n<p><strong>Le lait s&rsquo;est hiss\u00e9 au rang de patrimoine national<\/strong> : chaque g\u00e9n\u00e9ration perp\u00e9tue le rituel du bol au r\u00e9veil, du go\u00fbter tremp\u00e9 ou des desserts lact\u00e9s partag\u00e9s en famille, surtout quand le froid et les premiers brouillards installent leur royaume.<\/p>\n<p>Mais ce succ\u00e8s populaire n&rsquo;a rien d&rsquo;un hasard. Les campagnes publicitaires ont fa\u00e7onn\u00e9, ann\u00e9e apr\u00e8s ann\u00e9e, une image quasi sacr\u00e9e du lait. On le pr\u00e9sente comme le meilleur alli\u00e9 de la croissance, garant de l&rsquo;\u00e9nergie des sportifs et m\u00eame complice des petits plaisirs r\u00e9gressifs. Cependant, cette omnipr\u00e9sence pourrait bien masquer certaines v\u00e9rit\u00e9s moins reluisantes.<\/p>\n<p>Le lait, bonne \u00e9toile ou fausse promesse nutritionnelle ?<\/p>\n<p>Sur le papier, <strong>le lait r\u00e9unit de nombreux nutriments essentiels<\/strong> : calcium, prot\u00e9ines, vitamines (notamment B2 et D) et min\u00e9raux. Cette composition compl\u00e8te a longtemps justifi\u00e9 sa place centrale dans nos assiettes, de la maternelle jusqu&rsquo;\u00e0 la maison de retraite.<\/p>\n<p>Mais la r\u00e9alit\u00e9 est souvent plus nuanc\u00e9e. Avec l&rsquo;\u00e2ge, nombre de Fran\u00e7ais d\u00e9veloppent des difficult\u00e9s \u00e0 dig\u00e9rer ce fameux lait de vache. <strong>L&rsquo;assimilation des nutriments n&rsquo;est pas toujours optimale<\/strong>, selon la constitution de chacun. Entre ceux qui dig\u00e8rent parfaitement et ceux dont le ventre fait grise mine, la promesse d&rsquo;un aliment universel ne tient pas toujours ses engagements.<\/p>\n<p>Ces derni\u00e8res ann\u00e9es, de nouvelles voix s&rsquo;\u00e9l\u00e8vent, \u00e9branlant les certitudes. Loin des discours monolithiques de l&rsquo;industrie, le d\u00e9bat s&rsquo;enrichit d&rsquo;opinions divergentes qui obligent \u00e0 reconsid\u00e9rer les effets de cette boisson si famili\u00e8re.<\/p>\n<p>Quand les corps trinquent : l&rsquo;autre visage des produits laitiers<\/p>\n<p>Pour une partie de la population, <strong>le lait rime avec petits d\u00e9sagr\u00e9ments quotidiens<\/strong>. L&rsquo;intol\u00e9rance au lactose, ce sucre naturellement pr\u00e9sent, fait souffrir pr\u00e8s d&rsquo;un adulte sur trois en France, provoquant ballonnements, crampes abdominales et troubles digestifs. D&rsquo;autres personnes peuvent d\u00e9velopper des r\u00e9actions allergiques, aussi impr\u00e9visibles que g\u00eanantes.<\/p>\n<p>C\u00f4t\u00e9 maladies chroniques, le lait ne suscite plus le m\u00eame enthousiasme. La science continue de s&rsquo;interroger : probl\u00e8me d&rsquo;acn\u00e9 \u00e0 l&rsquo;adolescence, douleurs articulaires, inflammations\u2026 <strong>Certains sp\u00e9cialistes avancent que la consommation excessive de lait pourrait accentuer certains troubles ou les entretenir de mani\u00e8re insidieuse<\/strong>. Les \u00e9tudes, nombreuses et parfois contradictoires, maintiennent le doute et divisent les m\u00e9nages\u2026 au moment m\u00eame o\u00f9 le bol de chocolat chaud r\u00e9conforte les soir\u00e9es de novembre.<\/p>\n<p>Le paradoxe du calcium : ami des os ou saboteur silencieux ?<\/p>\n<p>Grande promesse du lait, le calcium est vant\u00e9 depuis des g\u00e9n\u00e9rations comme protecteur ind\u00e9fectible de nos os. On se souvient tous de ces spots publicitaires vantant la solidit\u00e9 du squelette ou la pr\u00e9vention de l&rsquo;ost\u00e9oporose gr\u00e2ce au lait. Pourtant, les choses sont loin d&rsquo;\u00eatre aussi simples.<\/p>\n<p><strong>Des fractures et des fragilit\u00e9s osseuses persistent en France<\/strong>, pays grand consommateur de laitages. Le fameux \u00ab\u00a0verre de lait pour des os solides\u00a0\u00bb commence \u00e0 c\u00e9der du terrain face \u00e0 d&rsquo;autres facteurs : alimentation globale, exercice physique, pr\u00e9dispositions g\u00e9n\u00e9tiques\u2026 L&rsquo;\u00e9quation sant\u00e9 n&rsquo;est pas aussi binaire qu&rsquo;on nous l&rsquo;a laiss\u00e9 croire.<\/p>\n<p>Le duel entre calcium laitier et alternatives v\u00e9g\u00e9tales bat son plein : choux, amandes, graines de s\u00e9same ou boissons enrichies offrent d\u00e9sormais une concurrence inattendue au lait. <strong>L&rsquo;organisme assimile-t-il mieux le calcium v\u00e9g\u00e9tal ?<\/strong> Le d\u00e9bat reste ouvert, mais l&rsquo;\u00e9ventail des options, lui, ne cesse de s&rsquo;\u00e9largir.<\/p>\n<p>Lobbying, publicit\u00e9 et confusion : qui profite vraiment de la \u00ab\u00a0blancheur\u00a0\u00bb ?<\/p>\n<p>Derri\u00e8re chaque verre de lait consomm\u00e9, <strong>l&rsquo;industrie laiti\u00e8re d\u00e9ploie des tr\u00e9sors d&rsquo;imagination<\/strong> pour pr\u00e9server sa place de num\u00e9ro un. Difficile de passer \u00e0 c\u00f4t\u00e9 des posters p\u00e9dagogiques dans les \u00e9coles, des jeux concours \u00e0 la t\u00e9l\u00e9vision ou du marketing cibl\u00e9 sur les familles d\u00e9sireuses de bien nourrir leurs enfants.<\/p>\n<p>Ce matraquage entretient la confusion : difficile de s&rsquo;y retrouver entre la tradition, les arguments de sant\u00e9 et les int\u00e9r\u00eats \u00e9conomiques. <strong>La blancheur du lait, c&rsquo;est aussi un business d&rsquo;envergure<\/strong>, g\u00e9n\u00e9rateur d&#8217;emplois et moteur d&rsquo;exportations. Sortir du mod\u00e8le laitier questionne toute une cha\u00eene, des producteurs aux industriels\u2026 et jusqu&rsquo;\u00e0 nos propres habitudes. Une remise en question souvent inconfortable, mais salutaire pour qui aspire \u00e0 s&rsquo;informer et consommer autrement.<\/p>\n<p>L&rsquo;image rassurante, r\u00e9alit\u00e9 \u00e9conomique<\/p>\n<p>Bien plus qu&rsquo;une simple denr\u00e9e, <strong>le lait cristallise un imaginaire collectif<\/strong> : innocence, abondance, transmission\u2026 Or, derri\u00e8re ce conte rural, la r\u00e9alit\u00e9 \u00e9conomique impose d&rsquo;autres logiques. Faire perdurer le mythe, c&rsquo;est aussi pr\u00e9server un march\u00e9 de plusieurs milliards d&rsquo;euros chaque ann\u00e9e. Pas \u00e9tonnant que la r\u00e9sistance soit parfois farouche face \u00e0 l&rsquo;\u00e9mergence de nouvelles alternatives.<\/p>\n<p>R\u00e9inventer nos habitudes : alternatives et nouveaux horizons<\/p>\n<p>Depuis quelques ann\u00e9es, <strong>l&rsquo;hiver r\u00e9sonne avec boissons chaudes v\u00e9g\u00e9tales, laits d&rsquo;amande ou d&rsquo;avoine, riz au lait revisit\u00e9 sans lactose<\/strong>. Les Fran\u00e7ais explorent d&rsquo;autres horizons, bousculant les traditions avec inventivit\u00e9, sans perdre de vue le plaisir gourmand : gratins fondants avec b\u00e9chamel \u00e0 la noisette, chocolat chaud au lait d&rsquo;avoine, desserts cr\u00e9meux \u00e0 base de coco\u2026 L&rsquo;imagination culinaire ne conna\u00eet d\u00e9cid\u00e9ment pas la crise.<\/p>\n<p>Ces alternatives s\u00e9duisent par leur l\u00e9g\u00e8ret\u00e9 et leur digestibilit\u00e9. Elles offrent aussi la possibilit\u00e9 de <strong>red\u00e9couvrir des saveurs oubli\u00e9es et de varier les apports nutritionnels<\/strong>. Certains y voient m\u00eame une mani\u00e8re de renouer avec la nature, en accord avec les saisons et le respect de l&rsquo;environnement.<\/p>\n<p> Changer sans renoncer<\/p>\n<p>Rien n&rsquo;oblige \u00e0 faire table rase des traditions. <strong>\u00c0 l&rsquo;approche des f\u00eates, pourquoi ne pas r\u00e9inventer la b\u00fbche ou les cr\u00eapes familiales en version v\u00e9g\u00e9tale<\/strong> ? Le plaisir d&rsquo;un bon plat r\u00e9side souvent davantage dans le partage et la cr\u00e9ativit\u00e9 que dans la fid\u00e9lit\u00e9 \u00e0 une recette s\u00e9culaire. C&rsquo;est aussi l&rsquo;occasion de rassembler petits et grands autour de d\u00e9couvertes gourmandes qui surprennent le palais.<\/p>\n<p>Le lait en question, la sant\u00e9 en action : que faire demain ?<\/p>\n<p>La remise en question du lait n&rsquo;est ni une rupture brutale, ni une condamnation sans appel. C&rsquo;est au contraire l&rsquo;opportunit\u00e9 de <strong>r\u00e9fl\u00e9chir \u00e0 nos choix alimentaires et d&rsquo;explorer, pas \u00e0 pas, des alternatives b\u00e9n\u00e9fiques pour la sant\u00e9 et la plan\u00e8te<\/strong>. Si beaucoup d&rsquo;interrogations subsistent quant aux effets pr\u00e9cis du lait sur l&rsquo;organisme, un constat s&rsquo;impose : nous sommes tous diff\u00e9rents face \u00e0 sa digestion et son assimilation.<\/p>\n<p><strong>Quelques conseils pour repenser sa consommation<\/strong> :<\/p>\n<ul>\n<li>\u00c9couter son corps : digestion difficile, ballonnements ? Il est peut-\u00eatre temps d&rsquo;all\u00e9ger la dose ou de tester d&rsquo;autres options.<\/li>\n<li>Privil\u00e9gier la vari\u00e9t\u00e9 : alterner entre lait animal et boissons v\u00e9g\u00e9tales, adopter les produits ferment\u00e9s pour limiter les inconforts.<\/li>\n<li>Redoubler de gourmandise : revisiter les classiques avec des ingr\u00e9dients in\u00e9dits, profiter des saveurs de saison et s&rsquo;ouvrir aux alternatives ultralocales.<\/li>\n<li>Garder l&rsquo;esprit critique : ne pas tomber dans les exc\u00e8s, mais s&rsquo;informer et adapter son alimentation \u00e0 ses besoins et \u00e0 son mode de vie.<\/li>\n<\/ul>\n<p>Au final, <strong>l&rsquo;important n&rsquo;est pas de bannir mais de comprendre, choisir et se lib\u00e9rer des automatismes<\/strong>. Les plaisirs de la table ne tiennent pas dans un seul verre de lait, mais dans la richesse de nos choix et le respect de notre bien-\u00eatre.<\/p>\n<p>Le lait, longtemps consid\u00e9r\u00e9 comme une \u00e9vidence, devient aujourd&rsquo;hui un sujet \u00e0 part enti\u00e8re, objet d&rsquo;interrogations et de d\u00e9bats parfois passionn\u00e9s. Cette remise en question repr\u00e9sente une formidable occasion de repenser, sans culpabilit\u00e9, nos habitudes ancr\u00e9es, pour laisser plus de place \u00e0 la diversit\u00e9, \u00e0 la curiosit\u00e9 et \u00e0 la sant\u00e9\u2026 m\u00eame au c\u0153ur de l&rsquo;hiver fran\u00e7ais !<\/p>\n","protected":false},"excerpt":{"rendered":"Symbole de l&rsquo;enfance, compagnon des petits-d\u00e9jeuners d&rsquo;hiver et star incontest\u00e9e de la tartine, le lait occupe une place&hellip;\n","protected":false},"author":2,"featured_media":542584,"comment_status":"","ping_status":"","sticky":false,"template":"","format":"standard","meta":{"footnotes":""},"categories":[10],"tags":[1011,27,72,56,71],"class_list":{"0":"post-542583","1":"post","2":"type-post","3":"status-publish","4":"format-standard","5":"has-post-thumbnail","7":"category-sante","8":"tag-fr","9":"tag-france","10":"tag-health","11":"tag-push","12":"tag-sante"},"share_on_mastodon":{"url":"https:\/\/pubeurope.com\/@fr\/115571042917946521","error":""},"_links":{"self":[{"href":"https:\/\/www.europesays.com\/fr\/wp-json\/wp\/v2\/posts\/542583","targetHints":{"allow":["GET"]}}],"collection":[{"href":"https:\/\/www.europesays.com\/fr\/wp-json\/wp\/v2\/posts"}],"about":[{"href":"https:\/\/www.europesays.com\/fr\/wp-json\/wp\/v2\/types\/post"}],"author":[{"embeddable":true,"href":"https:\/\/www.europesays.com\/fr\/wp-json\/wp\/v2\/users\/2"}],"replies":[{"embeddable":true,"href":"https:\/\/www.europesays.com\/fr\/wp-json\/wp\/v2\/comments?post=542583"}],"version-history":[{"count":0,"href":"https:\/\/www.europesays.com\/fr\/wp-json\/wp\/v2\/posts\/542583\/revisions"}],"wp:featuredmedia":[{"embeddable":true,"href":"https:\/\/www.europesays.com\/fr\/wp-json\/wp\/v2\/media\/542584"}],"wp:attachment":[{"href":"https:\/\/www.europesays.com\/fr\/wp-json\/wp\/v2\/media?parent=542583"}],"wp:term":[{"taxonomy":"category","embeddable":true,"href":"https:\/\/www.europesays.com\/fr\/wp-json\/wp\/v2\/categories?post=542583"},{"taxonomy":"post_tag","embeddable":true,"href":"https:\/\/www.europesays.com\/fr\/wp-json\/wp\/v2\/tags?post=542583"}],"curies":[{"name":"wp","href":"https:\/\/api.w.org\/{rel}","templated":true}]}}