{"id":542589,"date":"2025-11-18T13:57:15","date_gmt":"2025-11-18T13:57:15","guid":{"rendered":"https:\/\/www.europesays.com\/fr\/542589\/"},"modified":"2025-11-18T13:57:15","modified_gmt":"2025-11-18T13:57:15","slug":"windows-10-bug-suite-a-la-premiere-mise-a-jour-esu-mais-microsoft-corrige-rapidement-le-tir-en-proposant-un-correctif-en-urgence-laptopspirit","status":"publish","type":"post","link":"https:\/\/www.europesays.com\/fr\/542589\/","title":{"rendered":"Windows 10 &#8211; Bug suite \u00e0 la premi\u00e8re mise \u00e0 jour ESU, mais Microsoft corrige rapidement le tir en proposant un correctif en urgence &#8211; LaptopSpirit"},"content":{"rendered":"<ol>\n<li><a href=\"https:\/\/news.google.com\/rss\/articles\/CBMi_AFBVV95cUxOdWE5U0duaHJHeXdjSmQ0MXhVY0pSSTdOOVgzNDZvZlpISzJTVzNUUVp1NndwZWcydkFRZ2pRZ09PWklkak5iYldERkN3ajZlcTR0Q1k1OXM3TU4xRzkzVWZZVmx5bklaTWM5MFc3aF84VXl0RWtzS2o3U2w0dmJVY3Z2Y1NfNUZLY2VSSnM5dEhlNmQySjFyRkxGRi13RWZKeG5PdS0zMk0wOG5FNmw2WHYzdXRTQzhBNVQ3dnlTNWI3cWZpUFJta196OTRSa2xMRHFlNEN3LVV0SE9fVWQ1NjdMUTRKcUQ5QXRGNjd5ZXJ2dHpGS3dRRnpKWlo?oc=5\" target=\"_blank\" rel=\"nofollow noopener\">Windows 10 &#8211; Bug suite \u00e0 la premi\u00e8re mise \u00e0 jour ESU, mais Microsoft corrige rapidement le tir en proposant un correctif en urgence<\/a>&nbsp;&nbsp;LaptopSpirit<\/li>\n<li><a href=\"https:\/\/news.google.com\/rss\/articles\/CBMivgFBVV95cUxPbFBOQUNzdFVIa3g0VWpRaGs1LV82NEh6NElCNXpzTXRSWGViY1BJZXBDeDQ0REh0a2FhTnFoSU5KZTJHX2R3bVY1TXI0SlFQXzRUZU5rM3E2UnpGUHoyRVpNMDVTZGtHZ3pBbjNGTTY2LVF2RXlaVmFHaDRLbUNmdjl2c0ZQVU11SDUwZUZwTzNkdncwVkRuT0VKekpkeTBzVlFhZnh0WWV1YjNid0h0V2x3SHNNM1RvMHhybTF3?oc=5\" target=\"_blank\" rel=\"nofollow noopener\">Fin des mises \u00e0 jour gratuites de Windows 10: quelles solutions?<\/a>&nbsp;&nbsp;RMC<\/li>\n<li><a href=\"https:\/\/news.google.com\/rss\/articles\/CBMi0wFBVV95cUxNNjI1QW9faU83RFlLcEllSS1zUExxOHR5blkwN29KZFdJS2o4LTZTTnEycmhUVGhuYmZnWURmaXF4OFRRc2t2VkN5dWNQcnBrMW9YZWNhUTBuNnFaSTkzRWRNRUVpVHZVSzFtVVN0NkVlTGx1N21STDhQNjhVR25Nc3VLSG1MTWtvS1BYQ3QwVERMeUZkbDd6M2Frd3JxLWNpbGxRX3FaNk9Jb0lIY2VWRTg2Rm5QWENjWGtqTXBGbWVIcnRQcWdmc05aZ1Q0LUNYdExN?oc=5\" target=\"_blank\" rel=\"nofollow noopener\">Windows 10 ESU : Microsoft d\u00e9ploie d\u00e9j\u00e0 un correctif d\u2019urgence pour les erreurs d\u2019installation<\/a>&nbsp;&nbsp;Clubic<\/li>\n<li><a href=\"https:\/\/news.google.com\/rss\/articles\/CBMinwFBVV95cUxNYzQtOHZMSEVTeldCQ2gxcDhRM21RYjlLZWJxZzl0blJtMkpFTUV6NjVsWjJseUoyVExpcXF1SGduckhhN045aWtkZ3pXdERGNVFlQW9aYWhUVW90ZExWVDV4akw0b2RUdS1iNVBmSFBxSmhsc2s1WWI0U0ZXTExsbERBTk9oMy1Pc3ppdDRpSWhTZ3pINFdNR0Jxd3g5UVHSAaQBQVVfeXFMTjBiZ19nYVR0N0k5UzZueXk1dzd0SEZmTTkxNzd6V1duMHNfZERId0VtQkVxX19aMkVZZThnRGdhcjBrMEpPaXFxMkh3eGNoTF91d2M3dDhtaWM5S1FiU3ZocXFMTDlQQ1hKdGk3dnQ5T1hEOENWVXVOMmxSanlPZEQyS3JsamRLekNEdjZCVXVTWjV3TEZ3N04wY1pHejdPV2JpWmk?oc=5\" target=\"_blank\" rel=\"nofollow noopener\">Le support payant de Windows 10 commence par un bug majeur<\/a>&nbsp;&nbsp;G\u00e9n\u00e9ration NT<\/li>\n<li><a href=\"https:\/\/news.google.com\/rss\/articles\/CBMipgFBVV95cUxQRlp4Mm0wd211RWZPWkhhTFltTUVwLVFpN29QMTE4SDBTcERDdEVhMjdhTUZtU0drSTNfS05LVmk5V0JxaUJTd05xNnlBQnNLekZDeURQTFgwSDA4akN5aE9EemdUbWQ4SHZxeXExdHV2aWdTZFlLRXlpY19wTzJCZDhXRUl3RzJBZ3pXTXdzdXhXUUJYZHBpbkJocGJaeDFqRUw4eDN3?oc=5\" target=\"_blank\" rel=\"nofollow noopener\">Alerte Windows : une faille critique du noyau est activement exploit\u00e9e par des pirates<\/a>&nbsp;&nbsp;01net.com<\/li>\n<\/ol>\n","protected":false},"excerpt":{"rendered":"Windows 10 &#8211; Bug suite \u00e0 la premi\u00e8re mise \u00e0 jour ESU, mais Microsoft corrige rapidement le tir&hellip;\n","protected":false},"author":2,"featured_media":395849,"comment_status":"","ping_status":"","sticky":false,"template":"","format":"standard","meta":{"footnotes":""},"categories":[7],"tags":[1011,27,43,40,41,39,42,44],"class_list":{"0":"post-542589","1":"post","2":"type-post","3":"status-publish","4":"format-standard","5":"has-post-thumbnail","7":"category-sciences-et-technologies","8":"tag-fr","9":"tag-france","10":"tag-science","11":"tag-science-and-technology","12":"tag-sciences","13":"tag-sciences-et-technologies","14":"tag-technologies","15":"tag-technology"},"share_on_mastodon":{"url":"https:\/\/pubeurope.com\/@fr\/115571054750791090","error":""},"_links":{"self":[{"href":"https:\/\/www.europesays.com\/fr\/wp-json\/wp\/v2\/posts\/542589","targetHints":{"allow":["GET"]}}],"collection":[{"href":"https:\/\/www.europesays.com\/fr\/wp-json\/wp\/v2\/posts"}],"about":[{"href":"https:\/\/www.europesays.com\/fr\/wp-json\/wp\/v2\/types\/post"}],"author":[{"embeddable":true,"href":"https:\/\/www.europesays.com\/fr\/wp-json\/wp\/v2\/users\/2"}],"replies":[{"embeddable":true,"href":"https:\/\/www.europesays.com\/fr\/wp-json\/wp\/v2\/comments?post=542589"}],"version-history":[{"count":0,"href":"https:\/\/www.europesays.com\/fr\/wp-json\/wp\/v2\/posts\/542589\/revisions"}],"wp:featuredmedia":[{"embeddable":true,"href":"https:\/\/www.europesays.com\/fr\/wp-json\/wp\/v2\/media\/395849"}],"wp:attachment":[{"href":"https:\/\/www.europesays.com\/fr\/wp-json\/wp\/v2\/media?parent=542589"}],"wp:term":[{"taxonomy":"category","embeddable":true,"href":"https:\/\/www.europesays.com\/fr\/wp-json\/wp\/v2\/categories?post=542589"},{"taxonomy":"post_tag","embeddable":true,"href":"https:\/\/www.europesays.com\/fr\/wp-json\/wp\/v2\/tags?post=542589"}],"curies":[{"name":"wp","href":"https:\/\/api.w.org\/{rel}","templated":true}]}}