{"id":542596,"date":"2025-11-18T14:03:11","date_gmt":"2025-11-18T14:03:11","guid":{"rendered":"https:\/\/www.europesays.com\/fr\/542596\/"},"modified":"2025-11-18T14:03:11","modified_gmt":"2025-11-18T14:03:11","slug":"sainte-barbe-une-5%e1%b5%89-edition-festive-et-familiale-ce-6-decembre-a-saint-etienne","status":"publish","type":"post","link":"https:\/\/www.europesays.com\/fr\/542596\/","title":{"rendered":"Sainte-Barbe : une 5\u1d49 \u00e9dition festive et familiale ce 6 d\u00e9cembre \u00e0 Saint-\u00c9tienne"},"content":{"rendered":"<p>Pour la 5\u1d49 ann\u00e9e cons\u00e9cutive, les commer\u00e7ants st\u00e9phanois se mobilisent aux c\u00f4t\u00e9s de l\u2019association Sainte Barbe pour proposer une journ\u00e9e enti\u00e8rement d\u00e9di\u00e9e \u00e0 la f\u00eate des mineurs. Cette \u00e9dition 2025 s\u2019annonce riche, avec plus de 60 \u00e9v\u00e9nements gratuits dans tout le centre-ville.&#13;\n<\/p>\n<p>Le<strong> 6 d\u00e9cembre<\/strong>, les temps forts habituels feront leur retour :<\/p>\n<p>&#8211; concerts et DJ sets dans les bars et restaurants,<br \/>&#8211; quiz et animations festives,<br \/>&#8211; menus sp\u00e9ciaux dans de nombreux \u00e9tablissements,<br \/>Autre rendez-vous tr\u00e8s attendu : le grand bal au Fil, ouvert de 23h \u00e0 4h30.<\/p>\n<p><strong>Nouveaut\u00e9 2025 : une programmation pour les enfants<\/strong><br \/>L\u2019association propose cette ann\u00e9e un programme pens\u00e9 pour les plus jeunes, afin de rendre la f\u00eate r\u00e9ellement accessible \u00e0 tous. Moment phare : le bal des petits mineurs, organis\u00e9 square Waldeck-Rousseau.<\/p>\n<p><strong>Le t-shirt 2025 d\u00e9j\u00e0 disponible<\/strong><br \/>Comme chaque ann\u00e9e, un t-shirt collector est propos\u00e9 \u00e0 la vente au prix de 22 \u20ac.<br \/>L\u2019\u00e9dition 2025 met en sc\u00e8ne les crassiers sous un grand soleil. Il est disponible :<\/p>\n<p>&#8211; \u00e0 l\u2019Office de tourisme,<br \/>&#8211; \u00e0 la boutique Trincamp.<br \/>\u00c0 noter : un <strong>nouveau maillot officiel Sainte Barbe<\/strong>, con\u00e7u en partenariat avec l\u2019<strong>ASSE<\/strong>, sera d\u00e9voil\u00e9 prochainement.<\/p>\n<\/p>\n<p>Programme \u00e0 retrouver sur le <a href=\"https:\/\/www.sainte-barbe.com\/\" target=\"_blank\" rel=\"noopener nofollow\">site de l&rsquo;association<\/a>.<br \/>C. Ercilla<\/p>\n","protected":false},"excerpt":{"rendered":"Pour la 5\u1d49 ann\u00e9e cons\u00e9cutive, les commer\u00e7ants st\u00e9phanois se mobilisent aux c\u00f4t\u00e9s de l\u2019association Sainte Barbe pour proposer&hellip;\n","protected":false},"author":2,"featured_media":542597,"comment_status":"","ping_status":"","sticky":false,"template":"","format":"standard","meta":{"footnotes":""},"categories":[9653],"tags":[1111,11,2430,1777,674,1011,27,12,25,4001],"class_list":{"0":"post-542596","1":"post","2":"type-post","3":"status-publish","4":"format-standard","5":"has-post-thumbnail","7":"category-saint-etienne","8":"tag-actu","9":"tag-actualites","10":"tag-auvergne-rhone-alpes","11":"tag-eu","12":"tag-europe","13":"tag-fr","14":"tag-france","15":"tag-news","16":"tag-republique-francaise","17":"tag-saint-etienne"},"share_on_mastodon":{"url":"https:\/\/pubeurope.com\/@fr\/115571078317858281","error":""},"_links":{"self":[{"href":"https:\/\/www.europesays.com\/fr\/wp-json\/wp\/v2\/posts\/542596","targetHints":{"allow":["GET"]}}],"collection":[{"href":"https:\/\/www.europesays.com\/fr\/wp-json\/wp\/v2\/posts"}],"about":[{"href":"https:\/\/www.europesays.com\/fr\/wp-json\/wp\/v2\/types\/post"}],"author":[{"embeddable":true,"href":"https:\/\/www.europesays.com\/fr\/wp-json\/wp\/v2\/users\/2"}],"replies":[{"embeddable":true,"href":"https:\/\/www.europesays.com\/fr\/wp-json\/wp\/v2\/comments?post=542596"}],"version-history":[{"count":0,"href":"https:\/\/www.europesays.com\/fr\/wp-json\/wp\/v2\/posts\/542596\/revisions"}],"wp:featuredmedia":[{"embeddable":true,"href":"https:\/\/www.europesays.com\/fr\/wp-json\/wp\/v2\/media\/542597"}],"wp:attachment":[{"href":"https:\/\/www.europesays.com\/fr\/wp-json\/wp\/v2\/media?parent=542596"}],"wp:term":[{"taxonomy":"category","embeddable":true,"href":"https:\/\/www.europesays.com\/fr\/wp-json\/wp\/v2\/categories?post=542596"},{"taxonomy":"post_tag","embeddable":true,"href":"https:\/\/www.europesays.com\/fr\/wp-json\/wp\/v2\/tags?post=542596"}],"curies":[{"name":"wp","href":"https:\/\/api.w.org\/{rel}","templated":true}]}}