{"id":542602,"date":"2025-11-18T14:06:18","date_gmt":"2025-11-18T14:06:18","guid":{"rendered":"https:\/\/www.europesays.com\/fr\/542602\/"},"modified":"2025-11-18T14:06:18","modified_gmt":"2025-11-18T14:06:18","slug":"asse-premiere-mauvaise-nouvelle-pour-les-verts-avant-nancy","status":"publish","type":"post","link":"https:\/\/www.europesays.com\/fr\/542602\/","title":{"rendered":"ASSE : premi\u00e8re mauvaise nouvelle pour les Verts avant Nancy\u00a0"},"content":{"rendered":"<p>La Ligue 2 s\u2019appr\u00eate \u00e0 vivre un choc \u00e9lectrique pour sa 15e journ\u00e9e : l\u2019AS Saint-\u00c9tienne accueille l\u2019AS Nancy Lorraine \u00e0 Geoffroy-Guichard, sous la direction d\u2019Azzedine Souifi, arbitre qui semble porter bonheur aux Lorrains.\u00a0<\/p>\n<p><strong>Un choc \u00e0 Geoffroy-Guichard sous surveillance<\/strong><\/p>\n<p>L\u2019opposition entre l\u2019ASSE et Nancy ne se limite pas \u00e0 un duel de tradition. Ce samedi soir, la nomination de <strong>Azzedine Souifi<\/strong>, 30 ans, attire aussi tous les regards. Jeune mais d\u00e9j\u00e0 aguerri, il sera pour la sixi\u00e8me fois chef d\u2019orchestre d\u2019une rencontre impliquant l\u2019ASNL, tandis que Saint-\u00c9tienne le retrouvera sur sa pelouse.<\/p>\n<p><strong>Un arbitre et des s\u00e9ries : Nancy sourit, Saint\u00e9 moins<\/strong><\/p>\n<p>C\u2019est le fil rouge de cette confrontation : l\u2019ASNL n\u2019a pas encore connu la d\u00e9faite avec <strong>Souifi<\/strong> au sifflet (4 victoires, 2 nuls). Cette s\u00e9rie d\u2019invincibilit\u00e9 accro\u00eet la confiance lorraine et ajoute une dimension psychologique non n\u00e9gligeable avant de d\u00e9fier des Verts en qu\u00eate de stabilit\u00e9.<\/p>\n<p>C\u00f4t\u00e9 st\u00e9phanois, le v\u00e9cu est plus contrast\u00e9 : leur premi\u00e8re sortie arbitr\u00e9e par Souifi s\u2019est sold\u00e9e par un revers (2-3 face \u00e0 Lens). Mais depuis, les Verts ont montr\u00e9 du caract\u00e8re lors de leurs retrouvailles : succ\u00e8s \u00e9clatant \u00e0 Charl\u00e9ty (4-2 contre Paris FC), partage des points \u00e0 Annecy, puis large victoire face \u00e0 Troyes (5-0).<\/p>\n<p><strong>Les r\u00e9sultats marquants avec Souifi<\/strong><\/p>\n<p>Pour Nancy, l\u2019arriv\u00e9e de Souifi rime avec s\u00e9r\u00e9nit\u00e9 : toutes comp\u00e9titions confondues, aucun revers n\u2019a entach\u00e9 le passage de l\u2019arbitre. Une forme de talisman qui assoit le collectif et pourrait peser dans la gestion \u00e9motionnelle du groupe sur la pelouse bouillante de Saint-\u00c9tienne.<\/p>\n<p>\u00c0 l\u2019oppos\u00e9, la derni\u00e8re prestation de l\u2019ASSE sous la houlette de cet arbitre s\u2019est transform\u00e9e en d\u00e9monstration offensive \u00e0 Geoffroy-Guichard contre Troyes. Ce regain pourrait-il annoncer une inversion de tendance ? Pour d\u2019autres \u00e9quipes, les d\u00e9cisions arbitrales pr\u00e9c\u00e9dentes restent parfois un sujet br\u00fblant, comme l\u2019illustre le r\u00e9cent <a href=\"https:\/\/www.butfootballclub.fr\/627335-ol-psg-la-direction-de-larbitrage-a-rendu-son-verdict-les-lyonnais-vont-devenir-fous\/\" target=\"_blank\" rel=\"noopener\">verdict d\u2019Amaury Delerue sur les d\u00e9cisions arbitrales lors du match OL-PSG<\/a>.<\/p>\n<p><strong>Les dynamiques actuelles avant la 15e journ\u00e9e<\/strong><\/p>\n<p>\u00c0 l\u2019approche de la tr\u00eave hivernale, les dynamiques se pr\u00e9cisent : Nancy, \u00e9prouvant moins de secousses quand Souifi arbitre, s\u2019avance avec s\u00e9r\u00e9nit\u00e9, tandis que l\u2019ASSE cherche \u00e0 valider son renouveau apr\u00e8s un d\u00e9but de saison sinueux. Les derni\u00e8res prestations de chaque camp laissent augurer une bataille serr\u00e9e, chaque d\u00e9tail pouvant compter.<\/p>\n<p><strong>Enjeux et pression autour du sifflet<\/strong><\/p>\n<p>Jamais l\u2019apport de l\u2019arbitrage n\u2019a sembl\u00e9 aussi central. En invaincu sous Souifi, Nancy entre dans le chaudron st\u00e9phanois avec l\u2019espoir d\u2019entretenir la s\u00e9rie, r\u00eavant d\u2019un nouveau coup d\u2019\u00e9clat l\u00e0 o\u00f9 peu s\u2019imposent. Du c\u00f4t\u00e9 de Saint-\u00c9tienne, la n\u00e9cessit\u00e9 de casser ce signe indien se conjugue \u00e0 la volont\u00e9 de rester dans la course, dans un environnement o\u00f9 la moindre d\u00e9cision peut faire pencher la balance.<\/p>\n<p>La cl\u00e9 de ce duel pourrait bien se situer autour du sifflet de Souifi, dont la gestion pourrait influencer l\u2019issue bien au-del\u00e0 des simples statistiques. Reste \u00e0 savoir si la r\u00e9ussite nanc\u00e9ienne perdurera ou si les Verts parviendront \u00e0 briser la dynamique, sous l\u2019\u0153il attentif de toute la Ligue 2\u2026 Pour d\u00e9couvrir comment l\u2019arbitrage fran\u00e7ais pourrait \u00e9voluer au sommet, consultez \u00e9galement cette analyse sur <a href=\"https:\/\/www.lequipe.fr\/Football\/Article\/Amaury-delerue-ou-le-suedois-peter-frojdfeldt-pour-succeder-a-stephane-lannoy-a-la-tete-de-l-arbitrage-pro-francais\/1477375\" target=\"_blank\" rel=\"noopener\">la succession \u00e0 la direction de l\u2019arbitrage professionnel<\/a>.<\/p>\n","protected":false},"excerpt":{"rendered":"La Ligue 2 s\u2019appr\u00eate \u00e0 vivre un choc \u00e9lectrique pour sa 15e journ\u00e9e : l\u2019AS Saint-\u00c9tienne accueille l\u2019AS&hellip;\n","protected":false},"author":2,"featured_media":519802,"comment_status":"","ping_status":"","sticky":false,"template":"","format":"standard","meta":{"footnotes":""},"categories":[9635],"tags":[1111,11,448,1777,674,63,1011,27,775,66,3388,1702,12,25,10662],"class_list":{"0":"post-542602","1":"post","2":"type-post","3":"status-publish","4":"format-standard","5":"has-post-thumbnail","7":"category-nancy","8":"tag-actu","9":"tag-actualites","10":"tag-champions-league","11":"tag-eu","12":"tag-europe","13":"tag-football","14":"tag-fr","15":"tag-france","16":"tag-grand-est","17":"tag-ligue-1","18":"tag-matchs","19":"tag-nancy","20":"tag-news","21":"tag-republique-francaise","22":"tag-transferts"},"share_on_mastodon":{"url":"https:\/\/pubeurope.com\/@fr\/115571090025485595","error":""},"_links":{"self":[{"href":"https:\/\/www.europesays.com\/fr\/wp-json\/wp\/v2\/posts\/542602","targetHints":{"allow":["GET"]}}],"collection":[{"href":"https:\/\/www.europesays.com\/fr\/wp-json\/wp\/v2\/posts"}],"about":[{"href":"https:\/\/www.europesays.com\/fr\/wp-json\/wp\/v2\/types\/post"}],"author":[{"embeddable":true,"href":"https:\/\/www.europesays.com\/fr\/wp-json\/wp\/v2\/users\/2"}],"replies":[{"embeddable":true,"href":"https:\/\/www.europesays.com\/fr\/wp-json\/wp\/v2\/comments?post=542602"}],"version-history":[{"count":0,"href":"https:\/\/www.europesays.com\/fr\/wp-json\/wp\/v2\/posts\/542602\/revisions"}],"wp:featuredmedia":[{"embeddable":true,"href":"https:\/\/www.europesays.com\/fr\/wp-json\/wp\/v2\/media\/519802"}],"wp:attachment":[{"href":"https:\/\/www.europesays.com\/fr\/wp-json\/wp\/v2\/media?parent=542602"}],"wp:term":[{"taxonomy":"category","embeddable":true,"href":"https:\/\/www.europesays.com\/fr\/wp-json\/wp\/v2\/categories?post=542602"},{"taxonomy":"post_tag","embeddable":true,"href":"https:\/\/www.europesays.com\/fr\/wp-json\/wp\/v2\/tags?post=542602"}],"curies":[{"name":"wp","href":"https:\/\/api.w.org\/{rel}","templated":true}]}}